{"id":1009,"date":"2022-05-03T21:44:22","date_gmt":"2022-05-03T21:44:22","guid":{"rendered":"https:\/\/www.edifica.com.bo\/?p=1009"},"modified":"2022-05-03T21:44:27","modified_gmt":"2022-05-03T21:44:27","slug":"orlando-suarez-aportamos-al-desarrollo-con-esfuerzo-y-tecnologia","status":"publish","type":"post","link":"https:\/\/www.edifica.com.bo\/?p=1009","title":{"rendered":"Orlando Su\u00e1rez: \u201cAportamos al desarrollo  con esfuerzo y tecnolog\u00eda\u201d"},"content":{"rendered":"\n<h2 class=\"wp-block-heading\">Tras cumplir 31 a\u00f1os de operaciones en el mercado boliviano, la Constructora Mediterr\u00e1neo recibi\u00f3 el reconocimiento \u201cMerito Empresarial\u201d de Cadecocruz. <\/h2>\n\n\n\n<p>En el marco de la posesi\u00f3n de la nueva directiva de la C\u00e1mara de la Construcci\u00f3n de Santa Cruz (Cadecocruz), la Constructora Mediterr\u00e1neo S.R.L. recibi\u00f3 el reconocimiento \u201cMerito Empresarial\u201d.<\/p>\n\n\n\n<p>Esta empresa cruce\u00f1a que lleva m\u00e1s de 30 a\u00f1os desarrollando proyectos, fusionando tecnolog\u00eda y calidad, marcando hitos con sistemas constructivos innovadores, con edificios inteligentes y numerosas obras que impulsan el progreso de la metr\u00f3poli, es liderada por su socio fundador y gerente General, Orlando Su\u00e1rez Guillaux, quien destac\u00f3 el aporte al desarrollo y crecimiento de Santa Cruz. Constructora Mediterr\u00e1neo ha logrado posicionarse en la era de los edificios inteligentes.<\/p>\n\n\n\n<p><strong>\u00bfQu\u00e9 significa el reconocimiento al m\u00e9rito otorgado por la C\u00e1mara de la Construcci\u00f3n de Santa Cruz?<\/strong><br>Hemos cumplido 31 a\u00f1os en el rubro de la construcci\u00f3n. Este reconocimiento lo recibimos con mucha satisfacci\u00f3n a nombre de toda la gente que conforma la empresa; los ingenieros, los obreros, la planta administrativa, en fin (\u2026) es un reconocimiento a gran labor que desempe\u00f1amos acompa\u00f1ando el crecimiento y desarrollo de Santa Cruz.<\/p>\n\n\n\n<p><strong>\u00bfTiene que ver con las obras que han desarrollado en el departamento y el pa\u00eds? <\/strong><\/p>\n\n\n\n<p>Por ejemplo, una de ellas es Manzana 40, que recientemente fue nombrada como la Obra del A\u00f1o 2022.<br>Si, correcto. Como todo el crecimiento de esta ciudad, empezamos como una empresa chica, y mil\u00edmetro a mil\u00edmetro hemos ido construyendo parte del desarrollo de esta gran ciudad.<\/p>\n\n\n\n<p>En la actualidad estamos ejecutando obras muy importantes en la ciudad contribuyendo al desarrollo y crecimiento del pa\u00eds.<br>Creemos que estamos aportando con mucho esfuerzo, con mucho conocimiento y tecnolog\u00eda de punta y con profesionales muy bien formados a nivel de cualquier parte del mundo.<\/p>\n\n\n\n<p><strong>Algo muy importante que se est\u00e1 aplicando es la construcci\u00f3n sostenible. Qu\u00e9 tipo de tecnolog\u00eda utiliza en sus obras?<\/strong><\/p>\n\n\n\n<p>La construcci\u00f3n sostenible involucra muchos factores, desde el mismo dise\u00f1o y herramientas, materiales cada vez m\u00e1s avanzados y la filosof\u00eda del equipo profesional que lo lleva adelante es que conseguimos eficiencia en t\u00e9rminos de consumo energ\u00e9tico.<\/p>\n\n\n\n<p><strong>Cuando usted dice eficiencia en el consumo energ\u00e9tico, \u00bfC\u00f3mo incide sus obras?<\/strong><\/p>\n\n\n\n<p>En la actualidad la mayor demanda que existe es la generaci\u00f3n de energ\u00eda, entonces todos estamos obligados a subirnos al barco de la racionalizaci\u00f3n y optimizaci\u00f3n de los recursos energ\u00e9ticos.<\/p>\n\n\n\n<p><strong>\u00bfCu\u00e1l es la proyecci\u00f3n para esta gesti\u00f3n, tanto en obras propias o licitaciones?<\/strong><\/p>\n\n\n\n<p>Estamos con bastantes obras, la din\u00e1mica del sector de la construcci\u00f3n en Santa Cruz es muy grande, la actitud de hacer las cosas es lo mejor que tiene este pueblo.<\/p>\n\n\n\n<p>En este momento estamos desarrollando uno de los proyectos m\u00e1s importantes para Santa Cruz, como es el Green Tower, Cl\u00ednica Las Am\u00e9ricas, as\u00ed como el Hotel Los Tajibos.<\/p>\n\n\n\n<p>Adem\u00e1s estamos construyendo naves industriales y proyectos de inversi\u00f3n propia como edificios de departamento, viviendas, condominios y otros para privados.<\/p>\n\n\n\n<p>Tenemos una cartera importante de proyectos en desarrollo y somos optimistas.<\/p>\n\n\n\n<p><strong>\u00bfCu\u00e1l es la trayectoria de Mediterr\u00e1neo durante sus 31 a\u00f1os de vida en el mercado boliviano?<\/strong><\/p>\n\n\n\n<p>Cuando iniciamos nuestras operaciones hace m\u00e1s de 30 a\u00f1os, \u00e9ramos apenas 4 personas y hoy tenemos un plantel de 65 personas, y ocupamos alrededor de 500 obreros.<\/p>\n","protected":false},"excerpt":{"rendered":"<p>Tras cumplir 31 a\u00f1os de operaciones en el mercado boliviano, la Constructora Mediterr\u00e1neo recibi\u00f3 el reconocimiento \u201cMerito Empresarial\u201d de Cadecocruz. En el marco de la posesi\u00f3n de la nueva directiva de la C\u00e1mara de la Construcci\u00f3n de Santa Cruz (Cadecocruz), la Constructora Mediterr\u00e1neo S.R.L. recibi\u00f3 el reconocimiento \u201cMerito Empresarial\u201d. Esta empresa cruce\u00f1a que lleva m\u00e1s &hellip;<\/p>\n","protected":false},"author":3,"featured_media":1010,"comment_status":"open","ping_status":"open","sticky":false,"template":"","format":"standard","meta":{"footnotes":""},"categories":[32],"tags":[],"yoast_head":"<!-- This site is optimized with the Yoast SEO plugin v21.9.1 - https:\/\/yoast.com\/wordpress\/plugins\/seo\/ -->\n<title>Orlando Su\u00e1rez: \u201cAportamos al desarrollo con esfuerzo y tecnolog\u00eda\u201d - Edifica Press<\/title>\n<meta name=\"robots\" content=\"index, follow, max-snippet:-1, max-image-preview:large, max-video-preview:-1\" \/>\n<link rel=\"canonical\" href=\"https:\/\/www.edifica.com.bo\/?p=1009\" \/>\n<meta property=\"og:locale\" content=\"es_ES\" \/>\n<meta property=\"og:type\" content=\"article\" \/>\n<meta property=\"og:title\" content=\"Orlando Su\u00e1rez: \u201cAportamos al desarrollo con esfuerzo y tecnolog\u00eda\u201d - Edifica Press\" \/>\n<meta property=\"og:description\" content=\"Tras cumplir 31 a\u00f1os de operaciones en el mercado boliviano, la Constructora Mediterr\u00e1neo recibi\u00f3 el reconocimiento \u201cMerito Empresarial\u201d de Cadecocruz. En el marco de la posesi\u00f3n de la nueva directiva de la C\u00e1mara de la Construcci\u00f3n de Santa Cruz (Cadecocruz), la Constructora Mediterr\u00e1neo S.R.L. recibi\u00f3 el reconocimiento \u201cMerito Empresarial\u201d. Esta empresa cruce\u00f1a que lleva m\u00e1s &hellip;\" \/>\n<meta property=\"og:url\" content=\"https:\/\/www.edifica.com.bo\/?p=1009\" \/>\n<meta property=\"og:site_name\" content=\"Edifica Press\" \/>\n<meta property=\"article:publisher\" content=\"https:\/\/www.facebook.com\/NegociosPressBolivia\" \/>\n<meta property=\"article:published_time\" content=\"2022-05-03T21:44:22+00:00\" \/>\n<meta property=\"article:modified_time\" content=\"2022-05-03T21:44:27+00:00\" \/>\n<meta property=\"og:image\" content=\"https:\/\/www.edifica.com.bo\/wp-content\/uploads\/2022\/05\/web-1.jpg\" \/>\n\t<meta property=\"og:image:width\" content=\"1152\" \/>\n\t<meta property=\"og:image:height\" content=\"864\" \/>\n\t<meta property=\"og:image:type\" content=\"image\/jpeg\" \/>\n<meta name=\"author\" content=\"Yandira Toledo\" \/>\n<meta name=\"twitter:card\" content=\"summary_large_image\" \/>\n<meta name=\"twitter:label1\" content=\"Escrito por\" \/>\n\t<meta name=\"twitter:data1\" content=\"Yandira Toledo\" \/>\n\t<meta name=\"twitter:label2\" content=\"Tiempo de lectura\" \/>\n\t<meta name=\"twitter:data2\" content=\"3 minutos\" \/>\n<script type=\"application\/ld+json\" class=\"yoast-schema-graph\">{\"@context\":\"https:\/\/schema.org\",\"@graph\":[{\"@type\":\"Article\",\"@id\":\"https:\/\/www.edifica.com.bo\/?p=1009#article\",\"isPartOf\":{\"@id\":\"https:\/\/www.edifica.com.bo\/?p=1009\"},\"author\":{\"name\":\"Yandira Toledo\",\"@id\":\"https:\/\/www.edifica.com.bo\/#\/schema\/person\/115d63d49a533166b9aed20f704f4c6c\"},\"headline\":\"Orlando Su\u00e1rez: \u201cAportamos al desarrollo con esfuerzo y tecnolog\u00eda\u201d\",\"datePublished\":\"2022-05-03T21:44:22+00:00\",\"dateModified\":\"2022-05-03T21:44:27+00:00\",\"mainEntityOfPage\":{\"@id\":\"https:\/\/www.edifica.com.bo\/?p=1009\"},\"wordCount\":594,\"commentCount\":0,\"publisher\":{\"@id\":\"https:\/\/www.edifica.com.bo\/#organization\"},\"articleSection\":[\"ENTREVISTA\"],\"inLanguage\":\"es\",\"potentialAction\":[{\"@type\":\"CommentAction\",\"name\":\"Comment\",\"target\":[\"https:\/\/www.edifica.com.bo\/?p=1009#respond\"]}]},{\"@type\":\"WebPage\",\"@id\":\"https:\/\/www.edifica.com.bo\/?p=1009\",\"url\":\"https:\/\/www.edifica.com.bo\/?p=1009\",\"name\":\"Orlando Su\u00e1rez: \u201cAportamos al desarrollo con esfuerzo y tecnolog\u00eda\u201d - Edifica Press\",\"isPartOf\":{\"@id\":\"https:\/\/www.edifica.com.bo\/#website\"},\"datePublished\":\"2022-05-03T21:44:22+00:00\",\"dateModified\":\"2022-05-03T21:44:27+00:00\",\"breadcrumb\":{\"@id\":\"https:\/\/www.edifica.com.bo\/?p=1009#breadcrumb\"},\"inLanguage\":\"es\",\"potentialAction\":[{\"@type\":\"ReadAction\",\"target\":[\"https:\/\/www.edifica.com.bo\/?p=1009\"]}]},{\"@type\":\"BreadcrumbList\",\"@id\":\"https:\/\/www.edifica.com.bo\/?p=1009#breadcrumb\",\"itemListElement\":[{\"@type\":\"ListItem\",\"position\":1,\"name\":\"Portada\",\"item\":\"https:\/\/www.edifica.com.bo\/\"},{\"@type\":\"ListItem\",\"position\":2,\"name\":\"Orlando Su\u00e1rez: \u201cAportamos al desarrollo con esfuerzo y tecnolog\u00eda\u201d\"}]},{\"@type\":\"WebSite\",\"@id\":\"https:\/\/www.edifica.com.bo\/#website\",\"url\":\"https:\/\/www.edifica.com.bo\/\",\"name\":\"Edifica Press\",\"description\":\"Revista Periodistica\",\"publisher\":{\"@id\":\"https:\/\/www.edifica.com.bo\/#organization\"},\"potentialAction\":[{\"@type\":\"SearchAction\",\"target\":{\"@type\":\"EntryPoint\",\"urlTemplate\":\"https:\/\/www.edifica.com.bo\/?s={search_term_string}\"},\"query-input\":\"required name=search_term_string\"}],\"inLanguage\":\"es\"},{\"@type\":\"Organization\",\"@id\":\"https:\/\/www.edifica.com.bo\/#organization\",\"name\":\"Edifica Press\",\"url\":\"https:\/\/www.edifica.com.bo\/\",\"logo\":{\"@type\":\"ImageObject\",\"inLanguage\":\"es\",\"@id\":\"https:\/\/www.edifica.com.bo\/#\/schema\/logo\/image\/\",\"url\":\"https:\/\/www.edifica.com.bo\/wp-content\/uploads\/2022\/04\/LOGO-EDIFICAPRESS2022.jpg\",\"contentUrl\":\"https:\/\/www.edifica.com.bo\/wp-content\/uploads\/2022\/04\/LOGO-EDIFICAPRESS2022.jpg\",\"width\":1200,\"height\":200,\"caption\":\"Edifica Press\"},\"image\":{\"@id\":\"https:\/\/www.edifica.com.bo\/#\/schema\/logo\/image\/\"},\"sameAs\":[\"https:\/\/www.facebook.com\/NegociosPressBolivia\"]},{\"@type\":\"Person\",\"@id\":\"https:\/\/www.edifica.com.bo\/#\/schema\/person\/115d63d49a533166b9aed20f704f4c6c\",\"name\":\"Yandira Toledo\",\"image\":{\"@type\":\"ImageObject\",\"inLanguage\":\"es\",\"@id\":\"https:\/\/www.edifica.com.bo\/#\/schema\/person\/image\/\",\"url\":\"https:\/\/secure.gravatar.com\/avatar\/ea966cd6bbbe46cf393468ac8bc1bdcc?s=96&d=mm&r=g\",\"contentUrl\":\"https:\/\/secure.gravatar.com\/avatar\/ea966cd6bbbe46cf393468ac8bc1bdcc?s=96&d=mm&r=g\",\"caption\":\"Yandira Toledo\"},\"sameAs\":[\"http:\/\/www.edifica.com.bo\"],\"url\":\"https:\/\/www.edifica.com.bo\/?author=3\"}]}<\/script>\n<!-- \/ Yoast SEO plugin. -->","yoast_head_json":{"title":"Orlando Su\u00e1rez: \u201cAportamos al desarrollo con esfuerzo y tecnolog\u00eda\u201d - Edifica Press","robots":{"index":"index","follow":"follow","max-snippet":"max-snippet:-1","max-image-preview":"max-image-preview:large","max-video-preview":"max-video-preview:-1"},"canonical":"https:\/\/www.edifica.com.bo\/?p=1009","og_locale":"es_ES","og_type":"article","og_title":"Orlando Su\u00e1rez: \u201cAportamos al desarrollo con esfuerzo y tecnolog\u00eda\u201d - Edifica Press","og_description":"Tras cumplir 31 a\u00f1os de operaciones en el mercado boliviano, la Constructora Mediterr\u00e1neo recibi\u00f3 el reconocimiento \u201cMerito Empresarial\u201d de Cadecocruz. En el marco de la posesi\u00f3n de la nueva directiva de la C\u00e1mara de la Construcci\u00f3n de Santa Cruz (Cadecocruz), la Constructora Mediterr\u00e1neo S.R.L. recibi\u00f3 el reconocimiento \u201cMerito Empresarial\u201d. Esta empresa cruce\u00f1a que lleva m\u00e1s &hellip;","og_url":"https:\/\/www.edifica.com.bo\/?p=1009","og_site_name":"Edifica Press","article_publisher":"https:\/\/www.facebook.com\/NegociosPressBolivia","article_published_time":"2022-05-03T21:44:22+00:00","article_modified_time":"2022-05-03T21:44:27+00:00","og_image":[{"width":1152,"height":864,"url":"https:\/\/www.edifica.com.bo\/wp-content\/uploads\/2022\/05\/web-1.jpg","type":"image\/jpeg"}],"author":"Yandira Toledo","twitter_card":"summary_large_image","twitter_misc":{"Escrito por":"Yandira Toledo","Tiempo de lectura":"3 minutos"},"schema":{"@context":"https:\/\/schema.org","@graph":[{"@type":"Article","@id":"https:\/\/www.edifica.com.bo\/?p=1009#article","isPartOf":{"@id":"https:\/\/www.edifica.com.bo\/?p=1009"},"author":{"name":"Yandira Toledo","@id":"https:\/\/www.edifica.com.bo\/#\/schema\/person\/115d63d49a533166b9aed20f704f4c6c"},"headline":"Orlando Su\u00e1rez: \u201cAportamos al desarrollo con esfuerzo y tecnolog\u00eda\u201d","datePublished":"2022-05-03T21:44:22+00:00","dateModified":"2022-05-03T21:44:27+00:00","mainEntityOfPage":{"@id":"https:\/\/www.edifica.com.bo\/?p=1009"},"wordCount":594,"commentCount":0,"publisher":{"@id":"https:\/\/www.edifica.com.bo\/#organization"},"articleSection":["ENTREVISTA"],"inLanguage":"es","potentialAction":[{"@type":"CommentAction","name":"Comment","target":["https:\/\/www.edifica.com.bo\/?p=1009#respond"]}]},{"@type":"WebPage","@id":"https:\/\/www.edifica.com.bo\/?p=1009","url":"https:\/\/www.edifica.com.bo\/?p=1009","name":"Orlando Su\u00e1rez: \u201cAportamos al desarrollo con esfuerzo y tecnolog\u00eda\u201d - Edifica Press","isPartOf":{"@id":"https:\/\/www.edifica.com.bo\/#website"},"datePublished":"2022-05-03T21:44:22+00:00","dateModified":"2022-05-03T21:44:27+00:00","breadcrumb":{"@id":"https:\/\/www.edifica.com.bo\/?p=1009#breadcrumb"},"inLanguage":"es","potentialAction":[{"@type":"ReadAction","target":["https:\/\/www.edifica.com.bo\/?p=1009"]}]},{"@type":"BreadcrumbList","@id":"https:\/\/www.edifica.com.bo\/?p=1009#breadcrumb","itemListElement":[{"@type":"ListItem","position":1,"name":"Portada","item":"https:\/\/www.edifica.com.bo\/"},{"@type":"ListItem","position":2,"name":"Orlando Su\u00e1rez: \u201cAportamos al desarrollo con esfuerzo y tecnolog\u00eda\u201d"}]},{"@type":"WebSite","@id":"https:\/\/www.edifica.com.bo\/#website","url":"https:\/\/www.edifica.com.bo\/","name":"Edifica Press","description":"Revista Periodistica","publisher":{"@id":"https:\/\/www.edifica.com.bo\/#organization"},"potentialAction":[{"@type":"SearchAction","target":{"@type":"EntryPoint","urlTemplate":"https:\/\/www.edifica.com.bo\/?s={search_term_string}"},"query-input":"required name=search_term_string"}],"inLanguage":"es"},{"@type":"Organization","@id":"https:\/\/www.edifica.com.bo\/#organization","name":"Edifica Press","url":"https:\/\/www.edifica.com.bo\/","logo":{"@type":"ImageObject","inLanguage":"es","@id":"https:\/\/www.edifica.com.bo\/#\/schema\/logo\/image\/","url":"https:\/\/www.edifica.com.bo\/wp-content\/uploads\/2022\/04\/LOGO-EDIFICAPRESS2022.jpg","contentUrl":"https:\/\/www.edifica.com.bo\/wp-content\/uploads\/2022\/04\/LOGO-EDIFICAPRESS2022.jpg","width":1200,"height":200,"caption":"Edifica Press"},"image":{"@id":"https:\/\/www.edifica.com.bo\/#\/schema\/logo\/image\/"},"sameAs":["https:\/\/www.facebook.com\/NegociosPressBolivia"]},{"@type":"Person","@id":"https:\/\/www.edifica.com.bo\/#\/schema\/person\/115d63d49a533166b9aed20f704f4c6c","name":"Yandira Toledo","image":{"@type":"ImageObject","inLanguage":"es","@id":"https:\/\/www.edifica.com.bo\/#\/schema\/person\/image\/","url":"https:\/\/secure.gravatar.com\/avatar\/ea966cd6bbbe46cf393468ac8bc1bdcc?s=96&d=mm&r=g","contentUrl":"https:\/\/secure.gravatar.com\/avatar\/ea966cd6bbbe46cf393468ac8bc1bdcc?s=96&d=mm&r=g","caption":"Yandira Toledo"},"sameAs":["http:\/\/www.edifica.com.bo"],"url":"https:\/\/www.edifica.com.bo\/?author=3"}]}},"_links":{"self":[{"href":"https:\/\/www.edifica.com.bo\/index.php?rest_route=\/wp\/v2\/posts\/1009"}],"collection":[{"href":"https:\/\/www.edifica.com.bo\/index.php?rest_route=\/wp\/v2\/posts"}],"about":[{"href":"https:\/\/www.edifica.com.bo\/index.php?rest_route=\/wp\/v2\/types\/post"}],"author":[{"embeddable":true,"href":"https:\/\/www.edifica.com.bo\/index.php?rest_route=\/wp\/v2\/users\/3"}],"replies":[{"embeddable":true,"href":"https:\/\/www.edifica.com.bo\/index.php?rest_route=%2Fwp%2Fv2%2Fcomments&post=1009"}],"version-history":[{"count":1,"href":"https:\/\/www.edifica.com.bo\/index.php?rest_route=\/wp\/v2\/posts\/1009\/revisions"}],"predecessor-version":[{"id":1011,"href":"https:\/\/www.edifica.com.bo\/index.php?rest_route=\/wp\/v2\/posts\/1009\/revisions\/1011"}],"wp:featuredmedia":[{"embeddable":true,"href":"https:\/\/www.edifica.com.bo\/index.php?rest_route=\/wp\/v2\/media\/1010"}],"wp:attachment":[{"href":"https:\/\/www.edifica.com.bo\/index.php?rest_route=%2Fwp%2Fv2%2Fmedia&parent=1009"}],"wp:term":[{"taxonomy":"category","embeddable":true,"href":"https:\/\/www.edifica.com.bo\/index.php?rest_route=%2Fwp%2Fv2%2Fcategories&post=1009"},{"taxonomy":"post_tag","embeddable":true,"href":"https:\/\/www.edifica.com.bo\/index.php?rest_route=%2Fwp%2Fv2%2Ftags&post=1009"}],"curies":[{"name":"wp","href":"https:\/\/api.w.org\/{rel}","templated":true}]}}