{"id":1100,"date":"2022-11-02T20:44:05","date_gmt":"2022-11-02T20:44:05","guid":{"rendered":"https:\/\/www.edifica.com.bo\/?p=1100"},"modified":"2022-11-02T20:44:08","modified_gmt":"2022-11-02T20:44:08","slug":"jorge-franco-urge-actualizar-las-normativas-de-urbanismo","status":"publish","type":"post","link":"https:\/\/www.edifica.com.bo\/?p=1100","title":{"rendered":"Jorge Franco: &#8220;Urge actualizar las normativas de urbanismo&#8221;"},"content":{"rendered":"\n<h2 class=\"wp-block-heading\">El recientemente elegido y posesionado presidente de la SIB SC, insta al municipio a realizar las reuniones de las comisiones de forma m\u00e1s seguida para actualizar las normativas que ya fueron observadas.<\/h2>\n\n\n\n<p><strong>\u2014\u00bfCu\u00e1les son los desaf\u00edos que tiene la SIB a partir de su nueva gesti\u00f3n?<\/strong><br>El desaf\u00edo para esta nueva gesti\u00f3n es consolidar a la SIB-SC como un referente t\u00e9cnico ante la opini\u00f3n p\u00fablica, ya que, si bien la instituci\u00f3n siempre ha contribuido con la sociedad y los poderes p\u00fablicos a trav\u00e9s del apoyo t\u00e9cnico, en esta gesti\u00f3n esperamos que ese aporte y opini\u00f3n t\u00e9cnica sean una referencia que coadyuve en la soluci\u00f3n de problemas desde una perspectiva imparcial que contribuya a soluciones de calidad en las distintas \u00e1reas de nuestra competencia.<br><\/p>\n\n\n\n<p><strong>\u2014\u00bfC\u00f3mo contribuye la SIB al desarrollo del pa\u00eds o la regi\u00f3n?<\/strong><br>La SIB-SC tiene una gran fortaleza y es que puede aportar a diferentes problemas de la sociedad, ya que cuenta con muchas especialidades de la ingenier\u00eda en su interior, lo que la califica para poder aportar en diferentes \u00e1reas con un aporte s\u00f3lido y especializado. Es por esto que a trav\u00e9s de nuestros especialistas contribuimos con soluciones integrales desde una perspectiva t\u00e9cnica y calificada.<br><\/p>\n\n\n\n<p><strong>\u2014\u00bfConsidera que Santa Cruz tiene un crecimiento urbano acorde a un plan de largo plazo? \u00bfA qu\u00e9 se enfrenta en los siguientes a\u00f1os?<\/strong><br>Por lo general el crecimiento vertiginoso desborda la planificaci\u00f3n, es necesario mayores esfuerzos de planificaci\u00f3n urbana por parte del municipio con acompa\u00f1amiento de los sectores profesionales. Nos enfrentamos a mayores problemas de transporte, de disponibilidad de gas y de agua. Es menester el concurso de las entidades t\u00e9cnicas como lo hace la SIB-SC con el Consejo Consultivo T\u00e9cnico departamental, con el Instituto de Investigaci\u00f3n Metropolitano, con el Instituto de Sismolog\u00eda Cruce\u00f1o, Observatorio de Movilidad Urbano, Observatorio del agua, C\u00f3digo e Urbanismo y Obra y muchos m\u00e1s.<br><\/p>\n\n\n\n<p><strong>\u2014\u00bfCu\u00e1l es la importancia en la planificaci\u00f3n urbana y su impacto en la calidad de vida?<\/strong><br>La planificaci\u00f3n tiene por objetivo la priorizaci\u00f3n de escasos recursos ante necesidades m\u00faltiples, por ello la SIB analiza, estudia y propone soluciones ante los desaf\u00edos urbanos para que las decisiones sean estrictamente t\u00e9cnicas.<br><\/p>\n\n\n\n<p><strong>\u2014\u00bfEn cuanto a la normativa de urbanismo, considera que debe modificarse o mantenerse, \u00bfpor qu\u00e9?<\/strong><br>En un espacio de gran din\u00e1mica urbana, la normativa debe ser muy din\u00e1mica, por eso existe la Comisi\u00f3n Permanente de actualizaci\u00f3n del c\u00f3digo de Urbanismo y Obra de la cual es miembro la SIB, sin embargo, es responsabilidad del municipio el tratamiento conjunto de muchos aspectos de la normativa que ya es necesario actualizar. Instamos al municipio que se realicen las reuniones de dicha comisi\u00f3n en forma m\u00e1s seguida.<br>Normativas como la Ley de Alianzas P\u00fablico Privadas, la ley Municipal de Concesi\u00f3n, la ley de Movilidad Urbana deben ser urgentemente actualizadas, estas son las normas, a las que las SIB ha realizado observaciones.<\/p>\n\n\n\n<p><strong>PERFIL<\/strong><\/p>\n\n\n\n<p class=\"has-text-align-justify\"><strong>Jorge Franco<\/strong> fue vicepresidente de la Sociedad de Ingenieros de Bolivia Departamental Santa Cruz y ha desempe\u00f1ado la titularidad del Colegio de Ingenieros Electricistas y Electr\u00f3nicos de Santa Cruz. Es ingeniero electromec\u00e1nico con menci\u00f3n el\u00e9ctrica titulado de la Universidad Gabriel Ren\u00e9 Moreno con maestr\u00eda en gerencia de empresas constructoras. Gerente de Proyectos en la Constructora INSACRUZ y Docente en la facultad de Tecnolog\u00eda de la UEB. Ha sido gerente t\u00e9cnico de empresas del rubro el\u00e9ctrico adem\u00e1s de dirigir las pol\u00edticas de energ\u00eda y electrificaci\u00f3n de la gobernaci\u00f3n cruce\u00f1a incrementando la cobertura del servicio a todo el departamento.<\/p>\n","protected":false},"excerpt":{"rendered":"<p>El recientemente elegido y posesionado presidente de la SIB SC, insta al municipio a realizar las reuniones de las comisiones de forma m\u00e1s seguida para actualizar las normativas que ya fueron observadas. \u2014\u00bfCu\u00e1les son los desaf\u00edos que tiene la SIB a partir de su nueva gesti\u00f3n?El desaf\u00edo para esta nueva gesti\u00f3n es consolidar a la &hellip;<\/p>\n","protected":false},"author":3,"featured_media":1101,"comment_status":"open","ping_status":"open","sticky":false,"template":"","format":"standard","meta":{"footnotes":""},"categories":[32],"tags":[],"yoast_head":"<!-- This site is optimized with the Yoast SEO plugin v21.9.1 - https:\/\/yoast.com\/wordpress\/plugins\/seo\/ -->\n<title>Jorge Franco: &quot;Urge actualizar las normativas de urbanismo&quot; - Edifica Press<\/title>\n<meta name=\"robots\" content=\"index, follow, max-snippet:-1, max-image-preview:large, max-video-preview:-1\" \/>\n<link rel=\"canonical\" href=\"https:\/\/www.edifica.com.bo\/?p=1100\" \/>\n<meta property=\"og:locale\" content=\"es_ES\" \/>\n<meta property=\"og:type\" content=\"article\" \/>\n<meta property=\"og:title\" content=\"Jorge Franco: &quot;Urge actualizar las normativas de urbanismo&quot; - Edifica Press\" \/>\n<meta property=\"og:description\" content=\"El recientemente elegido y posesionado presidente de la SIB SC, insta al municipio a realizar las reuniones de las comisiones de forma m\u00e1s seguida para actualizar las normativas que ya fueron observadas. \u2014\u00bfCu\u00e1les son los desaf\u00edos que tiene la SIB a partir de su nueva gesti\u00f3n?El desaf\u00edo para esta nueva gesti\u00f3n es consolidar a la &hellip;\" \/>\n<meta property=\"og:url\" content=\"https:\/\/www.edifica.com.bo\/?p=1100\" \/>\n<meta property=\"og:site_name\" content=\"Edifica Press\" \/>\n<meta property=\"article:publisher\" content=\"https:\/\/www.facebook.com\/NegociosPressBolivia\" \/>\n<meta property=\"article:published_time\" content=\"2022-11-02T20:44:05+00:00\" \/>\n<meta property=\"article:modified_time\" content=\"2022-11-02T20:44:08+00:00\" \/>\n<meta property=\"og:image\" content=\"https:\/\/www.edifica.com.bo\/wp-content\/uploads\/2022\/11\/IMG_5913-scaled.jpg\" \/>\n\t<meta property=\"og:image:width\" content=\"2560\" \/>\n\t<meta property=\"og:image:height\" content=\"1445\" \/>\n\t<meta property=\"og:image:type\" content=\"image\/jpeg\" \/>\n<meta name=\"author\" content=\"Yandira Toledo\" \/>\n<meta name=\"twitter:card\" content=\"summary_large_image\" \/>\n<meta name=\"twitter:label1\" content=\"Escrito por\" \/>\n\t<meta name=\"twitter:data1\" content=\"Yandira Toledo\" \/>\n\t<meta name=\"twitter:label2\" content=\"Tiempo de lectura\" \/>\n\t<meta name=\"twitter:data2\" content=\"3 minutos\" \/>\n<script type=\"application\/ld+json\" class=\"yoast-schema-graph\">{\"@context\":\"https:\/\/schema.org\",\"@graph\":[{\"@type\":\"Article\",\"@id\":\"https:\/\/www.edifica.com.bo\/?p=1100#article\",\"isPartOf\":{\"@id\":\"https:\/\/www.edifica.com.bo\/?p=1100\"},\"author\":{\"name\":\"Yandira Toledo\",\"@id\":\"https:\/\/www.edifica.com.bo\/#\/schema\/person\/115d63d49a533166b9aed20f704f4c6c\"},\"headline\":\"Jorge Franco: &#8220;Urge actualizar las normativas de urbanismo&#8221;\",\"datePublished\":\"2022-11-02T20:44:05+00:00\",\"dateModified\":\"2022-11-02T20:44:08+00:00\",\"mainEntityOfPage\":{\"@id\":\"https:\/\/www.edifica.com.bo\/?p=1100\"},\"wordCount\":646,\"commentCount\":0,\"publisher\":{\"@id\":\"https:\/\/www.edifica.com.bo\/#organization\"},\"articleSection\":[\"ENTREVISTA\"],\"inLanguage\":\"es\",\"potentialAction\":[{\"@type\":\"CommentAction\",\"name\":\"Comment\",\"target\":[\"https:\/\/www.edifica.com.bo\/?p=1100#respond\"]}]},{\"@type\":\"WebPage\",\"@id\":\"https:\/\/www.edifica.com.bo\/?p=1100\",\"url\":\"https:\/\/www.edifica.com.bo\/?p=1100\",\"name\":\"Jorge Franco: \\\"Urge actualizar las normativas de urbanismo\\\" - Edifica Press\",\"isPartOf\":{\"@id\":\"https:\/\/www.edifica.com.bo\/#website\"},\"datePublished\":\"2022-11-02T20:44:05+00:00\",\"dateModified\":\"2022-11-02T20:44:08+00:00\",\"breadcrumb\":{\"@id\":\"https:\/\/www.edifica.com.bo\/?p=1100#breadcrumb\"},\"inLanguage\":\"es\",\"potentialAction\":[{\"@type\":\"ReadAction\",\"target\":[\"https:\/\/www.edifica.com.bo\/?p=1100\"]}]},{\"@type\":\"BreadcrumbList\",\"@id\":\"https:\/\/www.edifica.com.bo\/?p=1100#breadcrumb\",\"itemListElement\":[{\"@type\":\"ListItem\",\"position\":1,\"name\":\"Portada\",\"item\":\"https:\/\/www.edifica.com.bo\/\"},{\"@type\":\"ListItem\",\"position\":2,\"name\":\"Jorge Franco: &#8220;Urge actualizar las normativas de urbanismo&#8221;\"}]},{\"@type\":\"WebSite\",\"@id\":\"https:\/\/www.edifica.com.bo\/#website\",\"url\":\"https:\/\/www.edifica.com.bo\/\",\"name\":\"Edifica Press\",\"description\":\"Revista Periodistica\",\"publisher\":{\"@id\":\"https:\/\/www.edifica.com.bo\/#organization\"},\"potentialAction\":[{\"@type\":\"SearchAction\",\"target\":{\"@type\":\"EntryPoint\",\"urlTemplate\":\"https:\/\/www.edifica.com.bo\/?s={search_term_string}\"},\"query-input\":\"required name=search_term_string\"}],\"inLanguage\":\"es\"},{\"@type\":\"Organization\",\"@id\":\"https:\/\/www.edifica.com.bo\/#organization\",\"name\":\"Edifica Press\",\"url\":\"https:\/\/www.edifica.com.bo\/\",\"logo\":{\"@type\":\"ImageObject\",\"inLanguage\":\"es\",\"@id\":\"https:\/\/www.edifica.com.bo\/#\/schema\/logo\/image\/\",\"url\":\"https:\/\/www.edifica.com.bo\/wp-content\/uploads\/2022\/04\/LOGO-EDIFICAPRESS2022.jpg\",\"contentUrl\":\"https:\/\/www.edifica.com.bo\/wp-content\/uploads\/2022\/04\/LOGO-EDIFICAPRESS2022.jpg\",\"width\":1200,\"height\":200,\"caption\":\"Edifica Press\"},\"image\":{\"@id\":\"https:\/\/www.edifica.com.bo\/#\/schema\/logo\/image\/\"},\"sameAs\":[\"https:\/\/www.facebook.com\/NegociosPressBolivia\"]},{\"@type\":\"Person\",\"@id\":\"https:\/\/www.edifica.com.bo\/#\/schema\/person\/115d63d49a533166b9aed20f704f4c6c\",\"name\":\"Yandira Toledo\",\"image\":{\"@type\":\"ImageObject\",\"inLanguage\":\"es\",\"@id\":\"https:\/\/www.edifica.com.bo\/#\/schema\/person\/image\/\",\"url\":\"https:\/\/secure.gravatar.com\/avatar\/ea966cd6bbbe46cf393468ac8bc1bdcc?s=96&d=mm&r=g\",\"contentUrl\":\"https:\/\/secure.gravatar.com\/avatar\/ea966cd6bbbe46cf393468ac8bc1bdcc?s=96&d=mm&r=g\",\"caption\":\"Yandira Toledo\"},\"sameAs\":[\"http:\/\/www.edifica.com.bo\"],\"url\":\"https:\/\/www.edifica.com.bo\/?author=3\"}]}<\/script>\n<!-- \/ Yoast SEO plugin. -->","yoast_head_json":{"title":"Jorge Franco: \"Urge actualizar las normativas de urbanismo\" - Edifica Press","robots":{"index":"index","follow":"follow","max-snippet":"max-snippet:-1","max-image-preview":"max-image-preview:large","max-video-preview":"max-video-preview:-1"},"canonical":"https:\/\/www.edifica.com.bo\/?p=1100","og_locale":"es_ES","og_type":"article","og_title":"Jorge Franco: \"Urge actualizar las normativas de urbanismo\" - Edifica Press","og_description":"El recientemente elegido y posesionado presidente de la SIB SC, insta al municipio a realizar las reuniones de las comisiones de forma m\u00e1s seguida para actualizar las normativas que ya fueron observadas. \u2014\u00bfCu\u00e1les son los desaf\u00edos que tiene la SIB a partir de su nueva gesti\u00f3n?El desaf\u00edo para esta nueva gesti\u00f3n es consolidar a la &hellip;","og_url":"https:\/\/www.edifica.com.bo\/?p=1100","og_site_name":"Edifica Press","article_publisher":"https:\/\/www.facebook.com\/NegociosPressBolivia","article_published_time":"2022-11-02T20:44:05+00:00","article_modified_time":"2022-11-02T20:44:08+00:00","og_image":[{"width":2560,"height":1445,"url":"https:\/\/www.edifica.com.bo\/wp-content\/uploads\/2022\/11\/IMG_5913-scaled.jpg","type":"image\/jpeg"}],"author":"Yandira Toledo","twitter_card":"summary_large_image","twitter_misc":{"Escrito por":"Yandira Toledo","Tiempo de lectura":"3 minutos"},"schema":{"@context":"https:\/\/schema.org","@graph":[{"@type":"Article","@id":"https:\/\/www.edifica.com.bo\/?p=1100#article","isPartOf":{"@id":"https:\/\/www.edifica.com.bo\/?p=1100"},"author":{"name":"Yandira Toledo","@id":"https:\/\/www.edifica.com.bo\/#\/schema\/person\/115d63d49a533166b9aed20f704f4c6c"},"headline":"Jorge Franco: &#8220;Urge actualizar las normativas de urbanismo&#8221;","datePublished":"2022-11-02T20:44:05+00:00","dateModified":"2022-11-02T20:44:08+00:00","mainEntityOfPage":{"@id":"https:\/\/www.edifica.com.bo\/?p=1100"},"wordCount":646,"commentCount":0,"publisher":{"@id":"https:\/\/www.edifica.com.bo\/#organization"},"articleSection":["ENTREVISTA"],"inLanguage":"es","potentialAction":[{"@type":"CommentAction","name":"Comment","target":["https:\/\/www.edifica.com.bo\/?p=1100#respond"]}]},{"@type":"WebPage","@id":"https:\/\/www.edifica.com.bo\/?p=1100","url":"https:\/\/www.edifica.com.bo\/?p=1100","name":"Jorge Franco: \"Urge actualizar las normativas de urbanismo\" - Edifica Press","isPartOf":{"@id":"https:\/\/www.edifica.com.bo\/#website"},"datePublished":"2022-11-02T20:44:05+00:00","dateModified":"2022-11-02T20:44:08+00:00","breadcrumb":{"@id":"https:\/\/www.edifica.com.bo\/?p=1100#breadcrumb"},"inLanguage":"es","potentialAction":[{"@type":"ReadAction","target":["https:\/\/www.edifica.com.bo\/?p=1100"]}]},{"@type":"BreadcrumbList","@id":"https:\/\/www.edifica.com.bo\/?p=1100#breadcrumb","itemListElement":[{"@type":"ListItem","position":1,"name":"Portada","item":"https:\/\/www.edifica.com.bo\/"},{"@type":"ListItem","position":2,"name":"Jorge Franco: &#8220;Urge actualizar las normativas de urbanismo&#8221;"}]},{"@type":"WebSite","@id":"https:\/\/www.edifica.com.bo\/#website","url":"https:\/\/www.edifica.com.bo\/","name":"Edifica Press","description":"Revista Periodistica","publisher":{"@id":"https:\/\/www.edifica.com.bo\/#organization"},"potentialAction":[{"@type":"SearchAction","target":{"@type":"EntryPoint","urlTemplate":"https:\/\/www.edifica.com.bo\/?s={search_term_string}"},"query-input":"required name=search_term_string"}],"inLanguage":"es"},{"@type":"Organization","@id":"https:\/\/www.edifica.com.bo\/#organization","name":"Edifica Press","url":"https:\/\/www.edifica.com.bo\/","logo":{"@type":"ImageObject","inLanguage":"es","@id":"https:\/\/www.edifica.com.bo\/#\/schema\/logo\/image\/","url":"https:\/\/www.edifica.com.bo\/wp-content\/uploads\/2022\/04\/LOGO-EDIFICAPRESS2022.jpg","contentUrl":"https:\/\/www.edifica.com.bo\/wp-content\/uploads\/2022\/04\/LOGO-EDIFICAPRESS2022.jpg","width":1200,"height":200,"caption":"Edifica Press"},"image":{"@id":"https:\/\/www.edifica.com.bo\/#\/schema\/logo\/image\/"},"sameAs":["https:\/\/www.facebook.com\/NegociosPressBolivia"]},{"@type":"Person","@id":"https:\/\/www.edifica.com.bo\/#\/schema\/person\/115d63d49a533166b9aed20f704f4c6c","name":"Yandira Toledo","image":{"@type":"ImageObject","inLanguage":"es","@id":"https:\/\/www.edifica.com.bo\/#\/schema\/person\/image\/","url":"https:\/\/secure.gravatar.com\/avatar\/ea966cd6bbbe46cf393468ac8bc1bdcc?s=96&d=mm&r=g","contentUrl":"https:\/\/secure.gravatar.com\/avatar\/ea966cd6bbbe46cf393468ac8bc1bdcc?s=96&d=mm&r=g","caption":"Yandira Toledo"},"sameAs":["http:\/\/www.edifica.com.bo"],"url":"https:\/\/www.edifica.com.bo\/?author=3"}]}},"_links":{"self":[{"href":"https:\/\/www.edifica.com.bo\/index.php?rest_route=\/wp\/v2\/posts\/1100"}],"collection":[{"href":"https:\/\/www.edifica.com.bo\/index.php?rest_route=\/wp\/v2\/posts"}],"about":[{"href":"https:\/\/www.edifica.com.bo\/index.php?rest_route=\/wp\/v2\/types\/post"}],"author":[{"embeddable":true,"href":"https:\/\/www.edifica.com.bo\/index.php?rest_route=\/wp\/v2\/users\/3"}],"replies":[{"embeddable":true,"href":"https:\/\/www.edifica.com.bo\/index.php?rest_route=%2Fwp%2Fv2%2Fcomments&post=1100"}],"version-history":[{"count":1,"href":"https:\/\/www.edifica.com.bo\/index.php?rest_route=\/wp\/v2\/posts\/1100\/revisions"}],"predecessor-version":[{"id":1102,"href":"https:\/\/www.edifica.com.bo\/index.php?rest_route=\/wp\/v2\/posts\/1100\/revisions\/1102"}],"wp:featuredmedia":[{"embeddable":true,"href":"https:\/\/www.edifica.com.bo\/index.php?rest_route=\/wp\/v2\/media\/1101"}],"wp:attachment":[{"href":"https:\/\/www.edifica.com.bo\/index.php?rest_route=%2Fwp%2Fv2%2Fmedia&parent=1100"}],"wp:term":[{"taxonomy":"category","embeddable":true,"href":"https:\/\/www.edifica.com.bo\/index.php?rest_route=%2Fwp%2Fv2%2Fcategories&post=1100"},{"taxonomy":"post_tag","embeddable":true,"href":"https:\/\/www.edifica.com.bo\/index.php?rest_route=%2Fwp%2Fv2%2Ftags&post=1100"}],"curies":[{"name":"wp","href":"https:\/\/api.w.org\/{rel}","templated":true}]}}