{"id":1155,"date":"2023-03-16T00:14:26","date_gmt":"2023-03-16T00:14:26","guid":{"rendered":"https:\/\/www.edifica.com.bo\/?p=1155"},"modified":"2023-03-16T00:14:30","modified_gmt":"2023-03-16T00:14:30","slug":"reeligen-a-carolina-gutierrez-como-presidente-de-cadecocruz","status":"publish","type":"post","link":"https:\/\/www.edifica.com.bo\/?p=1155","title":{"rendered":"Reeligen a Carolina Guti\u00e9rrez como presidente de Cadecocruz\u00a0"},"content":{"rendered":"\n<h2 class=\"wp-block-heading\">Una de las prioridades de esta nueva gesti\u00f3n ser\u00e1 buscar acercamiento con las autoridades de los tres niveles del Estado para identificar y aplicar planes, programas, mecanismos efectivos para que se reactiven las obras con inversi\u00f3n p\u00fablica.<\/h2>\n\n\n\n<p class=\"has-text-align-justify\">Las empresas asociadas a la C\u00e1mara de la Construcci\u00f3n de Santa Cruz (Cadecocruz) reeligieron a Carolina Guti\u00e9rrez Brehmer como presidente de la instituci\u00f3n para la gesti\u00f3n 2023 \u2013 2024.<\/p>\n\n\n\n<p class=\"has-text-align-justify\">En representaci\u00f3n del directorio electo, agradeci\u00f3 la confianza de los asociados y se\u00f1al\u00f3 que una de las prioridades de esta nueva gesti\u00f3n ser\u00e1 buscar acercamiento con las autoridades de los tres niveles del Estado para identificar y aplicar planes, programas, mecanismos efectivos para que se reactiven las obras con inversi\u00f3n p\u00fablica, considerando que la construcci\u00f3n es uno de los principales dinamizadores de la econom\u00eda y generador de empleo masivo, ya que est\u00e1 directamente relacionado con otros 17 sectores.<\/p>\n\n\n\n<p class=\"has-text-align-justify\">Seg\u00fan los \u00faltimos datos del INE (diciembre 2022) la construcci\u00f3n sustenta 378 mil empleos directos y cerca de un mill\u00f3n y medio de empleos indirectos. Ac\u00e1 se debe hacer \u00e9nfasis en que estos indicadores responden principalmente a inversiones y emprendimientos del sector privado, dijo Guti\u00e9rrez.<\/p>\n\n\n\n<p class=\"has-text-align-justify\">&#8220;Sin embargo de la crisis que provoc\u00f3 la pandemia y los sucesivos problemas socio pol\u00edticos, los constructores seguimos apostando por nuestro pa\u00eds, haciendo grandes esfuerzos para alcanzar un crecimiento genuino. Lamentablemente no tenemos el acompa\u00f1amiento del sector p\u00fablico en sus tres niveles, y esto ralentiza el crecimiento econ\u00f3mico que esperamos todos los bolivianos&#8221;, apunt\u00f3.<\/p>\n\n\n\n<p class=\"has-text-align-justify\">La gesti\u00f3n 2022, el monto aprobado para la inversi\u00f3n p\u00fablica en el Presupuesto General del Estado fue de 5.015 millones de d\u00f3lares, de los cuales 29,9% estaban destinados a Infraestructura. Sin embargo, el nivel de ejecuci\u00f3n solo fue del 52,5%. <\/p>\n\n\n\n<p class=\"has-text-align-justify\">Este a\u00f1o, el Presupuesto General del Estado es de 4.006 millones de d\u00f3lares, es decir 1.009 millones de d\u00f3lares o 20,11% menos y de este presupuesto, el 24% ser\u00e1 destinado al sector Infraestructura (959 millones de d\u00f3lares).<\/p>\n\n\n\n<p class=\"has-text-align-justify\">El Censo de Obras 2022 realizado por el Observatorio Urbano de Cadecocruz, evidencia que en el \u00e1mbito regional no estamos mejor. De un total de 1.327 edificaciones en construcci\u00f3n censadas, solo el 1% corresponde a obras p\u00fablicas, explic\u00f3.<\/p>\n\n\n\n<p class=\"has-text-align-justify\">&#8220;En Cadecocruz cumplimos la premisa de que no es suficiente identificar el problema, debemos ser parte de las soluciones, y hemos dado innumerables muestras con gestiones acompa\u00f1adas de propuestas t\u00e9cnicas, jur\u00eddicas y econ\u00f3micas viables\u201d, enfatiz\u00f3.<\/p>\n\n\n\n<p class=\"has-text-align-justify\">Se\u00f1al\u00f3 como hechos concretos, que Cadecocruz represent\u00f3 a sus asociados velando por la protecci\u00f3n de sus derechos en el caso del Decreto Supremo 4732 sobre Pr\u00e1cticas comerciales abusivas en la pre venta de inmuebles, Es as\u00ed que en coordinaci\u00f3n con la C\u00e1mara Nacional Inmobiliaria de Bolivia, la C\u00e1mara Boliviana de la Construcci\u00f3n, el Colegio de Arquitectos de Bolivia y c\u00e1maras departamentales de la construcci\u00f3n, realiz\u00f3 gestiones ante el Gobierno Central exponiendo observaciones t\u00e9cnicas y jur\u00eddicas al Decreto Supremo 4732 y consigui\u00f3 participar en la reglamentaci\u00f3n del Decreto que incluye el Sistema Inform\u00e1tico de Certificaci\u00f3n de Registro de Modelos de Contratos Inmobiliarios \u2013 SIRCI.<\/p>\n\n\n\n<p class=\"has-text-align-justify\">Agreg\u00f3 que las mismas instituciones presentaron al Consejo de la Magistratura una propuesta t\u00e9cnica para modernizar y desburocratizar el Registro de Inmuebles en Derechos Reales y que en nuestra ciudad, la C\u00e1mara de la Construcci\u00f3n de Santa Cruz, entidades representativas de diferentes actividades econ\u00f3micas y Fundaci\u00f3n Populi, elaboraron el Proyecto de Ley Municipal de Transformaci\u00f3n Digital, Simplificaci\u00f3n de Tr\u00e1mites en Obtenci\u00f3n de Permisos de Construcci\u00f3n, y de Licencia de Funcionamiento de Actividades Econ\u00f3micas.<\/p>\n\n\n\n<p class=\"has-text-align-justify\">Igualmente destac\u00f3 que consecuente con su misi\u00f3n de generar nuevas oportunidades y visi\u00f3n de futuro, Cadecocruz marc\u00f3 hitos en el pa\u00eds durante el 2022. Lanz\u00f3 el primer programa de Construcci\u00f3n Sostenible con certificaci\u00f3n Edge, que no solo revoluciona al sector constructor, trasciende a las finanzas, la normativa.<\/p>\n\n\n\n<p class=\"has-text-align-justify\">El Programa de Naciones Unidas para el Desarrollo (PNUD), la Embajada de Gran Breta\u00f1a, Pacto Global, entidades empresariales, colegiadas, universidades del pa\u00eds, al igual que empresas especializadas de trayectoria internacional, apoyan este programa que pronto dar\u00e1 frutos con la certificaci\u00f3n Edge de obras en todo el territorio nacional.<\/p>\n\n\n\n<p class=\"has-text-align-justify\">En esta misma ruta, la instituci\u00f3n juega un rol protag\u00f3nico en los estudios, programas y planificaci\u00f3n que realizan las entidades que forman parte de las mesas de trabajo sobre Ciudades Sostenibles, Finanzas Sostenibles, Infraestructura Sostenible y Santa Cruz Metr\u00f3poli.<\/p>\n\n\n\n<p class=\"has-text-align-justify\">\u201cUna docena de nuevos convenios firmados con universidades, centros de capacitaci\u00f3n t\u00e9cnica, empresas de diversos rubros, fortalecieron nuestra plataforma de servicios para los asociados y para promover la actualizaci\u00f3n y capacitaci\u00f3n de nuestro talento humano. Tambi\u00e9n nos adherimos al trabajo de diferentes organizaciones por la equidad de g\u00e9nero. Con Cedure y el apoyo de la Cooperaci\u00f3n para el Desarrollo de la Embajada de Suiza en Bolivia, logramos formar 34 mujeres constructoras debidamente certificadas con competencias en alba\u00f1iler\u00eda, pintura y liderazgo\u201d, afirm\u00f3.<\/p>\n\n\n\n<p>Se\u00f1al\u00f3 igualmente que, sobre la equidad de g\u00e9nero, recientemente se iniciaron gestiones para ampliar la plataforma Espacios Laborales Sin Acoso (ELSA) del Banco Interamericano de Desarrollo, participamos en el programa \u201cNi\u00f1as con Igualdad\u201d de Plan Internacional.<\/p>\n\n\n\n<p class=\"has-text-align-justify\">\u201cFue un a\u00f1o de abundante siembra, de trabajo y dedicaci\u00f3n para pasar de la reactivaci\u00f3n al crecimiento genuino de la construcci\u00f3n y de la econom\u00eda. Continuaremos multiplicando gestiones, generando propuestas innovadoras y alianzas estrat\u00e9gicas para encarar la compleja coyuntura que vivimos, con problemas desde sanitarios hasta pol\u00edticos, econ\u00f3micos y sociales que persisten.<\/p>\n\n\n\n<p class=\"has-text-align-justify\">Menos palabras y m\u00e1s oportunidades es el principio que continuaremos aplicando en nuestras gestiones para construir Bolivia con manos y talento boliviano\u201d, finaliz\u00f3 Guti\u00e9rrez  luego de prestar el juramento como presidente del directorio de Cadecocruz.<\/p>\n","protected":false},"excerpt":{"rendered":"<p>Una de las prioridades de esta nueva gesti\u00f3n ser\u00e1 buscar acercamiento con las autoridades de los tres niveles del Estado para identificar y aplicar planes, programas, mecanismos efectivos para que se reactiven las obras con inversi\u00f3n p\u00fablica. Las empresas asociadas a la C\u00e1mara de la Construcci\u00f3n de Santa Cruz (Cadecocruz) reeligieron a Carolina Guti\u00e9rrez Brehmer &hellip;<\/p>\n","protected":false},"author":3,"featured_media":1156,"comment_status":"open","ping_status":"open","sticky":false,"template":"","format":"standard","meta":{"footnotes":""},"categories":[3],"tags":[],"yoast_head":"<!-- This site is optimized with the Yoast SEO plugin v21.9.1 - https:\/\/yoast.com\/wordpress\/plugins\/seo\/ -->\n<title>Reeligen a Carolina Guti\u00e9rrez como presidente de Cadecocruz\u00a0 - Edifica Press<\/title>\n<meta name=\"robots\" content=\"index, follow, max-snippet:-1, max-image-preview:large, max-video-preview:-1\" \/>\n<link rel=\"canonical\" href=\"https:\/\/www.edifica.com.bo\/?p=1155\" \/>\n<meta property=\"og:locale\" content=\"es_ES\" \/>\n<meta property=\"og:type\" content=\"article\" \/>\n<meta property=\"og:title\" content=\"Reeligen a Carolina Guti\u00e9rrez como presidente de Cadecocruz\u00a0 - Edifica Press\" \/>\n<meta property=\"og:description\" content=\"Una de las prioridades de esta nueva gesti\u00f3n ser\u00e1 buscar acercamiento con las autoridades de los tres niveles del Estado para identificar y aplicar planes, programas, mecanismos efectivos para que se reactiven las obras con inversi\u00f3n p\u00fablica. Las empresas asociadas a la C\u00e1mara de la Construcci\u00f3n de Santa Cruz (Cadecocruz) reeligieron a Carolina Guti\u00e9rrez Brehmer &hellip;\" \/>\n<meta property=\"og:url\" content=\"https:\/\/www.edifica.com.bo\/?p=1155\" \/>\n<meta property=\"og:site_name\" content=\"Edifica Press\" \/>\n<meta property=\"article:publisher\" content=\"https:\/\/www.facebook.com\/NegociosPressBolivia\" \/>\n<meta property=\"article:published_time\" content=\"2023-03-16T00:14:26+00:00\" \/>\n<meta property=\"article:modified_time\" content=\"2023-03-16T00:14:30+00:00\" \/>\n<meta property=\"og:image\" content=\"https:\/\/www.edifica.com.bo\/wp-content\/uploads\/2023\/03\/DIRECTORIO-CADECOCRUZ-2023-2024-web.jpg\" \/>\n\t<meta property=\"og:image:width\" content=\"1224\" \/>\n\t<meta property=\"og:image:height\" content=\"918\" \/>\n\t<meta property=\"og:image:type\" content=\"image\/jpeg\" \/>\n<meta name=\"author\" content=\"Yandira Toledo\" \/>\n<meta name=\"twitter:card\" content=\"summary_large_image\" \/>\n<meta name=\"twitter:label1\" content=\"Escrito por\" \/>\n\t<meta name=\"twitter:data1\" content=\"Yandira Toledo\" \/>\n\t<meta name=\"twitter:label2\" content=\"Tiempo de lectura\" \/>\n\t<meta name=\"twitter:data2\" content=\"5 minutos\" \/>\n<script type=\"application\/ld+json\" class=\"yoast-schema-graph\">{\"@context\":\"https:\/\/schema.org\",\"@graph\":[{\"@type\":\"Article\",\"@id\":\"https:\/\/www.edifica.com.bo\/?p=1155#article\",\"isPartOf\":{\"@id\":\"https:\/\/www.edifica.com.bo\/?p=1155\"},\"author\":{\"name\":\"Yandira Toledo\",\"@id\":\"https:\/\/www.edifica.com.bo\/#\/schema\/person\/115d63d49a533166b9aed20f704f4c6c\"},\"headline\":\"Reeligen a Carolina Guti\u00e9rrez como presidente de Cadecocruz\u00a0\",\"datePublished\":\"2023-03-16T00:14:26+00:00\",\"dateModified\":\"2023-03-16T00:14:30+00:00\",\"mainEntityOfPage\":{\"@id\":\"https:\/\/www.edifica.com.bo\/?p=1155\"},\"wordCount\":991,\"commentCount\":0,\"publisher\":{\"@id\":\"https:\/\/www.edifica.com.bo\/#organization\"},\"articleSection\":[\"CONSTRUCCI\u00d3N\"],\"inLanguage\":\"es\",\"potentialAction\":[{\"@type\":\"CommentAction\",\"name\":\"Comment\",\"target\":[\"https:\/\/www.edifica.com.bo\/?p=1155#respond\"]}]},{\"@type\":\"WebPage\",\"@id\":\"https:\/\/www.edifica.com.bo\/?p=1155\",\"url\":\"https:\/\/www.edifica.com.bo\/?p=1155\",\"name\":\"Reeligen a Carolina Guti\u00e9rrez como presidente de Cadecocruz\u00a0 - Edifica Press\",\"isPartOf\":{\"@id\":\"https:\/\/www.edifica.com.bo\/#website\"},\"datePublished\":\"2023-03-16T00:14:26+00:00\",\"dateModified\":\"2023-03-16T00:14:30+00:00\",\"breadcrumb\":{\"@id\":\"https:\/\/www.edifica.com.bo\/?p=1155#breadcrumb\"},\"inLanguage\":\"es\",\"potentialAction\":[{\"@type\":\"ReadAction\",\"target\":[\"https:\/\/www.edifica.com.bo\/?p=1155\"]}]},{\"@type\":\"BreadcrumbList\",\"@id\":\"https:\/\/www.edifica.com.bo\/?p=1155#breadcrumb\",\"itemListElement\":[{\"@type\":\"ListItem\",\"position\":1,\"name\":\"Portada\",\"item\":\"https:\/\/www.edifica.com.bo\/\"},{\"@type\":\"ListItem\",\"position\":2,\"name\":\"Reeligen a Carolina Guti\u00e9rrez como presidente de Cadecocruz\u00a0\"}]},{\"@type\":\"WebSite\",\"@id\":\"https:\/\/www.edifica.com.bo\/#website\",\"url\":\"https:\/\/www.edifica.com.bo\/\",\"name\":\"Edifica Press\",\"description\":\"Revista Periodistica\",\"publisher\":{\"@id\":\"https:\/\/www.edifica.com.bo\/#organization\"},\"potentialAction\":[{\"@type\":\"SearchAction\",\"target\":{\"@type\":\"EntryPoint\",\"urlTemplate\":\"https:\/\/www.edifica.com.bo\/?s={search_term_string}\"},\"query-input\":\"required name=search_term_string\"}],\"inLanguage\":\"es\"},{\"@type\":\"Organization\",\"@id\":\"https:\/\/www.edifica.com.bo\/#organization\",\"name\":\"Edifica Press\",\"url\":\"https:\/\/www.edifica.com.bo\/\",\"logo\":{\"@type\":\"ImageObject\",\"inLanguage\":\"es\",\"@id\":\"https:\/\/www.edifica.com.bo\/#\/schema\/logo\/image\/\",\"url\":\"https:\/\/www.edifica.com.bo\/wp-content\/uploads\/2022\/04\/LOGO-EDIFICAPRESS2022.jpg\",\"contentUrl\":\"https:\/\/www.edifica.com.bo\/wp-content\/uploads\/2022\/04\/LOGO-EDIFICAPRESS2022.jpg\",\"width\":1200,\"height\":200,\"caption\":\"Edifica Press\"},\"image\":{\"@id\":\"https:\/\/www.edifica.com.bo\/#\/schema\/logo\/image\/\"},\"sameAs\":[\"https:\/\/www.facebook.com\/NegociosPressBolivia\"]},{\"@type\":\"Person\",\"@id\":\"https:\/\/www.edifica.com.bo\/#\/schema\/person\/115d63d49a533166b9aed20f704f4c6c\",\"name\":\"Yandira Toledo\",\"image\":{\"@type\":\"ImageObject\",\"inLanguage\":\"es\",\"@id\":\"https:\/\/www.edifica.com.bo\/#\/schema\/person\/image\/\",\"url\":\"https:\/\/secure.gravatar.com\/avatar\/ea966cd6bbbe46cf393468ac8bc1bdcc?s=96&d=mm&r=g\",\"contentUrl\":\"https:\/\/secure.gravatar.com\/avatar\/ea966cd6bbbe46cf393468ac8bc1bdcc?s=96&d=mm&r=g\",\"caption\":\"Yandira Toledo\"},\"sameAs\":[\"http:\/\/www.edifica.com.bo\"],\"url\":\"https:\/\/www.edifica.com.bo\/?author=3\"}]}<\/script>\n<!-- \/ Yoast SEO plugin. -->","yoast_head_json":{"title":"Reeligen a Carolina Guti\u00e9rrez como presidente de Cadecocruz\u00a0 - Edifica Press","robots":{"index":"index","follow":"follow","max-snippet":"max-snippet:-1","max-image-preview":"max-image-preview:large","max-video-preview":"max-video-preview:-1"},"canonical":"https:\/\/www.edifica.com.bo\/?p=1155","og_locale":"es_ES","og_type":"article","og_title":"Reeligen a Carolina Guti\u00e9rrez como presidente de Cadecocruz\u00a0 - Edifica Press","og_description":"Una de las prioridades de esta nueva gesti\u00f3n ser\u00e1 buscar acercamiento con las autoridades de los tres niveles del Estado para identificar y aplicar planes, programas, mecanismos efectivos para que se reactiven las obras con inversi\u00f3n p\u00fablica. Las empresas asociadas a la C\u00e1mara de la Construcci\u00f3n de Santa Cruz (Cadecocruz) reeligieron a Carolina Guti\u00e9rrez Brehmer &hellip;","og_url":"https:\/\/www.edifica.com.bo\/?p=1155","og_site_name":"Edifica Press","article_publisher":"https:\/\/www.facebook.com\/NegociosPressBolivia","article_published_time":"2023-03-16T00:14:26+00:00","article_modified_time":"2023-03-16T00:14:30+00:00","og_image":[{"width":1224,"height":918,"url":"https:\/\/www.edifica.com.bo\/wp-content\/uploads\/2023\/03\/DIRECTORIO-CADECOCRUZ-2023-2024-web.jpg","type":"image\/jpeg"}],"author":"Yandira Toledo","twitter_card":"summary_large_image","twitter_misc":{"Escrito por":"Yandira Toledo","Tiempo de lectura":"5 minutos"},"schema":{"@context":"https:\/\/schema.org","@graph":[{"@type":"Article","@id":"https:\/\/www.edifica.com.bo\/?p=1155#article","isPartOf":{"@id":"https:\/\/www.edifica.com.bo\/?p=1155"},"author":{"name":"Yandira Toledo","@id":"https:\/\/www.edifica.com.bo\/#\/schema\/person\/115d63d49a533166b9aed20f704f4c6c"},"headline":"Reeligen a Carolina Guti\u00e9rrez como presidente de Cadecocruz\u00a0","datePublished":"2023-03-16T00:14:26+00:00","dateModified":"2023-03-16T00:14:30+00:00","mainEntityOfPage":{"@id":"https:\/\/www.edifica.com.bo\/?p=1155"},"wordCount":991,"commentCount":0,"publisher":{"@id":"https:\/\/www.edifica.com.bo\/#organization"},"articleSection":["CONSTRUCCI\u00d3N"],"inLanguage":"es","potentialAction":[{"@type":"CommentAction","name":"Comment","target":["https:\/\/www.edifica.com.bo\/?p=1155#respond"]}]},{"@type":"WebPage","@id":"https:\/\/www.edifica.com.bo\/?p=1155","url":"https:\/\/www.edifica.com.bo\/?p=1155","name":"Reeligen a Carolina Guti\u00e9rrez como presidente de Cadecocruz\u00a0 - Edifica Press","isPartOf":{"@id":"https:\/\/www.edifica.com.bo\/#website"},"datePublished":"2023-03-16T00:14:26+00:00","dateModified":"2023-03-16T00:14:30+00:00","breadcrumb":{"@id":"https:\/\/www.edifica.com.bo\/?p=1155#breadcrumb"},"inLanguage":"es","potentialAction":[{"@type":"ReadAction","target":["https:\/\/www.edifica.com.bo\/?p=1155"]}]},{"@type":"BreadcrumbList","@id":"https:\/\/www.edifica.com.bo\/?p=1155#breadcrumb","itemListElement":[{"@type":"ListItem","position":1,"name":"Portada","item":"https:\/\/www.edifica.com.bo\/"},{"@type":"ListItem","position":2,"name":"Reeligen a Carolina Guti\u00e9rrez como presidente de Cadecocruz\u00a0"}]},{"@type":"WebSite","@id":"https:\/\/www.edifica.com.bo\/#website","url":"https:\/\/www.edifica.com.bo\/","name":"Edifica Press","description":"Revista Periodistica","publisher":{"@id":"https:\/\/www.edifica.com.bo\/#organization"},"potentialAction":[{"@type":"SearchAction","target":{"@type":"EntryPoint","urlTemplate":"https:\/\/www.edifica.com.bo\/?s={search_term_string}"},"query-input":"required name=search_term_string"}],"inLanguage":"es"},{"@type":"Organization","@id":"https:\/\/www.edifica.com.bo\/#organization","name":"Edifica Press","url":"https:\/\/www.edifica.com.bo\/","logo":{"@type":"ImageObject","inLanguage":"es","@id":"https:\/\/www.edifica.com.bo\/#\/schema\/logo\/image\/","url":"https:\/\/www.edifica.com.bo\/wp-content\/uploads\/2022\/04\/LOGO-EDIFICAPRESS2022.jpg","contentUrl":"https:\/\/www.edifica.com.bo\/wp-content\/uploads\/2022\/04\/LOGO-EDIFICAPRESS2022.jpg","width":1200,"height":200,"caption":"Edifica Press"},"image":{"@id":"https:\/\/www.edifica.com.bo\/#\/schema\/logo\/image\/"},"sameAs":["https:\/\/www.facebook.com\/NegociosPressBolivia"]},{"@type":"Person","@id":"https:\/\/www.edifica.com.bo\/#\/schema\/person\/115d63d49a533166b9aed20f704f4c6c","name":"Yandira Toledo","image":{"@type":"ImageObject","inLanguage":"es","@id":"https:\/\/www.edifica.com.bo\/#\/schema\/person\/image\/","url":"https:\/\/secure.gravatar.com\/avatar\/ea966cd6bbbe46cf393468ac8bc1bdcc?s=96&d=mm&r=g","contentUrl":"https:\/\/secure.gravatar.com\/avatar\/ea966cd6bbbe46cf393468ac8bc1bdcc?s=96&d=mm&r=g","caption":"Yandira Toledo"},"sameAs":["http:\/\/www.edifica.com.bo"],"url":"https:\/\/www.edifica.com.bo\/?author=3"}]}},"_links":{"self":[{"href":"https:\/\/www.edifica.com.bo\/index.php?rest_route=\/wp\/v2\/posts\/1155"}],"collection":[{"href":"https:\/\/www.edifica.com.bo\/index.php?rest_route=\/wp\/v2\/posts"}],"about":[{"href":"https:\/\/www.edifica.com.bo\/index.php?rest_route=\/wp\/v2\/types\/post"}],"author":[{"embeddable":true,"href":"https:\/\/www.edifica.com.bo\/index.php?rest_route=\/wp\/v2\/users\/3"}],"replies":[{"embeddable":true,"href":"https:\/\/www.edifica.com.bo\/index.php?rest_route=%2Fwp%2Fv2%2Fcomments&post=1155"}],"version-history":[{"count":1,"href":"https:\/\/www.edifica.com.bo\/index.php?rest_route=\/wp\/v2\/posts\/1155\/revisions"}],"predecessor-version":[{"id":1157,"href":"https:\/\/www.edifica.com.bo\/index.php?rest_route=\/wp\/v2\/posts\/1155\/revisions\/1157"}],"wp:featuredmedia":[{"embeddable":true,"href":"https:\/\/www.edifica.com.bo\/index.php?rest_route=\/wp\/v2\/media\/1156"}],"wp:attachment":[{"href":"https:\/\/www.edifica.com.bo\/index.php?rest_route=%2Fwp%2Fv2%2Fmedia&parent=1155"}],"wp:term":[{"taxonomy":"category","embeddable":true,"href":"https:\/\/www.edifica.com.bo\/index.php?rest_route=%2Fwp%2Fv2%2Fcategories&post=1155"},{"taxonomy":"post_tag","embeddable":true,"href":"https:\/\/www.edifica.com.bo\/index.php?rest_route=%2Fwp%2Fv2%2Ftags&post=1155"}],"curies":[{"name":"wp","href":"https:\/\/api.w.org\/{rel}","templated":true}]}}