{"id":1180,"date":"2023-05-05T04:03:15","date_gmt":"2023-05-05T04:03:15","guid":{"rendered":"https:\/\/www.edifica.com.bo\/?p=1180"},"modified":"2023-05-05T04:03:18","modified_gmt":"2023-05-05T04:03:18","slug":"facundo-baudoin-santa-cruz-adolece-de-espacios-publicos","status":"publish","type":"post","link":"https:\/\/www.edifica.com.bo\/?p=1180","title":{"rendered":"Facundo Baudoin: &#8220;Santa Cruz adolece de espacios p\u00fablicos&#8221;"},"content":{"rendered":"\n<h2 class=\"wp-block-heading\">Considera que no es casual el estrepitoso crecimiento del ciclismo como una b\u00fasqueda del disfrute social del espacio p\u00fablico. Hay una revalorizaci\u00f3n colectiva y muchas veces inocente de la necesidad de los espacios p\u00fablicos, donde poder socializar.<\/h2>\n\n\n\n<p class=\"has-text-align-justify\">Se considera un profesional que busca \u201cdemocratizar la arquitectura\u201d para que llegue a las personas que m\u00e1s lo necesitan, y fundamentalmente a la clase media, que es uno de los motores de la econom\u00eda del pa\u00eds, de modo que no se quede solo en la \u00e9lite, o en las esferas de responsabilidades gubernamentales del Estado de Bienestar.<\/p>\n\n\n\n<p class=\"has-text-align-justify\"><strong><mark style=\"background-color:rgba(0, 0, 0, 0)\" class=\"has-inline-color has-black-color\">\u00bfCu\u00e1les son las nuevas tendencias de la arquitectura en bolivia?<\/mark><\/strong><br>Bolivia es un pa\u00eds diverso culturalmente y regionalmente, hay distintas arquitecturas que identifican a las ciudades, como en el El Alto, los cholet, o ciudades como Cochabamba que tiene una arquitectura que est\u00e1 creciendo en el sentido comercial, al igual que Santa Cruz.<br>Este crecimiento sostenido ha hecho que la arquitectura tome un lugar preponderante donde nacieron nuevas empresas, nuevos proyectos, algunos vinculados a viejas escuelas de la arquitectura del modernismo y otros vinculados a temas m\u00e1s regionalistas.<\/p>\n\n\n\n<p class=\"has-text-align-justify\"><strong>\u00bfUsted ha desarrollado proyectos en China. \u00bfCu\u00e1l es la diferencia entre la arquitectura Latinoamericana y la asi\u00e1tica?<\/strong><br>Ambas son muy diversas, tanto la arquitectura latinoamericana como la asi\u00e1tica, tienen distintos perfiles. Pero en Asia, tomando como referencia dos arquitecturas de car\u00e1cter may\u00fasculo destacadas con el premio Pritzker, es la Japonesa que tiende a un estilo muy silencioso, m\u00e1s de atm\u00f3sfera, minimalista, de una austeridad pr\u00edstina. La arquitectura china se empapa un poco m\u00e1s de monumentalidad, de edificios en pocas l\u00edneas, una arquitectura que sorprende no s\u00f3lo por su dimensi\u00f3n, sino por la magnitud y la diferencia cultural que significa encontrarnos con un pa\u00eds en el que todo se hace para millones de personas, es una relaci\u00f3n inimaginable en un pa\u00eds latinoamericano, quiz\u00e1s ligeramente el Brasil.<br>En torno a la arquitectura latinoamericana, creo que hay distintas tendencias. Hay pa\u00edses donde los arquitectos se enfocan en la fenomenolog\u00eda, espec\u00edficamente la atm\u00f3sfera, la relaci\u00f3n con el paisaje regional, simult\u00e1neamente y en algunos casos, hay grupos de arquitectos que est\u00e1n en la b\u00fasqueda del quehacer colectivo tanto en equipos profesionales multidisciplinarios, como en su relaci\u00f3n con los clientes y a la sociedad. Estas arquitecturas a veces se entrecruzan en s\u00ed, en un vario pinto tan diverso e interesante como nuestros colores y culturas. Ambos casos en el \u00faltimo tiempo se han vuelto referencia y vanguardia. La arquitectura latinoamericana ha tenido un boom y actualmente, creo que est\u00e1 en uno de sus mejores momentos, hay arquitectos de muy buen nivel.<\/p>\n\n\n\n<p class=\"has-text-align-justify\"><strong>\u00bfQu\u00e9 aspectos puede destacar entre estas dos arquitecturas, con respecto a los estilos o tendencias? \u00bfQu\u00e9 resalta en la regi\u00f3n?<\/strong><br>Hay dos cosas que me llaman la atenci\u00f3n, primero es la arquitectura del lugar, la que quiere dialogar con el sitio y generar a partir de \u00e9l una atm\u00f3sfera, una sensaci\u00f3n emocional en el habitar y la relaci\u00f3n de la edificaci\u00f3n con el paisaje y ambiente que la rodea.<br>Es una arquitectura que se ti\u00f1e tambi\u00e9n de aspectos culturales, y es de alguna manera intelectual, en el sentido que hace menci\u00f3n a \u201cconocimientos acad\u00e9micos\u201d, es una arquitectura exquisita en muchos sentidos.<br>La idea de j\u00f3venes, grupos o comunidades que se conjugan para hacer arquitectura de muy buena calidad, que lleguen a sectores que naturalmente no llegaban antes. Entonces dejan de lado el estereotipo y las copias y hacen una arquitectura m\u00e1s pensada en el cliente, sus circunstancias y que se adapta o que se construye en conjunto, pero sin ser esa arquitectura \u201cexclusiva\u201d que ha sido durante mucho tiempo, exclusiva, es como tener un gran m\u00e9dico o ir a una gran cl\u00ednica. Tener la suerte de un grupo multidisciplinario que tiene sensibilidad por la ciudad o comunidades sencillas de individuos, trabajando de la mejor manera con \u00e9tica profesional.<\/p>\n\n\n\n<p class=\"has-text-align-justify\"><strong>\u00bfHa cambiado el estilo la tendencia o las formas de dise\u00f1o arquitect\u00f3nico en los \u00faltimos a\u00f1os en funci\u00f3n al impacto de las crisis?<\/strong><br>En relaci\u00f3n a eso hay dos fundamentos que han cambiado durante la pandemia, la relaci\u00f3n que tenemos con lo p\u00fablico, como entendemos al espacio exterior y el de lo privado como interior o de la vivienda. Es mucho m\u00e1s, pero hablando a grandes rasgos, estos dos aspectos se han sobrepuesto y en algunos casos desdibujado. De la imperante necesidad de lo p\u00fablico nos dimos cuenta, por lo menos el com\u00fan denominador. No s\u00e9 si las autoridades. Aprendimos a valorar una acera, quiz\u00e1s como el espacio m\u00e1s democr\u00e1tico de todos, unas plazas, la posibilidad de tener un espacio libre para compartir. Es necesario tener buenos espacios p\u00fablicos, afianzarlos, fortalecerlos para poder darles buen uso. Santa Cruz, adolece de espacios realmente p\u00fablicos, los existentes est\u00e1n claramente colmados de gente, no tenemos aceras para el tr\u00e1nsito peatonal y claramente no las respetamos. No es casual el estrepitoso crecimiento del ciclismo como una b\u00fasqueda del disfrute social del espacio p\u00fablico. Hay una revalorizaci\u00f3n colectiva y muchas veces inocente de la necesidad de los espacios p\u00fablicos, donde poder socializar.<br>El caso de lo privado, viene un poco de la mano de darnos cuenta m\u00e1s del detalle de las cosas, del uso, de la calidad que merecen los espacios, \u201cdel siempre hoy\u201d, del entender que todos los d\u00edas estamos en el lugar, el momento en el que realmente vivimos, y que vivir es construir tambi\u00e9n estos espacios, as\u00ed como mantenerlos.<br>Hoy damos m\u00e1s importancia a la comodidad dentro de nuestra casa a qu\u00e9 relevancia tiene que los espacios funcionen de manera correcta, ergonom\u00e9tricamente, funcionalmente, desde la cantidad de enchufes que necesitas hasta la cocina que este bien o no, que el ba\u00f1o sea c\u00f3modo para ba\u00f1arse. Hoy apreciamos mucho m\u00e1s la dimensi\u00f3n de los espacios que tenemos en nuestras casas o departamentos y tratamos de darles un uso m\u00e1s \u00f3ptimo, flexible. Hoy sabemos cuan f\u00e1cil se pueden deteriorar y cu\u00e1nto cuesta mantenerlos.<\/p>\n\n\n\n<p><strong>\u00bfEl tema coyuntural de crisis econ\u00f3mica ha impactado de alg\u00fan modo la forma de construir o dise\u00f1ar el tema de materiales o costos?<\/strong><br>Est\u00e1 claro que hay una crisis mundial, latinoamericana que va m\u00e1s all\u00e1 del tema econ\u00f3mico. No estamos pasando por nuestro mejor momento. Y obviamente ha impactado, porque se restringe nuestra econom\u00eda y l\u00f3gicamente se afectan nuestras posibilidades y en consecuencia la del sector construcci\u00f3n. Sin embargo, pienso que por lo menos hablando de ciudades como Santa Cruz y me atrever\u00eda a decir en Bolivia en general, la gente sigue confiando. Sin embargo, ahora esa gente quiere que, lo que vaya a hacer en temas de construcci\u00f3n no se entienda como un gasto, si no que se entienda como una inversi\u00f3n. Y no hablo s\u00f3lo de comprar un inmueble, sino de mantenerlo.<br>Hoy se entiende y quiere que remodelar, o construir no sea s\u00f3lo un gusto, o una soluci\u00f3n coyuntural, si no que en el fondo eso sea una real y tangible inversi\u00f3n. Una revalorizaci\u00f3n de nuestras vidas y bienes.<\/p>\n\n\n\n<p><strong>PERFIL<\/strong><\/p>\n\n\n\n<p class=\"has-text-align-justify\"><strong><em>Luis Facundo Baudoin Ter\u00e1n es arquitecto formado en la Universidad Sim\u00f3n Bol\u00edvar, Caracas, Venezuela. Es fundador y arquitecto director de la empresa de consultora en Arquitectura y Urbanismo. Con experiencia en Venezuela Bolivia y China. A lo largo de su carrera obtuvo reconocimientos en Venezuela por sus obras.<\/em><\/strong><\/p>\n","protected":false},"excerpt":{"rendered":"<p>Considera que no es casual el estrepitoso crecimiento del ciclismo como una b\u00fasqueda del disfrute social del espacio p\u00fablico. Hay una revalorizaci\u00f3n colectiva y muchas veces inocente de la necesidad de los espacios p\u00fablicos, donde poder socializar. Se considera un profesional que busca \u201cdemocratizar la arquitectura\u201d para que llegue a las personas que m\u00e1s lo &hellip;<\/p>\n","protected":false},"author":3,"featured_media":1181,"comment_status":"open","ping_status":"open","sticky":false,"template":"","format":"standard","meta":{"footnotes":""},"categories":[32],"tags":[],"yoast_head":"<!-- This site is optimized with the Yoast SEO plugin v21.9.1 - https:\/\/yoast.com\/wordpress\/plugins\/seo\/ -->\n<title>Facundo Baudoin: &quot;Santa Cruz adolece de espacios p\u00fablicos&quot; - Edifica Press<\/title>\n<meta name=\"robots\" content=\"index, follow, max-snippet:-1, max-image-preview:large, max-video-preview:-1\" \/>\n<link rel=\"canonical\" href=\"https:\/\/www.edifica.com.bo\/?p=1180\" \/>\n<meta property=\"og:locale\" content=\"es_ES\" \/>\n<meta property=\"og:type\" content=\"article\" \/>\n<meta property=\"og:title\" content=\"Facundo Baudoin: &quot;Santa Cruz adolece de espacios p\u00fablicos&quot; - Edifica Press\" \/>\n<meta property=\"og:description\" content=\"Considera que no es casual el estrepitoso crecimiento del ciclismo como una b\u00fasqueda del disfrute social del espacio p\u00fablico. Hay una revalorizaci\u00f3n colectiva y muchas veces inocente de la necesidad de los espacios p\u00fablicos, donde poder socializar. Se considera un profesional que busca \u201cdemocratizar la arquitectura\u201d para que llegue a las personas que m\u00e1s lo &hellip;\" \/>\n<meta property=\"og:url\" content=\"https:\/\/www.edifica.com.bo\/?p=1180\" \/>\n<meta property=\"og:site_name\" content=\"Edifica Press\" \/>\n<meta property=\"article:publisher\" content=\"https:\/\/www.facebook.com\/NegociosPressBolivia\" \/>\n<meta property=\"article:published_time\" content=\"2023-05-05T04:03:15+00:00\" \/>\n<meta property=\"article:modified_time\" content=\"2023-05-05T04:03:18+00:00\" \/>\n<meta property=\"og:image\" content=\"https:\/\/www.edifica.com.bo\/wp-content\/uploads\/2023\/05\/web-fac1.jpg\" \/>\n\t<meta property=\"og:image:width\" content=\"1362\" \/>\n\t<meta property=\"og:image:height\" content=\"985\" \/>\n\t<meta property=\"og:image:type\" content=\"image\/jpeg\" \/>\n<meta name=\"author\" content=\"Yandira Toledo\" \/>\n<meta name=\"twitter:card\" content=\"summary_large_image\" \/>\n<meta name=\"twitter:label1\" content=\"Escrito por\" \/>\n\t<meta name=\"twitter:data1\" content=\"Yandira Toledo\" \/>\n\t<meta name=\"twitter:label2\" content=\"Tiempo de lectura\" \/>\n\t<meta name=\"twitter:data2\" content=\"6 minutos\" \/>\n<script type=\"application\/ld+json\" class=\"yoast-schema-graph\">{\"@context\":\"https:\/\/schema.org\",\"@graph\":[{\"@type\":\"Article\",\"@id\":\"https:\/\/www.edifica.com.bo\/?p=1180#article\",\"isPartOf\":{\"@id\":\"https:\/\/www.edifica.com.bo\/?p=1180\"},\"author\":{\"name\":\"Yandira Toledo\",\"@id\":\"https:\/\/www.edifica.com.bo\/#\/schema\/person\/115d63d49a533166b9aed20f704f4c6c\"},\"headline\":\"Facundo Baudoin: &#8220;Santa Cruz adolece de espacios p\u00fablicos&#8221;\",\"datePublished\":\"2023-05-05T04:03:15+00:00\",\"dateModified\":\"2023-05-05T04:03:18+00:00\",\"mainEntityOfPage\":{\"@id\":\"https:\/\/www.edifica.com.bo\/?p=1180\"},\"wordCount\":1306,\"commentCount\":0,\"publisher\":{\"@id\":\"https:\/\/www.edifica.com.bo\/#organization\"},\"articleSection\":[\"ENTREVISTA\"],\"inLanguage\":\"es\",\"potentialAction\":[{\"@type\":\"CommentAction\",\"name\":\"Comment\",\"target\":[\"https:\/\/www.edifica.com.bo\/?p=1180#respond\"]}]},{\"@type\":\"WebPage\",\"@id\":\"https:\/\/www.edifica.com.bo\/?p=1180\",\"url\":\"https:\/\/www.edifica.com.bo\/?p=1180\",\"name\":\"Facundo Baudoin: \\\"Santa Cruz adolece de espacios p\u00fablicos\\\" - Edifica Press\",\"isPartOf\":{\"@id\":\"https:\/\/www.edifica.com.bo\/#website\"},\"datePublished\":\"2023-05-05T04:03:15+00:00\",\"dateModified\":\"2023-05-05T04:03:18+00:00\",\"breadcrumb\":{\"@id\":\"https:\/\/www.edifica.com.bo\/?p=1180#breadcrumb\"},\"inLanguage\":\"es\",\"potentialAction\":[{\"@type\":\"ReadAction\",\"target\":[\"https:\/\/www.edifica.com.bo\/?p=1180\"]}]},{\"@type\":\"BreadcrumbList\",\"@id\":\"https:\/\/www.edifica.com.bo\/?p=1180#breadcrumb\",\"itemListElement\":[{\"@type\":\"ListItem\",\"position\":1,\"name\":\"Portada\",\"item\":\"https:\/\/www.edifica.com.bo\/\"},{\"@type\":\"ListItem\",\"position\":2,\"name\":\"Facundo Baudoin: &#8220;Santa Cruz adolece de espacios p\u00fablicos&#8221;\"}]},{\"@type\":\"WebSite\",\"@id\":\"https:\/\/www.edifica.com.bo\/#website\",\"url\":\"https:\/\/www.edifica.com.bo\/\",\"name\":\"Edifica Press\",\"description\":\"Revista Periodistica\",\"publisher\":{\"@id\":\"https:\/\/www.edifica.com.bo\/#organization\"},\"potentialAction\":[{\"@type\":\"SearchAction\",\"target\":{\"@type\":\"EntryPoint\",\"urlTemplate\":\"https:\/\/www.edifica.com.bo\/?s={search_term_string}\"},\"query-input\":\"required name=search_term_string\"}],\"inLanguage\":\"es\"},{\"@type\":\"Organization\",\"@id\":\"https:\/\/www.edifica.com.bo\/#organization\",\"name\":\"Edifica Press\",\"url\":\"https:\/\/www.edifica.com.bo\/\",\"logo\":{\"@type\":\"ImageObject\",\"inLanguage\":\"es\",\"@id\":\"https:\/\/www.edifica.com.bo\/#\/schema\/logo\/image\/\",\"url\":\"https:\/\/www.edifica.com.bo\/wp-content\/uploads\/2022\/04\/LOGO-EDIFICAPRESS2022.jpg\",\"contentUrl\":\"https:\/\/www.edifica.com.bo\/wp-content\/uploads\/2022\/04\/LOGO-EDIFICAPRESS2022.jpg\",\"width\":1200,\"height\":200,\"caption\":\"Edifica Press\"},\"image\":{\"@id\":\"https:\/\/www.edifica.com.bo\/#\/schema\/logo\/image\/\"},\"sameAs\":[\"https:\/\/www.facebook.com\/NegociosPressBolivia\"]},{\"@type\":\"Person\",\"@id\":\"https:\/\/www.edifica.com.bo\/#\/schema\/person\/115d63d49a533166b9aed20f704f4c6c\",\"name\":\"Yandira Toledo\",\"image\":{\"@type\":\"ImageObject\",\"inLanguage\":\"es\",\"@id\":\"https:\/\/www.edifica.com.bo\/#\/schema\/person\/image\/\",\"url\":\"https:\/\/secure.gravatar.com\/avatar\/ea966cd6bbbe46cf393468ac8bc1bdcc?s=96&d=mm&r=g\",\"contentUrl\":\"https:\/\/secure.gravatar.com\/avatar\/ea966cd6bbbe46cf393468ac8bc1bdcc?s=96&d=mm&r=g\",\"caption\":\"Yandira Toledo\"},\"sameAs\":[\"http:\/\/www.edifica.com.bo\"],\"url\":\"https:\/\/www.edifica.com.bo\/?author=3\"}]}<\/script>\n<!-- \/ Yoast SEO plugin. -->","yoast_head_json":{"title":"Facundo Baudoin: \"Santa Cruz adolece de espacios p\u00fablicos\" - Edifica Press","robots":{"index":"index","follow":"follow","max-snippet":"max-snippet:-1","max-image-preview":"max-image-preview:large","max-video-preview":"max-video-preview:-1"},"canonical":"https:\/\/www.edifica.com.bo\/?p=1180","og_locale":"es_ES","og_type":"article","og_title":"Facundo Baudoin: \"Santa Cruz adolece de espacios p\u00fablicos\" - Edifica Press","og_description":"Considera que no es casual el estrepitoso crecimiento del ciclismo como una b\u00fasqueda del disfrute social del espacio p\u00fablico. Hay una revalorizaci\u00f3n colectiva y muchas veces inocente de la necesidad de los espacios p\u00fablicos, donde poder socializar. Se considera un profesional que busca \u201cdemocratizar la arquitectura\u201d para que llegue a las personas que m\u00e1s lo &hellip;","og_url":"https:\/\/www.edifica.com.bo\/?p=1180","og_site_name":"Edifica Press","article_publisher":"https:\/\/www.facebook.com\/NegociosPressBolivia","article_published_time":"2023-05-05T04:03:15+00:00","article_modified_time":"2023-05-05T04:03:18+00:00","og_image":[{"width":1362,"height":985,"url":"https:\/\/www.edifica.com.bo\/wp-content\/uploads\/2023\/05\/web-fac1.jpg","type":"image\/jpeg"}],"author":"Yandira Toledo","twitter_card":"summary_large_image","twitter_misc":{"Escrito por":"Yandira Toledo","Tiempo de lectura":"6 minutos"},"schema":{"@context":"https:\/\/schema.org","@graph":[{"@type":"Article","@id":"https:\/\/www.edifica.com.bo\/?p=1180#article","isPartOf":{"@id":"https:\/\/www.edifica.com.bo\/?p=1180"},"author":{"name":"Yandira Toledo","@id":"https:\/\/www.edifica.com.bo\/#\/schema\/person\/115d63d49a533166b9aed20f704f4c6c"},"headline":"Facundo Baudoin: &#8220;Santa Cruz adolece de espacios p\u00fablicos&#8221;","datePublished":"2023-05-05T04:03:15+00:00","dateModified":"2023-05-05T04:03:18+00:00","mainEntityOfPage":{"@id":"https:\/\/www.edifica.com.bo\/?p=1180"},"wordCount":1306,"commentCount":0,"publisher":{"@id":"https:\/\/www.edifica.com.bo\/#organization"},"articleSection":["ENTREVISTA"],"inLanguage":"es","potentialAction":[{"@type":"CommentAction","name":"Comment","target":["https:\/\/www.edifica.com.bo\/?p=1180#respond"]}]},{"@type":"WebPage","@id":"https:\/\/www.edifica.com.bo\/?p=1180","url":"https:\/\/www.edifica.com.bo\/?p=1180","name":"Facundo Baudoin: \"Santa Cruz adolece de espacios p\u00fablicos\" - Edifica Press","isPartOf":{"@id":"https:\/\/www.edifica.com.bo\/#website"},"datePublished":"2023-05-05T04:03:15+00:00","dateModified":"2023-05-05T04:03:18+00:00","breadcrumb":{"@id":"https:\/\/www.edifica.com.bo\/?p=1180#breadcrumb"},"inLanguage":"es","potentialAction":[{"@type":"ReadAction","target":["https:\/\/www.edifica.com.bo\/?p=1180"]}]},{"@type":"BreadcrumbList","@id":"https:\/\/www.edifica.com.bo\/?p=1180#breadcrumb","itemListElement":[{"@type":"ListItem","position":1,"name":"Portada","item":"https:\/\/www.edifica.com.bo\/"},{"@type":"ListItem","position":2,"name":"Facundo Baudoin: &#8220;Santa Cruz adolece de espacios p\u00fablicos&#8221;"}]},{"@type":"WebSite","@id":"https:\/\/www.edifica.com.bo\/#website","url":"https:\/\/www.edifica.com.bo\/","name":"Edifica Press","description":"Revista Periodistica","publisher":{"@id":"https:\/\/www.edifica.com.bo\/#organization"},"potentialAction":[{"@type":"SearchAction","target":{"@type":"EntryPoint","urlTemplate":"https:\/\/www.edifica.com.bo\/?s={search_term_string}"},"query-input":"required name=search_term_string"}],"inLanguage":"es"},{"@type":"Organization","@id":"https:\/\/www.edifica.com.bo\/#organization","name":"Edifica Press","url":"https:\/\/www.edifica.com.bo\/","logo":{"@type":"ImageObject","inLanguage":"es","@id":"https:\/\/www.edifica.com.bo\/#\/schema\/logo\/image\/","url":"https:\/\/www.edifica.com.bo\/wp-content\/uploads\/2022\/04\/LOGO-EDIFICAPRESS2022.jpg","contentUrl":"https:\/\/www.edifica.com.bo\/wp-content\/uploads\/2022\/04\/LOGO-EDIFICAPRESS2022.jpg","width":1200,"height":200,"caption":"Edifica Press"},"image":{"@id":"https:\/\/www.edifica.com.bo\/#\/schema\/logo\/image\/"},"sameAs":["https:\/\/www.facebook.com\/NegociosPressBolivia"]},{"@type":"Person","@id":"https:\/\/www.edifica.com.bo\/#\/schema\/person\/115d63d49a533166b9aed20f704f4c6c","name":"Yandira Toledo","image":{"@type":"ImageObject","inLanguage":"es","@id":"https:\/\/www.edifica.com.bo\/#\/schema\/person\/image\/","url":"https:\/\/secure.gravatar.com\/avatar\/ea966cd6bbbe46cf393468ac8bc1bdcc?s=96&d=mm&r=g","contentUrl":"https:\/\/secure.gravatar.com\/avatar\/ea966cd6bbbe46cf393468ac8bc1bdcc?s=96&d=mm&r=g","caption":"Yandira Toledo"},"sameAs":["http:\/\/www.edifica.com.bo"],"url":"https:\/\/www.edifica.com.bo\/?author=3"}]}},"_links":{"self":[{"href":"https:\/\/www.edifica.com.bo\/index.php?rest_route=\/wp\/v2\/posts\/1180"}],"collection":[{"href":"https:\/\/www.edifica.com.bo\/index.php?rest_route=\/wp\/v2\/posts"}],"about":[{"href":"https:\/\/www.edifica.com.bo\/index.php?rest_route=\/wp\/v2\/types\/post"}],"author":[{"embeddable":true,"href":"https:\/\/www.edifica.com.bo\/index.php?rest_route=\/wp\/v2\/users\/3"}],"replies":[{"embeddable":true,"href":"https:\/\/www.edifica.com.bo\/index.php?rest_route=%2Fwp%2Fv2%2Fcomments&post=1180"}],"version-history":[{"count":1,"href":"https:\/\/www.edifica.com.bo\/index.php?rest_route=\/wp\/v2\/posts\/1180\/revisions"}],"predecessor-version":[{"id":1182,"href":"https:\/\/www.edifica.com.bo\/index.php?rest_route=\/wp\/v2\/posts\/1180\/revisions\/1182"}],"wp:featuredmedia":[{"embeddable":true,"href":"https:\/\/www.edifica.com.bo\/index.php?rest_route=\/wp\/v2\/media\/1181"}],"wp:attachment":[{"href":"https:\/\/www.edifica.com.bo\/index.php?rest_route=%2Fwp%2Fv2%2Fmedia&parent=1180"}],"wp:term":[{"taxonomy":"category","embeddable":true,"href":"https:\/\/www.edifica.com.bo\/index.php?rest_route=%2Fwp%2Fv2%2Fcategories&post=1180"},{"taxonomy":"post_tag","embeddable":true,"href":"https:\/\/www.edifica.com.bo\/index.php?rest_route=%2Fwp%2Fv2%2Ftags&post=1180"}],"curies":[{"name":"wp","href":"https:\/\/api.w.org\/{rel}","templated":true}]}}