{"id":1251,"date":"2023-05-29T14:43:52","date_gmt":"2023-05-29T14:43:52","guid":{"rendered":"https:\/\/www.edifica.com.bo\/?p=1251"},"modified":"2023-05-29T14:43:55","modified_gmt":"2023-05-29T14:43:55","slug":"luis-a-quito-velasco-casacor-creo-una-gran-red-de-profesionales-y-proveedores","status":"publish","type":"post","link":"https:\/\/www.edifica.com.bo\/?p=1251","title":{"rendered":"Luis A. &#8216;Quito&#8217; Velasco: &#8220;CASACOR cre\u00f3 una gran red de profesionales y proveedores&#8221;"},"content":{"rendered":"\n<h2 class=\"wp-block-heading\">La muestra de arquitectura, dise\u00f1o y paisajismo m\u00e1s importante de las Am\u00e9ricas lleg\u00f3 a su d\u00e9cima versi\u00f3n con \u201cCuerpo &amp; Morada\u201d. Se lleva a cabo desde el 24 de mayo al 1 de julio.<\/h2>\n\n\n\n<p>La d\u00e9cima versi\u00f3n de CASACOR Bolivia abri\u00f3 sus puertas con 36 espacios inspirados en &#8220;Cuerpo &amp; Morada&#8221;. En la inauguraci\u00f3n se distingui\u00f3 a los profesionales y empresas que apostaron por el evento desde sus inicios.<\/p>\n\n\n\n<p><strong>Qu\u00e9 significa para CasaCor llegar a su d\u00e9cima versi\u00f3n?<\/strong><br>Es una etapa de mucho aprendizaje, de crecimiento y de posicionamiento como una marca nueva que empez\u00f3 en nuestro pa\u00eds. Con orgullo puedo decir que hay un antes y un despu\u00e9s de CasaCor en todos los sentidos, de crecimiento profesional, el aporte de CasaCor hacia profesionales que han pasado por ella, creo que ha sido muy grande. A\u00f1o tras a\u00f1o vemos la evoluci\u00f3n, hoy estamos haciendo el libro de los 10 a\u00f1os de CasaCor donde se podr\u00e1n ver m\u00e1s de 10 mil fotos de estos 10 a\u00f1os.<br>Creo que CasaCor ha contribuido al pa\u00eds, a Santa Cruz y no solo en el \u00e1rea profesional en el alto contenido est\u00e9tico y de vanguardia, sino que las marcas que traen productos para el mercado, siempre han estado a la vanguardia un paso adelante. Hemos tenido y tenemos el privilegio que hay muchos materiales que se lanzan en Bolivia dentro del marco de CasaCor, y que el apoyo y soporte de estas empresas ha sido fundamental para el crecimiento del mercado de la arquitectura y la decoraci\u00f3n.<\/p>\n\n\n\n<p><strong>\u00bfQu\u00e9 hitos, en el \u00e1mbito del dise\u00f1o y la arquitectura, ha marcado CasaCor?<br><\/strong>Formar profesionales integrales, aprendieron a cuidar todos los detalles y elementos.<br>Se crea una gran red de proveedores internamente en CasaCor, tanto con profesionales que ofrecen servicios y equipamiento al sector. Somos una gran familia, hay que destacar el cooperativismo y la colaboraci\u00f3n de unos a otros.<br>Creo que es muy importante para futuras generaciones de arquitectos que est\u00e1 ligada al tema de la construcci\u00f3n y decoraci\u00f3n, el visitar CasaCor como el caso de los estudiantes que empiezan como pasantes y que ya tienen la oportunidad de estar en el campo de batalla viendo lo que es la incursi\u00f3n a las novedades del sistema constructivo, son muchos los aportes, m\u00e1s all\u00e1 de restaurar casonas antiguas o predios que nadie vio la belleza que pod\u00eda tener y que los transformamos, los convertimos en lugares atractivos y con un potencial \u00fanico.<br>La revalorizaci\u00f3n de estos inmuebles es algo que va perdurar a trav\u00e9s del tiempo.<\/p>\n\n\n\n<p><strong>\u00bfCu\u00e1l ha sido el impacto de CasaCor en el \u00e1mbito econ\u00f3mico y en el sector de la construcci\u00f3n en el transcurso de esta d\u00e9cada?<\/strong><br>Aproximar al arquitecto hacia el proveedor o patrocinador, el no tener una barrera entre due\u00f1os de empresas y arquitectos j\u00f3venes, crear una red de fidelizaci\u00f3n entre los j\u00f3venes profesionales y las marcas.<br>El efecto multiplicador es muy amplio, porque no se limita solo a los arquitectos participantes, sino al personal de las empresas que llega al evento.<br>Lo que genera CasaCor en mano de obra es impresionante, d\u00eda a d\u00eda pasan m\u00e1s de 1.000 personas durante el montaje entre t\u00e9cnicos, obreros, pintores, soldadores, etc.<\/p>\n\n\n\n<p><strong>PERFIL<\/strong><\/p>\n\n\n\n<p><strong>Luis Alberto \u2018Quito\u2019 Velasco Perrog\u00f3n<\/strong> <em>es graduado de la Universidad Privada de Santa Cruz de la Sierra &#8211; UPSA de la carrera de Dise\u00f1o de Interiores y Paisajismo. Inici\u00f3 su vida profesional en el a\u00f1o 1984 en el \u00e1mbito de la decoraci\u00f3n. Ha desarrollado trabajos en paisajismo, alegor\u00edas carnavaleras, escenarios, decoraci\u00f3n de interiores y comercial, siempre ligado a los grandes escenarios y eventos. Es el creador de Casacor en Bolivia y Director de este grupo de trabajo.<\/em><\/p>\n","protected":false},"excerpt":{"rendered":"<p>La muestra de arquitectura, dise\u00f1o y paisajismo m\u00e1s importante de las Am\u00e9ricas lleg\u00f3 a su d\u00e9cima versi\u00f3n con \u201cCuerpo &amp; Morada\u201d. Se lleva a cabo desde el 24 de mayo al 1 de julio. La d\u00e9cima versi\u00f3n de CASACOR Bolivia abri\u00f3 sus puertas con 36 espacios inspirados en &#8220;Cuerpo &amp; Morada&#8221;. En la inauguraci\u00f3n se &hellip;<\/p>\n","protected":false},"author":3,"featured_media":1252,"comment_status":"open","ping_status":"open","sticky":false,"template":"","format":"standard","meta":{"footnotes":""},"categories":[32],"tags":[],"yoast_head":"<!-- This site is optimized with the Yoast SEO plugin v21.9.1 - https:\/\/yoast.com\/wordpress\/plugins\/seo\/ -->\n<title>Luis A. &#039;Quito&#039; Velasco: &quot;CASACOR cre\u00f3 una gran red de profesionales y proveedores&quot; - Edifica Press<\/title>\n<meta name=\"robots\" content=\"index, follow, max-snippet:-1, max-image-preview:large, max-video-preview:-1\" \/>\n<link rel=\"canonical\" href=\"https:\/\/www.edifica.com.bo\/?p=1251\" \/>\n<meta property=\"og:locale\" content=\"es_ES\" \/>\n<meta property=\"og:type\" content=\"article\" \/>\n<meta property=\"og:title\" content=\"Luis A. &#039;Quito&#039; Velasco: &quot;CASACOR cre\u00f3 una gran red de profesionales y proveedores&quot; - Edifica Press\" \/>\n<meta property=\"og:description\" content=\"La muestra de arquitectura, dise\u00f1o y paisajismo m\u00e1s importante de las Am\u00e9ricas lleg\u00f3 a su d\u00e9cima versi\u00f3n con \u201cCuerpo &amp; Morada\u201d. Se lleva a cabo desde el 24 de mayo al 1 de julio. La d\u00e9cima versi\u00f3n de CASACOR Bolivia abri\u00f3 sus puertas con 36 espacios inspirados en &#8220;Cuerpo &amp; Morada&#8221;. En la inauguraci\u00f3n se &hellip;\" \/>\n<meta property=\"og:url\" content=\"https:\/\/www.edifica.com.bo\/?p=1251\" \/>\n<meta property=\"og:site_name\" content=\"Edifica Press\" \/>\n<meta property=\"article:publisher\" content=\"https:\/\/www.facebook.com\/NegociosPressBolivia\" \/>\n<meta property=\"article:published_time\" content=\"2023-05-29T14:43:52+00:00\" \/>\n<meta property=\"article:modified_time\" content=\"2023-05-29T14:43:55+00:00\" \/>\n<meta property=\"og:image\" content=\"https:\/\/www.edifica.com.bo\/wp-content\/uploads\/2023\/05\/JHON5673-1.jpg\" \/>\n\t<meta property=\"og:image:width\" content=\"1443\" \/>\n\t<meta property=\"og:image:height\" content=\"1703\" \/>\n\t<meta property=\"og:image:type\" content=\"image\/jpeg\" \/>\n<meta name=\"author\" content=\"Yandira Toledo\" \/>\n<meta name=\"twitter:card\" content=\"summary_large_image\" \/>\n<meta name=\"twitter:label1\" content=\"Escrito por\" \/>\n\t<meta name=\"twitter:data1\" content=\"Yandira Toledo\" \/>\n\t<meta name=\"twitter:label2\" content=\"Tiempo de lectura\" \/>\n\t<meta name=\"twitter:data2\" content=\"3 minutos\" \/>\n<script type=\"application\/ld+json\" class=\"yoast-schema-graph\">{\"@context\":\"https:\/\/schema.org\",\"@graph\":[{\"@type\":\"Article\",\"@id\":\"https:\/\/www.edifica.com.bo\/?p=1251#article\",\"isPartOf\":{\"@id\":\"https:\/\/www.edifica.com.bo\/?p=1251\"},\"author\":{\"name\":\"Yandira Toledo\",\"@id\":\"https:\/\/www.edifica.com.bo\/#\/schema\/person\/115d63d49a533166b9aed20f704f4c6c\"},\"headline\":\"Luis A. &#8216;Quito&#8217; Velasco: &#8220;CASACOR cre\u00f3 una gran red de profesionales y proveedores&#8221;\",\"datePublished\":\"2023-05-29T14:43:52+00:00\",\"dateModified\":\"2023-05-29T14:43:55+00:00\",\"mainEntityOfPage\":{\"@id\":\"https:\/\/www.edifica.com.bo\/?p=1251\"},\"wordCount\":658,\"commentCount\":0,\"publisher\":{\"@id\":\"https:\/\/www.edifica.com.bo\/#organization\"},\"articleSection\":[\"ENTREVISTA\"],\"inLanguage\":\"es\",\"potentialAction\":[{\"@type\":\"CommentAction\",\"name\":\"Comment\",\"target\":[\"https:\/\/www.edifica.com.bo\/?p=1251#respond\"]}]},{\"@type\":\"WebPage\",\"@id\":\"https:\/\/www.edifica.com.bo\/?p=1251\",\"url\":\"https:\/\/www.edifica.com.bo\/?p=1251\",\"name\":\"Luis A. 'Quito' Velasco: \\\"CASACOR cre\u00f3 una gran red de profesionales y proveedores\\\" - Edifica Press\",\"isPartOf\":{\"@id\":\"https:\/\/www.edifica.com.bo\/#website\"},\"datePublished\":\"2023-05-29T14:43:52+00:00\",\"dateModified\":\"2023-05-29T14:43:55+00:00\",\"breadcrumb\":{\"@id\":\"https:\/\/www.edifica.com.bo\/?p=1251#breadcrumb\"},\"inLanguage\":\"es\",\"potentialAction\":[{\"@type\":\"ReadAction\",\"target\":[\"https:\/\/www.edifica.com.bo\/?p=1251\"]}]},{\"@type\":\"BreadcrumbList\",\"@id\":\"https:\/\/www.edifica.com.bo\/?p=1251#breadcrumb\",\"itemListElement\":[{\"@type\":\"ListItem\",\"position\":1,\"name\":\"Portada\",\"item\":\"https:\/\/www.edifica.com.bo\/\"},{\"@type\":\"ListItem\",\"position\":2,\"name\":\"Luis A. &#8216;Quito&#8217; Velasco: &#8220;CASACOR cre\u00f3 una gran red de profesionales y proveedores&#8221;\"}]},{\"@type\":\"WebSite\",\"@id\":\"https:\/\/www.edifica.com.bo\/#website\",\"url\":\"https:\/\/www.edifica.com.bo\/\",\"name\":\"Edifica Press\",\"description\":\"Revista Periodistica\",\"publisher\":{\"@id\":\"https:\/\/www.edifica.com.bo\/#organization\"},\"potentialAction\":[{\"@type\":\"SearchAction\",\"target\":{\"@type\":\"EntryPoint\",\"urlTemplate\":\"https:\/\/www.edifica.com.bo\/?s={search_term_string}\"},\"query-input\":\"required name=search_term_string\"}],\"inLanguage\":\"es\"},{\"@type\":\"Organization\",\"@id\":\"https:\/\/www.edifica.com.bo\/#organization\",\"name\":\"Edifica Press\",\"url\":\"https:\/\/www.edifica.com.bo\/\",\"logo\":{\"@type\":\"ImageObject\",\"inLanguage\":\"es\",\"@id\":\"https:\/\/www.edifica.com.bo\/#\/schema\/logo\/image\/\",\"url\":\"https:\/\/www.edifica.com.bo\/wp-content\/uploads\/2022\/04\/LOGO-EDIFICAPRESS2022.jpg\",\"contentUrl\":\"https:\/\/www.edifica.com.bo\/wp-content\/uploads\/2022\/04\/LOGO-EDIFICAPRESS2022.jpg\",\"width\":1200,\"height\":200,\"caption\":\"Edifica Press\"},\"image\":{\"@id\":\"https:\/\/www.edifica.com.bo\/#\/schema\/logo\/image\/\"},\"sameAs\":[\"https:\/\/www.facebook.com\/NegociosPressBolivia\"]},{\"@type\":\"Person\",\"@id\":\"https:\/\/www.edifica.com.bo\/#\/schema\/person\/115d63d49a533166b9aed20f704f4c6c\",\"name\":\"Yandira Toledo\",\"image\":{\"@type\":\"ImageObject\",\"inLanguage\":\"es\",\"@id\":\"https:\/\/www.edifica.com.bo\/#\/schema\/person\/image\/\",\"url\":\"https:\/\/secure.gravatar.com\/avatar\/ea966cd6bbbe46cf393468ac8bc1bdcc?s=96&d=mm&r=g\",\"contentUrl\":\"https:\/\/secure.gravatar.com\/avatar\/ea966cd6bbbe46cf393468ac8bc1bdcc?s=96&d=mm&r=g\",\"caption\":\"Yandira Toledo\"},\"sameAs\":[\"http:\/\/www.edifica.com.bo\"],\"url\":\"https:\/\/www.edifica.com.bo\/?author=3\"}]}<\/script>\n<!-- \/ Yoast SEO plugin. -->","yoast_head_json":{"title":"Luis A. 'Quito' Velasco: \"CASACOR cre\u00f3 una gran red de profesionales y proveedores\" - Edifica Press","robots":{"index":"index","follow":"follow","max-snippet":"max-snippet:-1","max-image-preview":"max-image-preview:large","max-video-preview":"max-video-preview:-1"},"canonical":"https:\/\/www.edifica.com.bo\/?p=1251","og_locale":"es_ES","og_type":"article","og_title":"Luis A. 'Quito' Velasco: \"CASACOR cre\u00f3 una gran red de profesionales y proveedores\" - Edifica Press","og_description":"La muestra de arquitectura, dise\u00f1o y paisajismo m\u00e1s importante de las Am\u00e9ricas lleg\u00f3 a su d\u00e9cima versi\u00f3n con \u201cCuerpo &amp; Morada\u201d. Se lleva a cabo desde el 24 de mayo al 1 de julio. La d\u00e9cima versi\u00f3n de CASACOR Bolivia abri\u00f3 sus puertas con 36 espacios inspirados en &#8220;Cuerpo &amp; Morada&#8221;. En la inauguraci\u00f3n se &hellip;","og_url":"https:\/\/www.edifica.com.bo\/?p=1251","og_site_name":"Edifica Press","article_publisher":"https:\/\/www.facebook.com\/NegociosPressBolivia","article_published_time":"2023-05-29T14:43:52+00:00","article_modified_time":"2023-05-29T14:43:55+00:00","og_image":[{"width":1443,"height":1703,"url":"https:\/\/www.edifica.com.bo\/wp-content\/uploads\/2023\/05\/JHON5673-1.jpg","type":"image\/jpeg"}],"author":"Yandira Toledo","twitter_card":"summary_large_image","twitter_misc":{"Escrito por":"Yandira Toledo","Tiempo de lectura":"3 minutos"},"schema":{"@context":"https:\/\/schema.org","@graph":[{"@type":"Article","@id":"https:\/\/www.edifica.com.bo\/?p=1251#article","isPartOf":{"@id":"https:\/\/www.edifica.com.bo\/?p=1251"},"author":{"name":"Yandira Toledo","@id":"https:\/\/www.edifica.com.bo\/#\/schema\/person\/115d63d49a533166b9aed20f704f4c6c"},"headline":"Luis A. &#8216;Quito&#8217; Velasco: &#8220;CASACOR cre\u00f3 una gran red de profesionales y proveedores&#8221;","datePublished":"2023-05-29T14:43:52+00:00","dateModified":"2023-05-29T14:43:55+00:00","mainEntityOfPage":{"@id":"https:\/\/www.edifica.com.bo\/?p=1251"},"wordCount":658,"commentCount":0,"publisher":{"@id":"https:\/\/www.edifica.com.bo\/#organization"},"articleSection":["ENTREVISTA"],"inLanguage":"es","potentialAction":[{"@type":"CommentAction","name":"Comment","target":["https:\/\/www.edifica.com.bo\/?p=1251#respond"]}]},{"@type":"WebPage","@id":"https:\/\/www.edifica.com.bo\/?p=1251","url":"https:\/\/www.edifica.com.bo\/?p=1251","name":"Luis A. 'Quito' Velasco: \"CASACOR cre\u00f3 una gran red de profesionales y proveedores\" - Edifica Press","isPartOf":{"@id":"https:\/\/www.edifica.com.bo\/#website"},"datePublished":"2023-05-29T14:43:52+00:00","dateModified":"2023-05-29T14:43:55+00:00","breadcrumb":{"@id":"https:\/\/www.edifica.com.bo\/?p=1251#breadcrumb"},"inLanguage":"es","potentialAction":[{"@type":"ReadAction","target":["https:\/\/www.edifica.com.bo\/?p=1251"]}]},{"@type":"BreadcrumbList","@id":"https:\/\/www.edifica.com.bo\/?p=1251#breadcrumb","itemListElement":[{"@type":"ListItem","position":1,"name":"Portada","item":"https:\/\/www.edifica.com.bo\/"},{"@type":"ListItem","position":2,"name":"Luis A. &#8216;Quito&#8217; Velasco: &#8220;CASACOR cre\u00f3 una gran red de profesionales y proveedores&#8221;"}]},{"@type":"WebSite","@id":"https:\/\/www.edifica.com.bo\/#website","url":"https:\/\/www.edifica.com.bo\/","name":"Edifica Press","description":"Revista Periodistica","publisher":{"@id":"https:\/\/www.edifica.com.bo\/#organization"},"potentialAction":[{"@type":"SearchAction","target":{"@type":"EntryPoint","urlTemplate":"https:\/\/www.edifica.com.bo\/?s={search_term_string}"},"query-input":"required name=search_term_string"}],"inLanguage":"es"},{"@type":"Organization","@id":"https:\/\/www.edifica.com.bo\/#organization","name":"Edifica Press","url":"https:\/\/www.edifica.com.bo\/","logo":{"@type":"ImageObject","inLanguage":"es","@id":"https:\/\/www.edifica.com.bo\/#\/schema\/logo\/image\/","url":"https:\/\/www.edifica.com.bo\/wp-content\/uploads\/2022\/04\/LOGO-EDIFICAPRESS2022.jpg","contentUrl":"https:\/\/www.edifica.com.bo\/wp-content\/uploads\/2022\/04\/LOGO-EDIFICAPRESS2022.jpg","width":1200,"height":200,"caption":"Edifica Press"},"image":{"@id":"https:\/\/www.edifica.com.bo\/#\/schema\/logo\/image\/"},"sameAs":["https:\/\/www.facebook.com\/NegociosPressBolivia"]},{"@type":"Person","@id":"https:\/\/www.edifica.com.bo\/#\/schema\/person\/115d63d49a533166b9aed20f704f4c6c","name":"Yandira Toledo","image":{"@type":"ImageObject","inLanguage":"es","@id":"https:\/\/www.edifica.com.bo\/#\/schema\/person\/image\/","url":"https:\/\/secure.gravatar.com\/avatar\/ea966cd6bbbe46cf393468ac8bc1bdcc?s=96&d=mm&r=g","contentUrl":"https:\/\/secure.gravatar.com\/avatar\/ea966cd6bbbe46cf393468ac8bc1bdcc?s=96&d=mm&r=g","caption":"Yandira Toledo"},"sameAs":["http:\/\/www.edifica.com.bo"],"url":"https:\/\/www.edifica.com.bo\/?author=3"}]}},"_links":{"self":[{"href":"https:\/\/www.edifica.com.bo\/index.php?rest_route=\/wp\/v2\/posts\/1251"}],"collection":[{"href":"https:\/\/www.edifica.com.bo\/index.php?rest_route=\/wp\/v2\/posts"}],"about":[{"href":"https:\/\/www.edifica.com.bo\/index.php?rest_route=\/wp\/v2\/types\/post"}],"author":[{"embeddable":true,"href":"https:\/\/www.edifica.com.bo\/index.php?rest_route=\/wp\/v2\/users\/3"}],"replies":[{"embeddable":true,"href":"https:\/\/www.edifica.com.bo\/index.php?rest_route=%2Fwp%2Fv2%2Fcomments&post=1251"}],"version-history":[{"count":1,"href":"https:\/\/www.edifica.com.bo\/index.php?rest_route=\/wp\/v2\/posts\/1251\/revisions"}],"predecessor-version":[{"id":1253,"href":"https:\/\/www.edifica.com.bo\/index.php?rest_route=\/wp\/v2\/posts\/1251\/revisions\/1253"}],"wp:featuredmedia":[{"embeddable":true,"href":"https:\/\/www.edifica.com.bo\/index.php?rest_route=\/wp\/v2\/media\/1252"}],"wp:attachment":[{"href":"https:\/\/www.edifica.com.bo\/index.php?rest_route=%2Fwp%2Fv2%2Fmedia&parent=1251"}],"wp:term":[{"taxonomy":"category","embeddable":true,"href":"https:\/\/www.edifica.com.bo\/index.php?rest_route=%2Fwp%2Fv2%2Fcategories&post=1251"},{"taxonomy":"post_tag","embeddable":true,"href":"https:\/\/www.edifica.com.bo\/index.php?rest_route=%2Fwp%2Fv2%2Ftags&post=1251"}],"curies":[{"name":"wp","href":"https:\/\/api.w.org\/{rel}","templated":true}]}}