{"id":1287,"date":"2023-07-06T20:14:51","date_gmt":"2023-07-06T20:14:51","guid":{"rendered":"https:\/\/www.edifica.com.bo\/?p=1287"},"modified":"2023-07-06T20:14:54","modified_gmt":"2023-07-06T20:14:54","slug":"franz-rivero-arce-esperamos-menos-acoso-en-materia-fiscal-e-igualdad-de-condiciones","status":"publish","type":"post","link":"https:\/\/www.edifica.com.bo\/?p=1287","title":{"rendered":"Franz Rivero Arce: &#8220;\u201cEsperamos menos acoso en materia fiscal e igualdad de condiciones\u201d"},"content":{"rendered":"\n<h2 class=\"wp-block-heading\">El rubro inmobiliario contin\u00faa a la espera la aprobaci\u00f3n del proyecto de Ley de Servicios Inmobiliarios que present\u00f3 hace casi dos a\u00f1os, y que a\u00fan est\u00e1 en tratamiento legislativo. No obstante, en t\u00e9rminos generales, el sector pasa por una relativa estabilidad.<\/h2>\n\n\n\n<p>El recientemente elegido presidente de la C\u00e1mara Inmobiliaria de Santa Cruz (CAINCRUZ), Franz Rivero Arce, habl\u00f3 de los desaf\u00edos que tiene como cabeza de esta instituci\u00f3n, as\u00ed como las necesidades y la situaci\u00f3n en general del rubro inmobiliario.<br>A poco de haber sido posesionado como nuevo presidente de CAINCRUZ, \u00bfcu\u00e1l es su principal desaf\u00edo?<br>El plan de trabajo que ideamos quienes conformamos el directorio de CAINCRUZ 2023-2025 titula \u201cExcelencia y Resiliencia\u201d, y con esa denominaci\u00f3n queremos imprimir un sello de alta calidad en todas las actividades que desarrollemos a cargo de nuestra C\u00e1mara Inmobiliaria de Santa Cruz.<br>El principal objetivo de este directorio es reposicionar a CAINCRUZ como la C\u00e1mara Inmobiliaria m\u00e1s representativa, s\u00f3lida y profesional de Bolivia. Esto ser\u00e1 posible a trav\u00e9s de objetivos como: convertirnos en un referente del sector privado y p\u00fablico en temas inmobiliarios, aumentar la membres\u00eda de sus asociados, fortalecer a la instituci\u00f3n en los \u00e1mbitos econ\u00f3micos, profesional o de capacitaci\u00f3n y social.<\/p>\n\n\n\n<p><strong>\u00bfCu\u00e1l es la situaci\u00f3n del sector inmobiliario? \u00bfSe registra un crecimiento?<\/strong><br>A pesar de los embates de la econom\u00eda y pol\u00edtica nacional, en t\u00e9rminos generales, el sector inmobiliario pasa por una relativa estabilidad. Sin embargo, para referirnos a cada eslab\u00f3n de la cadena de valor del sector, al menos los de la intermediaci\u00f3n y consultor\u00eda inmobiliaria, que son a los que nos dedicamos la mayor\u00eda de las empresas asociadas a CAINCRUZ, pasa por una situaci\u00f3n m\u00e1s estable que la del resto de actores de la cadena de valor, como son los constructores, desarrolladores, proveedores de materiales y servicios, profesionales independientes (arquitectos, ingenieros, abogados, contadores, etc) y la banca.<br>Los efectos de la escasez de d\u00f3lares americanos en nuestra econom\u00eda y la liquidaci\u00f3n del banco Fassil no han afectado significativamente en la necesidad de vivienda de los diferentes estratos socioecon\u00f3micos (bajo, medio y alto) al menos en Santa Cruz, y respecto a los clientes empresariales, comerciales e industriales, estos han demostrado algo m\u00e1s de cautela en la toma de decisiones de compra o alquiler de activos, como oficinas, locales comerciales, galpones y terrenos.<br>Por todo ello, demostrar \u00edndices de relativa estabilidad o un leve crecimiento en algunos estratos socioecon\u00f3micos, podr\u00eda decirse que es una victoria.<\/p>\n\n\n\n<p><strong>\u00bfEn qu\u00e9 \u00e1reas se ha desarrollado m\u00e1s el sector inmobiliario?<\/strong><br>Al referirnos a las \u00e1reas geogr\u00e1ficas m\u00e1s desarrolladas del sector inmobiliario, tambi\u00e9n llamados submercados de los principales municipios del departamento, en la capital cruce\u00f1a es conocido que la zona norte es la m\u00e1s cotizada para vivienda y comercio, en la zona noreste entre 4to y 8vo anillo est\u00e1n asentadas buena parte de las industrias medianas y pesadas del departamento, sin olvidar otras que est\u00e1n al sur del municipio de Warnes.<br>En el noroeste de la ciudad, entre el 2do y 4to anillo, est\u00e1n asentados la mayor cantidad de edificios corporativos o empresariales, que est\u00e1n rodeados de un importante n\u00famero de viviendas en propiedad horizontal, como es el caso de los barrios Equipetrol, Equipetrol Norte y Sirari.<br>Al sur y suroeste tenemos varias empresas de los sectores de petr\u00f3leo, gas y transporte; al este, existen urbanizaciones y tambi\u00e9n empresas de alimentos, silos y semillas, y en general, una densa ocupaci\u00f3n hasta un s\u00e9ptimo anillo que va creciendo a un ritmo acelerado y que en algunos casos se ve tard\u00eda la llegada de servicios b\u00e1sicos como agua potable, alcantarillado, energ\u00eda el\u00e9ctrica y pavimento a cargo en su mayor\u00eda de las alcald\u00eda y de las cooperativas de servicios.<\/p>\n\n\n\n<p><strong>\u00bfCu\u00e1les son las principales fortalezas y las necesidades del rubro?<\/strong><br>En t\u00e9rminos espec\u00edficos, es decir, con relaci\u00f3n solamente al corretaje inmobiliario, consideramos que sus principales fortalezas son la adaptabilidad y perseverancia de sus actores, sean peque\u00f1os, medianos o grandes.<br>Por otra parte, creemos que las necesidades del sector son las mismas que la del empresariado en general: menos acoso del Estado en materia fiscal, flexibilidad laboral, sana competencia en igualdad de condiciones y que el Estado pueda darle m\u00e1s atenci\u00f3n, a pesar de que hay otros temas nacionales de vital importancia, al proyecto de Ley de Servicios Inmobiliarios que presentamos hace casi dos a\u00f1os atr\u00e1s y que a\u00fan est\u00e1 en tratamiento legislativo.<\/p>\n\n\n\n<p><strong>\u00bfQu\u00e9 indican las cifras del sector inmobiliario? Es decir cu\u00e1l es su impacto en la econom\u00eda?<\/strong><br>A principio de a\u00f1o, CADECOCRUZ nos informaba que el sector de la construcci\u00f3n en general compuesto por el que desarrolla infraestructura civil como el privado para todo tipo de uso (residencial, comercial, industrial, etc) preve\u00eda cerrar un crecimiento del 3,15% a nivel nacional.<br>De ese porcentaje, confiamos que Santa Cruz aporta un importante n\u00famero de permisos de construcci\u00f3n de edificios, casas e inmuebles comerciales, de los que a su vez, los intermediarios inmobiliarios nos beneficiamos directamente e indirectamente con alguna operaci\u00f3n inmobiliaria: venta, alquiler o anticr\u00e9tico.<br>Adicionalmente, tenemos los inmuebles que ya son parte del inventario de inmuebles disponibles por su antig\u00fcedad y que son aptos para la re-venta, alquiler o anticr\u00e9tico, o de la administraci\u00f3n de propiedades y en casos particulares, de alg\u00fan servicio de consultor\u00eda especializada (estudios de mercado, opiniones de valor, etc).<br>Hace aproximadamente 2 a\u00f1os, CAINCRUZ est\u00e1 trabajando en la revisi\u00f3n de un convenio con el Instituto Cruce\u00f1o de Estad\u00edstica \u2013 ICE dependiente de la Gobernaci\u00f3n, con el que pueda relevar, procesar y difundir informaci\u00f3n estad\u00edstica del sector. Esperamos que este segundo semestre del 2023 hagamos posible ese convenio.<\/p>\n\n\n\n<p>PERFIL<\/p>\n\n\n\n<p>Franz J. Rivero Arce<br>Es licenciado en Derecho por la UCB Cochabamba. Es Master en Administraci\u00f3n de Empresas &#8211; MBA por la UPSA y tiene un Diplomado en gerencia de empresas inmobiliarias por la NUR.<br>Es socio fundador y Gerente administrativo de GERA LTDA. &#8211; Santa Cruz Inmuebles.<br>Se ha desempe\u00f1ado como presidente del directorio de la C\u00e1mara de Inmobiliarias de Santa Cruz &#8211; CAINCRUZ (ex CICRUZ) gesti\u00f3n 2015-2017.<br>Fue docente de postgrado en temas legales inmobiliarios en distintas universidades privadas.<br>Es socio fundador y CEO de Uno Corporaci\u00f3n Inmobiliaria. Adem\u00e1s es Founder de la comunidad inmobiliaria digital \u201cProptech Bolivia\u201d, integrada a la red \u201cLatinoam\u00e9rica Prop &amp; Contech\u201d.<br>Asumi\u00f3 recientemente como presidente del directorio de la C\u00e1mara de Inmobiliarias de Santa Cruz &#8211; CAINCRUZ gesti\u00f3n 2023-2025.<\/p>\n","protected":false},"excerpt":{"rendered":"<p>El rubro inmobiliario contin\u00faa a la espera la aprobaci\u00f3n del proyecto de Ley de Servicios Inmobiliarios que present\u00f3 hace casi dos a\u00f1os, y que a\u00fan est\u00e1 en tratamiento legislativo. No obstante, en t\u00e9rminos generales, el sector pasa por una relativa estabilidad. El recientemente elegido presidente de la C\u00e1mara Inmobiliaria de Santa Cruz (CAINCRUZ), Franz Rivero &hellip;<\/p>\n","protected":false},"author":3,"featured_media":1288,"comment_status":"open","ping_status":"open","sticky":false,"template":"","format":"standard","meta":{"footnotes":""},"categories":[32],"tags":[],"yoast_head":"<!-- This site is optimized with the Yoast SEO plugin v21.9.1 - https:\/\/yoast.com\/wordpress\/plugins\/seo\/ -->\n<title>Franz Rivero Arce: &quot;\u201cEsperamos menos acoso en materia fiscal e igualdad de condiciones\u201d - Edifica Press<\/title>\n<meta name=\"robots\" content=\"index, follow, max-snippet:-1, max-image-preview:large, max-video-preview:-1\" \/>\n<link rel=\"canonical\" href=\"https:\/\/www.edifica.com.bo\/?p=1287\" \/>\n<meta property=\"og:locale\" content=\"es_ES\" \/>\n<meta property=\"og:type\" content=\"article\" \/>\n<meta property=\"og:title\" content=\"Franz Rivero Arce: &quot;\u201cEsperamos menos acoso en materia fiscal e igualdad de condiciones\u201d - Edifica Press\" \/>\n<meta property=\"og:description\" content=\"El rubro inmobiliario contin\u00faa a la espera la aprobaci\u00f3n del proyecto de Ley de Servicios Inmobiliarios que present\u00f3 hace casi dos a\u00f1os, y que a\u00fan est\u00e1 en tratamiento legislativo. No obstante, en t\u00e9rminos generales, el sector pasa por una relativa estabilidad. El recientemente elegido presidente de la C\u00e1mara Inmobiliaria de Santa Cruz (CAINCRUZ), Franz Rivero &hellip;\" \/>\n<meta property=\"og:url\" content=\"https:\/\/www.edifica.com.bo\/?p=1287\" \/>\n<meta property=\"og:site_name\" content=\"Edifica Press\" \/>\n<meta property=\"article:publisher\" content=\"https:\/\/www.facebook.com\/NegociosPressBolivia\" \/>\n<meta property=\"article:published_time\" content=\"2023-07-06T20:14:51+00:00\" \/>\n<meta property=\"article:modified_time\" content=\"2023-07-06T20:14:54+00:00\" \/>\n<meta property=\"og:image\" content=\"https:\/\/www.edifica.com.bo\/wp-content\/uploads\/2023\/07\/Franz-J.-Rivero-Arce-Caincruzweb.png\" \/>\n\t<meta property=\"og:image:width\" content=\"960\" \/>\n\t<meta property=\"og:image:height\" content=\"561\" \/>\n\t<meta property=\"og:image:type\" content=\"image\/png\" \/>\n<meta name=\"author\" content=\"Yandira Toledo\" \/>\n<meta name=\"twitter:card\" content=\"summary_large_image\" \/>\n<meta name=\"twitter:label1\" content=\"Escrito por\" \/>\n\t<meta name=\"twitter:data1\" content=\"Yandira Toledo\" \/>\n\t<meta name=\"twitter:label2\" content=\"Tiempo de lectura\" \/>\n\t<meta name=\"twitter:data2\" content=\"6 minutos\" \/>\n<script type=\"application\/ld+json\" class=\"yoast-schema-graph\">{\"@context\":\"https:\/\/schema.org\",\"@graph\":[{\"@type\":\"Article\",\"@id\":\"https:\/\/www.edifica.com.bo\/?p=1287#article\",\"isPartOf\":{\"@id\":\"https:\/\/www.edifica.com.bo\/?p=1287\"},\"author\":{\"name\":\"Yandira Toledo\",\"@id\":\"https:\/\/www.edifica.com.bo\/#\/schema\/person\/115d63d49a533166b9aed20f704f4c6c\"},\"headline\":\"Franz Rivero Arce: &#8220;\u201cEsperamos menos acoso en materia fiscal e igualdad de condiciones\u201d\",\"datePublished\":\"2023-07-06T20:14:51+00:00\",\"dateModified\":\"2023-07-06T20:14:54+00:00\",\"mainEntityOfPage\":{\"@id\":\"https:\/\/www.edifica.com.bo\/?p=1287\"},\"wordCount\":1155,\"commentCount\":0,\"publisher\":{\"@id\":\"https:\/\/www.edifica.com.bo\/#organization\"},\"articleSection\":[\"ENTREVISTA\"],\"inLanguage\":\"es\",\"potentialAction\":[{\"@type\":\"CommentAction\",\"name\":\"Comment\",\"target\":[\"https:\/\/www.edifica.com.bo\/?p=1287#respond\"]}]},{\"@type\":\"WebPage\",\"@id\":\"https:\/\/www.edifica.com.bo\/?p=1287\",\"url\":\"https:\/\/www.edifica.com.bo\/?p=1287\",\"name\":\"Franz Rivero Arce: \\\"\u201cEsperamos menos acoso en materia fiscal e igualdad de condiciones\u201d - Edifica Press\",\"isPartOf\":{\"@id\":\"https:\/\/www.edifica.com.bo\/#website\"},\"datePublished\":\"2023-07-06T20:14:51+00:00\",\"dateModified\":\"2023-07-06T20:14:54+00:00\",\"breadcrumb\":{\"@id\":\"https:\/\/www.edifica.com.bo\/?p=1287#breadcrumb\"},\"inLanguage\":\"es\",\"potentialAction\":[{\"@type\":\"ReadAction\",\"target\":[\"https:\/\/www.edifica.com.bo\/?p=1287\"]}]},{\"@type\":\"BreadcrumbList\",\"@id\":\"https:\/\/www.edifica.com.bo\/?p=1287#breadcrumb\",\"itemListElement\":[{\"@type\":\"ListItem\",\"position\":1,\"name\":\"Portada\",\"item\":\"https:\/\/www.edifica.com.bo\/\"},{\"@type\":\"ListItem\",\"position\":2,\"name\":\"Franz Rivero Arce: &#8220;\u201cEsperamos menos acoso en materia fiscal e igualdad de condiciones\u201d\"}]},{\"@type\":\"WebSite\",\"@id\":\"https:\/\/www.edifica.com.bo\/#website\",\"url\":\"https:\/\/www.edifica.com.bo\/\",\"name\":\"Edifica Press\",\"description\":\"Revista Periodistica\",\"publisher\":{\"@id\":\"https:\/\/www.edifica.com.bo\/#organization\"},\"potentialAction\":[{\"@type\":\"SearchAction\",\"target\":{\"@type\":\"EntryPoint\",\"urlTemplate\":\"https:\/\/www.edifica.com.bo\/?s={search_term_string}\"},\"query-input\":\"required name=search_term_string\"}],\"inLanguage\":\"es\"},{\"@type\":\"Organization\",\"@id\":\"https:\/\/www.edifica.com.bo\/#organization\",\"name\":\"Edifica Press\",\"url\":\"https:\/\/www.edifica.com.bo\/\",\"logo\":{\"@type\":\"ImageObject\",\"inLanguage\":\"es\",\"@id\":\"https:\/\/www.edifica.com.bo\/#\/schema\/logo\/image\/\",\"url\":\"https:\/\/www.edifica.com.bo\/wp-content\/uploads\/2022\/04\/LOGO-EDIFICAPRESS2022.jpg\",\"contentUrl\":\"https:\/\/www.edifica.com.bo\/wp-content\/uploads\/2022\/04\/LOGO-EDIFICAPRESS2022.jpg\",\"width\":1200,\"height\":200,\"caption\":\"Edifica Press\"},\"image\":{\"@id\":\"https:\/\/www.edifica.com.bo\/#\/schema\/logo\/image\/\"},\"sameAs\":[\"https:\/\/www.facebook.com\/NegociosPressBolivia\"]},{\"@type\":\"Person\",\"@id\":\"https:\/\/www.edifica.com.bo\/#\/schema\/person\/115d63d49a533166b9aed20f704f4c6c\",\"name\":\"Yandira Toledo\",\"image\":{\"@type\":\"ImageObject\",\"inLanguage\":\"es\",\"@id\":\"https:\/\/www.edifica.com.bo\/#\/schema\/person\/image\/\",\"url\":\"https:\/\/secure.gravatar.com\/avatar\/ea966cd6bbbe46cf393468ac8bc1bdcc?s=96&d=mm&r=g\",\"contentUrl\":\"https:\/\/secure.gravatar.com\/avatar\/ea966cd6bbbe46cf393468ac8bc1bdcc?s=96&d=mm&r=g\",\"caption\":\"Yandira Toledo\"},\"sameAs\":[\"http:\/\/www.edifica.com.bo\"],\"url\":\"https:\/\/www.edifica.com.bo\/?author=3\"}]}<\/script>\n<!-- \/ Yoast SEO plugin. -->","yoast_head_json":{"title":"Franz Rivero Arce: \"\u201cEsperamos menos acoso en materia fiscal e igualdad de condiciones\u201d - Edifica Press","robots":{"index":"index","follow":"follow","max-snippet":"max-snippet:-1","max-image-preview":"max-image-preview:large","max-video-preview":"max-video-preview:-1"},"canonical":"https:\/\/www.edifica.com.bo\/?p=1287","og_locale":"es_ES","og_type":"article","og_title":"Franz Rivero Arce: \"\u201cEsperamos menos acoso en materia fiscal e igualdad de condiciones\u201d - Edifica Press","og_description":"El rubro inmobiliario contin\u00faa a la espera la aprobaci\u00f3n del proyecto de Ley de Servicios Inmobiliarios que present\u00f3 hace casi dos a\u00f1os, y que a\u00fan est\u00e1 en tratamiento legislativo. No obstante, en t\u00e9rminos generales, el sector pasa por una relativa estabilidad. El recientemente elegido presidente de la C\u00e1mara Inmobiliaria de Santa Cruz (CAINCRUZ), Franz Rivero &hellip;","og_url":"https:\/\/www.edifica.com.bo\/?p=1287","og_site_name":"Edifica Press","article_publisher":"https:\/\/www.facebook.com\/NegociosPressBolivia","article_published_time":"2023-07-06T20:14:51+00:00","article_modified_time":"2023-07-06T20:14:54+00:00","og_image":[{"width":960,"height":561,"url":"https:\/\/www.edifica.com.bo\/wp-content\/uploads\/2023\/07\/Franz-J.-Rivero-Arce-Caincruzweb.png","type":"image\/png"}],"author":"Yandira Toledo","twitter_card":"summary_large_image","twitter_misc":{"Escrito por":"Yandira Toledo","Tiempo de lectura":"6 minutos"},"schema":{"@context":"https:\/\/schema.org","@graph":[{"@type":"Article","@id":"https:\/\/www.edifica.com.bo\/?p=1287#article","isPartOf":{"@id":"https:\/\/www.edifica.com.bo\/?p=1287"},"author":{"name":"Yandira Toledo","@id":"https:\/\/www.edifica.com.bo\/#\/schema\/person\/115d63d49a533166b9aed20f704f4c6c"},"headline":"Franz Rivero Arce: &#8220;\u201cEsperamos menos acoso en materia fiscal e igualdad de condiciones\u201d","datePublished":"2023-07-06T20:14:51+00:00","dateModified":"2023-07-06T20:14:54+00:00","mainEntityOfPage":{"@id":"https:\/\/www.edifica.com.bo\/?p=1287"},"wordCount":1155,"commentCount":0,"publisher":{"@id":"https:\/\/www.edifica.com.bo\/#organization"},"articleSection":["ENTREVISTA"],"inLanguage":"es","potentialAction":[{"@type":"CommentAction","name":"Comment","target":["https:\/\/www.edifica.com.bo\/?p=1287#respond"]}]},{"@type":"WebPage","@id":"https:\/\/www.edifica.com.bo\/?p=1287","url":"https:\/\/www.edifica.com.bo\/?p=1287","name":"Franz Rivero Arce: \"\u201cEsperamos menos acoso en materia fiscal e igualdad de condiciones\u201d - Edifica Press","isPartOf":{"@id":"https:\/\/www.edifica.com.bo\/#website"},"datePublished":"2023-07-06T20:14:51+00:00","dateModified":"2023-07-06T20:14:54+00:00","breadcrumb":{"@id":"https:\/\/www.edifica.com.bo\/?p=1287#breadcrumb"},"inLanguage":"es","potentialAction":[{"@type":"ReadAction","target":["https:\/\/www.edifica.com.bo\/?p=1287"]}]},{"@type":"BreadcrumbList","@id":"https:\/\/www.edifica.com.bo\/?p=1287#breadcrumb","itemListElement":[{"@type":"ListItem","position":1,"name":"Portada","item":"https:\/\/www.edifica.com.bo\/"},{"@type":"ListItem","position":2,"name":"Franz Rivero Arce: &#8220;\u201cEsperamos menos acoso en materia fiscal e igualdad de condiciones\u201d"}]},{"@type":"WebSite","@id":"https:\/\/www.edifica.com.bo\/#website","url":"https:\/\/www.edifica.com.bo\/","name":"Edifica Press","description":"Revista Periodistica","publisher":{"@id":"https:\/\/www.edifica.com.bo\/#organization"},"potentialAction":[{"@type":"SearchAction","target":{"@type":"EntryPoint","urlTemplate":"https:\/\/www.edifica.com.bo\/?s={search_term_string}"},"query-input":"required name=search_term_string"}],"inLanguage":"es"},{"@type":"Organization","@id":"https:\/\/www.edifica.com.bo\/#organization","name":"Edifica Press","url":"https:\/\/www.edifica.com.bo\/","logo":{"@type":"ImageObject","inLanguage":"es","@id":"https:\/\/www.edifica.com.bo\/#\/schema\/logo\/image\/","url":"https:\/\/www.edifica.com.bo\/wp-content\/uploads\/2022\/04\/LOGO-EDIFICAPRESS2022.jpg","contentUrl":"https:\/\/www.edifica.com.bo\/wp-content\/uploads\/2022\/04\/LOGO-EDIFICAPRESS2022.jpg","width":1200,"height":200,"caption":"Edifica Press"},"image":{"@id":"https:\/\/www.edifica.com.bo\/#\/schema\/logo\/image\/"},"sameAs":["https:\/\/www.facebook.com\/NegociosPressBolivia"]},{"@type":"Person","@id":"https:\/\/www.edifica.com.bo\/#\/schema\/person\/115d63d49a533166b9aed20f704f4c6c","name":"Yandira Toledo","image":{"@type":"ImageObject","inLanguage":"es","@id":"https:\/\/www.edifica.com.bo\/#\/schema\/person\/image\/","url":"https:\/\/secure.gravatar.com\/avatar\/ea966cd6bbbe46cf393468ac8bc1bdcc?s=96&d=mm&r=g","contentUrl":"https:\/\/secure.gravatar.com\/avatar\/ea966cd6bbbe46cf393468ac8bc1bdcc?s=96&d=mm&r=g","caption":"Yandira Toledo"},"sameAs":["http:\/\/www.edifica.com.bo"],"url":"https:\/\/www.edifica.com.bo\/?author=3"}]}},"_links":{"self":[{"href":"https:\/\/www.edifica.com.bo\/index.php?rest_route=\/wp\/v2\/posts\/1287"}],"collection":[{"href":"https:\/\/www.edifica.com.bo\/index.php?rest_route=\/wp\/v2\/posts"}],"about":[{"href":"https:\/\/www.edifica.com.bo\/index.php?rest_route=\/wp\/v2\/types\/post"}],"author":[{"embeddable":true,"href":"https:\/\/www.edifica.com.bo\/index.php?rest_route=\/wp\/v2\/users\/3"}],"replies":[{"embeddable":true,"href":"https:\/\/www.edifica.com.bo\/index.php?rest_route=%2Fwp%2Fv2%2Fcomments&post=1287"}],"version-history":[{"count":1,"href":"https:\/\/www.edifica.com.bo\/index.php?rest_route=\/wp\/v2\/posts\/1287\/revisions"}],"predecessor-version":[{"id":1289,"href":"https:\/\/www.edifica.com.bo\/index.php?rest_route=\/wp\/v2\/posts\/1287\/revisions\/1289"}],"wp:featuredmedia":[{"embeddable":true,"href":"https:\/\/www.edifica.com.bo\/index.php?rest_route=\/wp\/v2\/media\/1288"}],"wp:attachment":[{"href":"https:\/\/www.edifica.com.bo\/index.php?rest_route=%2Fwp%2Fv2%2Fmedia&parent=1287"}],"wp:term":[{"taxonomy":"category","embeddable":true,"href":"https:\/\/www.edifica.com.bo\/index.php?rest_route=%2Fwp%2Fv2%2Fcategories&post=1287"},{"taxonomy":"post_tag","embeddable":true,"href":"https:\/\/www.edifica.com.bo\/index.php?rest_route=%2Fwp%2Fv2%2Ftags&post=1287"}],"curies":[{"name":"wp","href":"https:\/\/api.w.org\/{rel}","templated":true}]}}