{"id":1325,"date":"2023-11-23T13:39:42","date_gmt":"2023-11-23T13:39:42","guid":{"rendered":"https:\/\/www.edifica.com.bo\/?p=1325"},"modified":"2023-11-23T13:39:44","modified_gmt":"2023-11-23T13:39:44","slug":"vivian-roda-las-buenas-practicas-mejoran-la-calidad-de-vida","status":"publish","type":"post","link":"https:\/\/www.edifica.com.bo\/?p=1325","title":{"rendered":"Vivian Roda: &#8220;Las buenas pr\u00e1cticas mejoran la calidad de vida&#8221;"},"content":{"rendered":"\n<h2 class=\"wp-block-heading\">La nueva tendencia en arquitectura busca espacios flexibles y adaptables. Los arquitectos tienen la responsabilidad de dise\u00f1ar espacios que integren y respeten la ecolog\u00eda, tanto en dise\u00f1o como en materiales y t\u00e9cnicas de construcci\u00f3n sostenible.<\/h2>\n\n\n\n<p><strong><em>C\u00f3mo concibe la idea de sus proyectos o dise\u00f1os, y cu\u00e1les son los elementos que caracterizan sus obras?<\/em><\/strong><br>Al empezar a dise\u00f1ar, siempre me pongo en el lugar del usuario final. Si yo viviera ah\u00ed, si yo trabajara ah\u00ed, \u00bfqu\u00e9 quisiera de ese lugar? \u00bfQu\u00e9 aspectos son importantes para vivir o trabajar mejor en ese espacio?<br>Analizo el contexto: comprender el entorno en el que se va a construir, incluyendo la cultura del lugar. Si es una empresa, \u00bfCu\u00e1l es la cultura de la empresa? Estudio tambi\u00e9n la funcionalidad del proyecto: debe responder a las necesidades del cliente. La est\u00e9tica, la sostenibilidad, la innovaci\u00f3n, flexibilidad del dise\u00f1o tambi\u00e9n son factores cruciales que van moldeando un dise\u00f1o.<\/p>\n\n\n\n<p><strong><em>En CasaCor exhibi\u00f3 el Descanso bajo la Higuera, \u00bfEn qu\u00e9 se inspir\u00f3 y por qu\u00e9 eligi\u00f3 esa tem\u00e1tica, los detalles, elementos y texturas?<\/em><\/strong><br>Mi participaci\u00f3n en CasaCor fue una experiencia muy especial. Dise\u00f1\u00e9 el espacio oficial de Gladymar, empresa de mi familia, en el cual se utiliz\u00f3 materiales de todo el Grupo Roda. Trabajamos de la mano de CIMAL, GRAMAR y todos los productos importados por Gladymar: Deca, Coral, Eliane, etc.<br>Descanso bajo la Higuera est\u00e1 inspirado en la morada interior del ser humano, el espacio. Resumi\u00f3 lo que Santa Teresa de Jes\u00fas describi\u00f3 como el alma humana: un castillo compuesto por muchos aposentos que se conectan unos a otros, mediante un recorrido similar al de un laberinto. En este laberinto existe un solo camino que lleva a la \u00fanica meta final: la uni\u00f3n del alma con Dios.<br>El elemento m\u00e1s importante del espacio fue un peque\u00f1o \u00e1rbol de higo. Un \u00e1rbol de gran significado en la vida espiritual, pues representa la fecundidad, prosperidad, abundancia y salud. Y es justo ah\u00ed, bajo las extensas ramas que irrumpieron el espacio, d\u00f3nde se cre\u00f3 un lugar de reposo.<br>La simplicidad en la forma, la generosidad del espacio, la riqueza de las texturas y la paleta monocrom\u00e1tica hacen de este espacio un lugar de delicada sofisticaci\u00f3n. El leve brillo en el piso, el mes\u00f3n colgante y la elegancia de la madera Morado revistiendo el respaldo del gran cuadro de la Virgen Mar\u00eda (de Bethania Sauto), crearon el ambiente perfecto para entrar a las moradas m\u00e1s \u00edntimas y finalmente a la felicidad plena.<\/p>\n\n\n\n<p><strong><em>\u00bfCu\u00e1les son las tendencias en dise\u00f1o y arquitectura en Bolivia? \u00bfC\u00f3mo influyen los temas medioambientales para proyectar espacios habitacionales?<\/em><\/strong><br>La tendencia en dise\u00f1o y arquitectura actual a mi criterio, tiene dos principios. El primero, es la b\u00fasqueda de espacios flexibles y adaptables a necesidades que pueden cambiar de un d\u00eda para otro. El segundo, y m\u00e1s importante, es la responsabilidad que tenemos como arquitectos de dise\u00f1ar espacios que integren y respeten la ecolog\u00eda, tanto en dise\u00f1o como en el uso de materiales y t\u00e9cnicas de construcci\u00f3n sostenibles.<br>Un punto clave, por ejemplo, es la incorporaci\u00f3n de sistemas de energ\u00eda renovable y eficiente. Utilizar estas fuentes de energ\u00eda en nuestras obras ayuda a reducir el impacto ambiental de los edificios y contribuyen a la lucha contra el cambio clim\u00e1tico. Estas buenas pr\u00e1cticas mejoran la calidad de vida y el confort del usuario final.<\/p>\n\n\n\n<p><strong>PERFIL<\/strong><\/p>\n\n\n\n<p>Vivian Roda estudi\u00f3 arquitectura en la University of Florida en Gainesville, trabaj\u00f3 en STA Architectural Group en Miami, Florida. Curs\u00f3 una Maestr\u00eda en Arquitectura en Washington University in St. Louis (en Saint Louis, Missouri). Regres\u00f3 a Santa Cruz para trabajar en proyectos del Grupo Roda. Luego instal\u00f3 una empresa de dise\u00f1o y papeler\u00eda. Ocho a\u00f1os despu\u00e9s, volvi\u00f3 a la arquitectura y dise\u00f1\u00f3 el espacio oficial de Gladymar en CasaCor 2023.<\/p>\n","protected":false},"excerpt":{"rendered":"<p>La nueva tendencia en arquitectura busca espacios flexibles y adaptables. Los arquitectos tienen la responsabilidad de dise\u00f1ar espacios que integren y respeten la ecolog\u00eda, tanto en dise\u00f1o como en materiales y t\u00e9cnicas de construcci\u00f3n sostenible. C\u00f3mo concibe la idea de sus proyectos o dise\u00f1os, y cu\u00e1les son los elementos que caracterizan sus obras?Al empezar a &hellip;<\/p>\n","protected":false},"author":3,"featured_media":1326,"comment_status":"open","ping_status":"open","sticky":false,"template":"","format":"standard","meta":{"footnotes":""},"categories":[32],"tags":[],"yoast_head":"<!-- This site is optimized with the Yoast SEO plugin v21.9.1 - https:\/\/yoast.com\/wordpress\/plugins\/seo\/ -->\n<title>Vivian Roda: &quot;Las buenas pr\u00e1cticas mejoran la calidad de vida&quot; - Edifica Press<\/title>\n<meta name=\"robots\" content=\"index, follow, max-snippet:-1, max-image-preview:large, max-video-preview:-1\" \/>\n<link rel=\"canonical\" href=\"https:\/\/www.edifica.com.bo\/?p=1325\" \/>\n<meta property=\"og:locale\" content=\"es_ES\" \/>\n<meta property=\"og:type\" content=\"article\" \/>\n<meta property=\"og:title\" content=\"Vivian Roda: &quot;Las buenas pr\u00e1cticas mejoran la calidad de vida&quot; - Edifica Press\" \/>\n<meta property=\"og:description\" content=\"La nueva tendencia en arquitectura busca espacios flexibles y adaptables. Los arquitectos tienen la responsabilidad de dise\u00f1ar espacios que integren y respeten la ecolog\u00eda, tanto en dise\u00f1o como en materiales y t\u00e9cnicas de construcci\u00f3n sostenible. C\u00f3mo concibe la idea de sus proyectos o dise\u00f1os, y cu\u00e1les son los elementos que caracterizan sus obras?Al empezar a &hellip;\" \/>\n<meta property=\"og:url\" content=\"https:\/\/www.edifica.com.bo\/?p=1325\" \/>\n<meta property=\"og:site_name\" content=\"Edifica Press\" \/>\n<meta property=\"article:publisher\" content=\"https:\/\/www.facebook.com\/NegociosPressBolivia\" \/>\n<meta property=\"article:published_time\" content=\"2023-11-23T13:39:42+00:00\" \/>\n<meta property=\"article:modified_time\" content=\"2023-11-23T13:39:44+00:00\" \/>\n<meta property=\"og:image\" content=\"https:\/\/www.edifica.com.bo\/wp-content\/uploads\/2023\/11\/Arq-Vivian-Roda-web.jpg\" \/>\n\t<meta property=\"og:image:width\" content=\"2195\" \/>\n\t<meta property=\"og:image:height\" content=\"1486\" \/>\n\t<meta property=\"og:image:type\" content=\"image\/jpeg\" \/>\n<meta name=\"author\" content=\"Yandira Toledo\" \/>\n<meta name=\"twitter:card\" content=\"summary_large_image\" \/>\n<meta name=\"twitter:label1\" content=\"Escrito por\" \/>\n\t<meta name=\"twitter:data1\" content=\"Yandira Toledo\" \/>\n\t<meta name=\"twitter:label2\" content=\"Tiempo de lectura\" \/>\n\t<meta name=\"twitter:data2\" content=\"3 minutos\" \/>\n<script type=\"application\/ld+json\" class=\"yoast-schema-graph\">{\"@context\":\"https:\/\/schema.org\",\"@graph\":[{\"@type\":\"Article\",\"@id\":\"https:\/\/www.edifica.com.bo\/?p=1325#article\",\"isPartOf\":{\"@id\":\"https:\/\/www.edifica.com.bo\/?p=1325\"},\"author\":{\"name\":\"Yandira Toledo\",\"@id\":\"https:\/\/www.edifica.com.bo\/#\/schema\/person\/115d63d49a533166b9aed20f704f4c6c\"},\"headline\":\"Vivian Roda: &#8220;Las buenas pr\u00e1cticas mejoran la calidad de vida&#8221;\",\"datePublished\":\"2023-11-23T13:39:42+00:00\",\"dateModified\":\"2023-11-23T13:39:44+00:00\",\"mainEntityOfPage\":{\"@id\":\"https:\/\/www.edifica.com.bo\/?p=1325\"},\"wordCount\":683,\"commentCount\":0,\"publisher\":{\"@id\":\"https:\/\/www.edifica.com.bo\/#organization\"},\"articleSection\":[\"ENTREVISTA\"],\"inLanguage\":\"es\",\"potentialAction\":[{\"@type\":\"CommentAction\",\"name\":\"Comment\",\"target\":[\"https:\/\/www.edifica.com.bo\/?p=1325#respond\"]}]},{\"@type\":\"WebPage\",\"@id\":\"https:\/\/www.edifica.com.bo\/?p=1325\",\"url\":\"https:\/\/www.edifica.com.bo\/?p=1325\",\"name\":\"Vivian Roda: \\\"Las buenas pr\u00e1cticas mejoran la calidad de vida\\\" - Edifica Press\",\"isPartOf\":{\"@id\":\"https:\/\/www.edifica.com.bo\/#website\"},\"datePublished\":\"2023-11-23T13:39:42+00:00\",\"dateModified\":\"2023-11-23T13:39:44+00:00\",\"breadcrumb\":{\"@id\":\"https:\/\/www.edifica.com.bo\/?p=1325#breadcrumb\"},\"inLanguage\":\"es\",\"potentialAction\":[{\"@type\":\"ReadAction\",\"target\":[\"https:\/\/www.edifica.com.bo\/?p=1325\"]}]},{\"@type\":\"BreadcrumbList\",\"@id\":\"https:\/\/www.edifica.com.bo\/?p=1325#breadcrumb\",\"itemListElement\":[{\"@type\":\"ListItem\",\"position\":1,\"name\":\"Portada\",\"item\":\"https:\/\/www.edifica.com.bo\/\"},{\"@type\":\"ListItem\",\"position\":2,\"name\":\"Vivian Roda: &#8220;Las buenas pr\u00e1cticas mejoran la calidad de vida&#8221;\"}]},{\"@type\":\"WebSite\",\"@id\":\"https:\/\/www.edifica.com.bo\/#website\",\"url\":\"https:\/\/www.edifica.com.bo\/\",\"name\":\"Edifica Press\",\"description\":\"Revista Periodistica\",\"publisher\":{\"@id\":\"https:\/\/www.edifica.com.bo\/#organization\"},\"potentialAction\":[{\"@type\":\"SearchAction\",\"target\":{\"@type\":\"EntryPoint\",\"urlTemplate\":\"https:\/\/www.edifica.com.bo\/?s={search_term_string}\"},\"query-input\":\"required name=search_term_string\"}],\"inLanguage\":\"es\"},{\"@type\":\"Organization\",\"@id\":\"https:\/\/www.edifica.com.bo\/#organization\",\"name\":\"Edifica Press\",\"url\":\"https:\/\/www.edifica.com.bo\/\",\"logo\":{\"@type\":\"ImageObject\",\"inLanguage\":\"es\",\"@id\":\"https:\/\/www.edifica.com.bo\/#\/schema\/logo\/image\/\",\"url\":\"https:\/\/www.edifica.com.bo\/wp-content\/uploads\/2022\/04\/LOGO-EDIFICAPRESS2022.jpg\",\"contentUrl\":\"https:\/\/www.edifica.com.bo\/wp-content\/uploads\/2022\/04\/LOGO-EDIFICAPRESS2022.jpg\",\"width\":1200,\"height\":200,\"caption\":\"Edifica Press\"},\"image\":{\"@id\":\"https:\/\/www.edifica.com.bo\/#\/schema\/logo\/image\/\"},\"sameAs\":[\"https:\/\/www.facebook.com\/NegociosPressBolivia\"]},{\"@type\":\"Person\",\"@id\":\"https:\/\/www.edifica.com.bo\/#\/schema\/person\/115d63d49a533166b9aed20f704f4c6c\",\"name\":\"Yandira Toledo\",\"image\":{\"@type\":\"ImageObject\",\"inLanguage\":\"es\",\"@id\":\"https:\/\/www.edifica.com.bo\/#\/schema\/person\/image\/\",\"url\":\"https:\/\/secure.gravatar.com\/avatar\/ea966cd6bbbe46cf393468ac8bc1bdcc?s=96&d=mm&r=g\",\"contentUrl\":\"https:\/\/secure.gravatar.com\/avatar\/ea966cd6bbbe46cf393468ac8bc1bdcc?s=96&d=mm&r=g\",\"caption\":\"Yandira Toledo\"},\"sameAs\":[\"http:\/\/www.edifica.com.bo\"],\"url\":\"https:\/\/www.edifica.com.bo\/?author=3\"}]}<\/script>\n<!-- \/ Yoast SEO plugin. -->","yoast_head_json":{"title":"Vivian Roda: \"Las buenas pr\u00e1cticas mejoran la calidad de vida\" - Edifica Press","robots":{"index":"index","follow":"follow","max-snippet":"max-snippet:-1","max-image-preview":"max-image-preview:large","max-video-preview":"max-video-preview:-1"},"canonical":"https:\/\/www.edifica.com.bo\/?p=1325","og_locale":"es_ES","og_type":"article","og_title":"Vivian Roda: \"Las buenas pr\u00e1cticas mejoran la calidad de vida\" - Edifica Press","og_description":"La nueva tendencia en arquitectura busca espacios flexibles y adaptables. Los arquitectos tienen la responsabilidad de dise\u00f1ar espacios que integren y respeten la ecolog\u00eda, tanto en dise\u00f1o como en materiales y t\u00e9cnicas de construcci\u00f3n sostenible. C\u00f3mo concibe la idea de sus proyectos o dise\u00f1os, y cu\u00e1les son los elementos que caracterizan sus obras?Al empezar a &hellip;","og_url":"https:\/\/www.edifica.com.bo\/?p=1325","og_site_name":"Edifica Press","article_publisher":"https:\/\/www.facebook.com\/NegociosPressBolivia","article_published_time":"2023-11-23T13:39:42+00:00","article_modified_time":"2023-11-23T13:39:44+00:00","og_image":[{"width":2195,"height":1486,"url":"https:\/\/www.edifica.com.bo\/wp-content\/uploads\/2023\/11\/Arq-Vivian-Roda-web.jpg","type":"image\/jpeg"}],"author":"Yandira Toledo","twitter_card":"summary_large_image","twitter_misc":{"Escrito por":"Yandira Toledo","Tiempo de lectura":"3 minutos"},"schema":{"@context":"https:\/\/schema.org","@graph":[{"@type":"Article","@id":"https:\/\/www.edifica.com.bo\/?p=1325#article","isPartOf":{"@id":"https:\/\/www.edifica.com.bo\/?p=1325"},"author":{"name":"Yandira Toledo","@id":"https:\/\/www.edifica.com.bo\/#\/schema\/person\/115d63d49a533166b9aed20f704f4c6c"},"headline":"Vivian Roda: &#8220;Las buenas pr\u00e1cticas mejoran la calidad de vida&#8221;","datePublished":"2023-11-23T13:39:42+00:00","dateModified":"2023-11-23T13:39:44+00:00","mainEntityOfPage":{"@id":"https:\/\/www.edifica.com.bo\/?p=1325"},"wordCount":683,"commentCount":0,"publisher":{"@id":"https:\/\/www.edifica.com.bo\/#organization"},"articleSection":["ENTREVISTA"],"inLanguage":"es","potentialAction":[{"@type":"CommentAction","name":"Comment","target":["https:\/\/www.edifica.com.bo\/?p=1325#respond"]}]},{"@type":"WebPage","@id":"https:\/\/www.edifica.com.bo\/?p=1325","url":"https:\/\/www.edifica.com.bo\/?p=1325","name":"Vivian Roda: \"Las buenas pr\u00e1cticas mejoran la calidad de vida\" - Edifica Press","isPartOf":{"@id":"https:\/\/www.edifica.com.bo\/#website"},"datePublished":"2023-11-23T13:39:42+00:00","dateModified":"2023-11-23T13:39:44+00:00","breadcrumb":{"@id":"https:\/\/www.edifica.com.bo\/?p=1325#breadcrumb"},"inLanguage":"es","potentialAction":[{"@type":"ReadAction","target":["https:\/\/www.edifica.com.bo\/?p=1325"]}]},{"@type":"BreadcrumbList","@id":"https:\/\/www.edifica.com.bo\/?p=1325#breadcrumb","itemListElement":[{"@type":"ListItem","position":1,"name":"Portada","item":"https:\/\/www.edifica.com.bo\/"},{"@type":"ListItem","position":2,"name":"Vivian Roda: &#8220;Las buenas pr\u00e1cticas mejoran la calidad de vida&#8221;"}]},{"@type":"WebSite","@id":"https:\/\/www.edifica.com.bo\/#website","url":"https:\/\/www.edifica.com.bo\/","name":"Edifica Press","description":"Revista Periodistica","publisher":{"@id":"https:\/\/www.edifica.com.bo\/#organization"},"potentialAction":[{"@type":"SearchAction","target":{"@type":"EntryPoint","urlTemplate":"https:\/\/www.edifica.com.bo\/?s={search_term_string}"},"query-input":"required name=search_term_string"}],"inLanguage":"es"},{"@type":"Organization","@id":"https:\/\/www.edifica.com.bo\/#organization","name":"Edifica Press","url":"https:\/\/www.edifica.com.bo\/","logo":{"@type":"ImageObject","inLanguage":"es","@id":"https:\/\/www.edifica.com.bo\/#\/schema\/logo\/image\/","url":"https:\/\/www.edifica.com.bo\/wp-content\/uploads\/2022\/04\/LOGO-EDIFICAPRESS2022.jpg","contentUrl":"https:\/\/www.edifica.com.bo\/wp-content\/uploads\/2022\/04\/LOGO-EDIFICAPRESS2022.jpg","width":1200,"height":200,"caption":"Edifica Press"},"image":{"@id":"https:\/\/www.edifica.com.bo\/#\/schema\/logo\/image\/"},"sameAs":["https:\/\/www.facebook.com\/NegociosPressBolivia"]},{"@type":"Person","@id":"https:\/\/www.edifica.com.bo\/#\/schema\/person\/115d63d49a533166b9aed20f704f4c6c","name":"Yandira Toledo","image":{"@type":"ImageObject","inLanguage":"es","@id":"https:\/\/www.edifica.com.bo\/#\/schema\/person\/image\/","url":"https:\/\/secure.gravatar.com\/avatar\/ea966cd6bbbe46cf393468ac8bc1bdcc?s=96&d=mm&r=g","contentUrl":"https:\/\/secure.gravatar.com\/avatar\/ea966cd6bbbe46cf393468ac8bc1bdcc?s=96&d=mm&r=g","caption":"Yandira Toledo"},"sameAs":["http:\/\/www.edifica.com.bo"],"url":"https:\/\/www.edifica.com.bo\/?author=3"}]}},"_links":{"self":[{"href":"https:\/\/www.edifica.com.bo\/index.php?rest_route=\/wp\/v2\/posts\/1325"}],"collection":[{"href":"https:\/\/www.edifica.com.bo\/index.php?rest_route=\/wp\/v2\/posts"}],"about":[{"href":"https:\/\/www.edifica.com.bo\/index.php?rest_route=\/wp\/v2\/types\/post"}],"author":[{"embeddable":true,"href":"https:\/\/www.edifica.com.bo\/index.php?rest_route=\/wp\/v2\/users\/3"}],"replies":[{"embeddable":true,"href":"https:\/\/www.edifica.com.bo\/index.php?rest_route=%2Fwp%2Fv2%2Fcomments&post=1325"}],"version-history":[{"count":1,"href":"https:\/\/www.edifica.com.bo\/index.php?rest_route=\/wp\/v2\/posts\/1325\/revisions"}],"predecessor-version":[{"id":1327,"href":"https:\/\/www.edifica.com.bo\/index.php?rest_route=\/wp\/v2\/posts\/1325\/revisions\/1327"}],"wp:featuredmedia":[{"embeddable":true,"href":"https:\/\/www.edifica.com.bo\/index.php?rest_route=\/wp\/v2\/media\/1326"}],"wp:attachment":[{"href":"https:\/\/www.edifica.com.bo\/index.php?rest_route=%2Fwp%2Fv2%2Fmedia&parent=1325"}],"wp:term":[{"taxonomy":"category","embeddable":true,"href":"https:\/\/www.edifica.com.bo\/index.php?rest_route=%2Fwp%2Fv2%2Fcategories&post=1325"},{"taxonomy":"post_tag","embeddable":true,"href":"https:\/\/www.edifica.com.bo\/index.php?rest_route=%2Fwp%2Fv2%2Ftags&post=1325"}],"curies":[{"name":"wp","href":"https:\/\/api.w.org\/{rel}","templated":true}]}}