{"id":1404,"date":"2024-05-27T15:18:22","date_gmt":"2024-05-27T15:18:22","guid":{"rendered":"https:\/\/www.edifica.com.bo\/?p=1404"},"modified":"2024-05-27T15:19:18","modified_gmt":"2024-05-27T15:19:18","slug":"marcelo-morales-apostamos-por-mas-inversiones-innovamos-y-nos-estamos-diversificando","status":"publish","type":"post","link":"https:\/\/www.edifica.com.bo\/?p=1404","title":{"rendered":"Marcelo Morales: &#8220;Apostamos por m\u00e1s inversiones, innovamos y nos estamos diversificando&#8221;"},"content":{"rendered":"\n<h2 class=\"wp-block-heading\">El mercado cementero est\u00e1 en crisis, pero a\u00fan apuesta con inversiones y se sostiene con las exportaciones. En la actualidad el mercado minorista es el m\u00e1s din\u00e1mico.<\/h2>\n\n\n\n<p><strong>C\u00f3mo eval\u00faa la situaci\u00f3n del mercado cementero?<\/strong><br>Nosotros estamos pasando por un momento dif\u00edcil, no solamente Itacamba, sino todo el sector de la construcci\u00f3n y la econom\u00eda del pa\u00eds. Pero somos una empresa que tiene una inversi\u00f3n a largo plazo, y tenemos claro que vamos a seguir apostando para hacer m\u00e1s inversiones en el pa\u00eds. Incluso a\u00fan con la situaci\u00f3n complicada por la que estamos atravesando, acabamos de hacer una inversi\u00f3n; estamos construyendo una nueva planta e incursionando en un nuevo sector, entonces adem\u00e1s de innovar con nuevos productos para la construcci\u00f3n, seguimos con nuestro plan de inversiones. La empresa est\u00e1 sana y saludable, tenemos un plan estrat\u00e9gico, bien definido y vamos a seguir aportando, porque sabemos que va pasar este momento dif\u00edcil, vamos a salir.<\/p>\n\n\n\n<p><strong>\u00bfC\u00f3mo se encuentra actualmente el mercado del cemento a nivel general?<\/strong><br>Yo dir\u00eda que tiene una complicaci\u00f3n adicional, porque la capacidad de producci\u00f3n es muy grande en relaci\u00f3n a la del consumo. Hoy tenemos una producci\u00f3n de 10 millones de toneladas de cemento y la demanda es de 4 millones. Eso tiene una directa influencia y significa una pelea fuerte entre los actores del mercado, por lo tanto, baja la rentabilidad de las empresas. Pero hay que seguir adelante, hay que buscar ser m\u00e1s competitivos e innovar con nuevos productos, diversificar. Ojal\u00e1 el mercado pueda crecer para resolver la capacidad que se tiene de sobreproducci\u00f3n de cemento.<\/p>\n\n\n\n<p><strong>\u00bfQu\u00e9 sucede con el saldo de la producci\u00f3n?<\/strong><br>El saldo de producci\u00f3n se exporta, en nuestro caso estamos bien ubicados en el mercado. Hemos exportado bastante en los \u00faltimos a\u00f1os, especialmente al Paraguay. Sin embargo, estamos buscando nuevos mercados, aunque ahora con el tema de las divisas es un tema relevante.<br>Creo que en los pr\u00f3ximos meses vamos a tener novedades con respecto a un nuevo mercado de exportaci\u00f3n.<\/p>\n\n\n\n<p><strong>\u00bfCu\u00e1les son los sectores que en este momento tienen mayor demanda de cemento?<\/strong><br>El sector de minorista, es decir las peque\u00f1as obras, la gente que est\u00e1 haciendo alg\u00fan tipo de mantenimiento o remodelaci\u00f3n de sus casas, ese es el sector que es mayor cantidad de cemento est\u00e1 consumiendo. Esperamos que las grandes obras, sean p\u00fablicas o privadas, se reactiven, con eso yo creo que la construcci\u00f3n se dinamiza y el consumo de cemento aumentar\u00e1. Pero hoy, en este primer trimestre se siente mucho m\u00e1s el mercado minorista.<\/p>\n\n\n\n<p><strong>\u00bfHay movimiento? \u00bfCu\u00e1nto crece el mercado del cemento?<\/strong><br>S\u00ed, hay movimiento. Durante el primer trimestre se registr\u00f3 un crecimiento del comparado con el anterior. La expectativa es ver c\u00f3mo sigue para los pr\u00f3ximos trimestres.<br>El \u00faltimo a\u00f1o, es decir en 2023 versus 2022 hubo un crecimiento del 3% aproximadamente, para esta gesti\u00f3n nuestra expectativa es algo similar, o al menos que lleguemos al mismo crecimiento del pa\u00eds.<\/p>\n\n\n\n<p><strong>\u00bfHay inversi\u00f3n p\u00fablica?<\/strong><br>La inversi\u00f3n p\u00fablica es muy importante, y mientras el gobierno nacional, el municipio, las ciudades sigan haciendo inversiones p\u00fablicas, porque es necesario para el desarrollo del pa\u00eds, eso genera mayor consumo del cemento y por tanto mejor\u00e1 el mercado para nosotros. Es muy importante seguir con estas inversiones para dar mayor dinamismo al sector de la construcci\u00f3n.<\/p>\n\n\n\n<p>PERFIL <\/p>\n\n\n\n<p>Marcelo Morales Bastos es licenciado en Administraci\u00f3n de Empresas y MBA, tiene m\u00e1s de 25 a\u00f1os de experiencia en el \u00e1rea financiera y de negocios de grandes empresas multinacionales, de los cuales cuenta con m\u00e1s de 15 a\u00f1os en el rubro de cemento. Se ha desempe\u00f1ado como gerente de Administraci\u00f3n y Finanzas en Itacamba hace 7 a\u00f1os.<br>Hace un a\u00f1o y medio asumi\u00f3 la gerencia General de empresa. Son 9 a\u00f1os de permanencia en Bolivia, est\u00e1 casado con una boliviana y tiene tres hijos.<\/p>\n","protected":false},"excerpt":{"rendered":"<p>El mercado cementero est\u00e1 en crisis, pero a\u00fan apuesta con inversiones y se sostiene con las exportaciones. En la actualidad el mercado minorista es el m\u00e1s din\u00e1mico. C\u00f3mo eval\u00faa la situaci\u00f3n del mercado cementero?Nosotros estamos pasando por un momento dif\u00edcil, no solamente Itacamba, sino todo el sector de la construcci\u00f3n y la econom\u00eda del pa\u00eds. &hellip;<\/p>\n","protected":false},"author":3,"featured_media":1405,"comment_status":"open","ping_status":"open","sticky":false,"template":"","format":"standard","meta":{"footnotes":""},"categories":[32],"tags":[],"yoast_head":"<!-- This site is optimized with the Yoast SEO plugin v21.9.1 - https:\/\/yoast.com\/wordpress\/plugins\/seo\/ -->\n<title>Marcelo Morales: &quot;Apostamos por m\u00e1s inversiones, innovamos y nos estamos diversificando&quot; - Edifica Press<\/title>\n<meta name=\"robots\" content=\"index, follow, max-snippet:-1, max-image-preview:large, max-video-preview:-1\" \/>\n<link rel=\"canonical\" href=\"https:\/\/www.edifica.com.bo\/?p=1404\" \/>\n<meta property=\"og:locale\" content=\"es_ES\" \/>\n<meta property=\"og:type\" content=\"article\" \/>\n<meta property=\"og:title\" content=\"Marcelo Morales: &quot;Apostamos por m\u00e1s inversiones, innovamos y nos estamos diversificando&quot; - Edifica Press\" \/>\n<meta property=\"og:description\" content=\"El mercado cementero est\u00e1 en crisis, pero a\u00fan apuesta con inversiones y se sostiene con las exportaciones. En la actualidad el mercado minorista es el m\u00e1s din\u00e1mico. C\u00f3mo eval\u00faa la situaci\u00f3n del mercado cementero?Nosotros estamos pasando por un momento dif\u00edcil, no solamente Itacamba, sino todo el sector de la construcci\u00f3n y la econom\u00eda del pa\u00eds. &hellip;\" \/>\n<meta property=\"og:url\" content=\"https:\/\/www.edifica.com.bo\/?p=1404\" \/>\n<meta property=\"og:site_name\" content=\"Edifica Press\" \/>\n<meta property=\"article:publisher\" content=\"https:\/\/www.facebook.com\/NegociosPressBolivia\" \/>\n<meta property=\"article:published_time\" content=\"2024-05-27T15:18:22+00:00\" \/>\n<meta property=\"article:modified_time\" content=\"2024-05-27T15:19:18+00:00\" \/>\n<meta property=\"og:image\" content=\"https:\/\/www.edifica.com.bo\/wp-content\/uploads\/2024\/05\/Morales-Itacamabaweb.jpg\" \/>\n\t<meta property=\"og:image:width\" content=\"585\" \/>\n\t<meta property=\"og:image:height\" content=\"441\" \/>\n\t<meta property=\"og:image:type\" content=\"image\/jpeg\" \/>\n<meta name=\"author\" content=\"Yandira Toledo\" \/>\n<meta name=\"twitter:card\" content=\"summary_large_image\" \/>\n<meta name=\"twitter:label1\" content=\"Escrito por\" \/>\n\t<meta name=\"twitter:data1\" content=\"Yandira Toledo\" \/>\n\t<meta name=\"twitter:label2\" content=\"Tiempo de lectura\" \/>\n\t<meta name=\"twitter:data2\" content=\"4 minutos\" \/>\n<script type=\"application\/ld+json\" class=\"yoast-schema-graph\">{\"@context\":\"https:\/\/schema.org\",\"@graph\":[{\"@type\":\"Article\",\"@id\":\"https:\/\/www.edifica.com.bo\/?p=1404#article\",\"isPartOf\":{\"@id\":\"https:\/\/www.edifica.com.bo\/?p=1404\"},\"author\":{\"name\":\"Yandira Toledo\",\"@id\":\"https:\/\/www.edifica.com.bo\/#\/schema\/person\/115d63d49a533166b9aed20f704f4c6c\"},\"headline\":\"Marcelo Morales: &#8220;Apostamos por m\u00e1s inversiones, innovamos y nos estamos diversificando&#8221;\",\"datePublished\":\"2024-05-27T15:18:22+00:00\",\"dateModified\":\"2024-05-27T15:19:18+00:00\",\"mainEntityOfPage\":{\"@id\":\"https:\/\/www.edifica.com.bo\/?p=1404\"},\"wordCount\":694,\"commentCount\":0,\"publisher\":{\"@id\":\"https:\/\/www.edifica.com.bo\/#organization\"},\"articleSection\":[\"ENTREVISTA\"],\"inLanguage\":\"es\",\"potentialAction\":[{\"@type\":\"CommentAction\",\"name\":\"Comment\",\"target\":[\"https:\/\/www.edifica.com.bo\/?p=1404#respond\"]}]},{\"@type\":\"WebPage\",\"@id\":\"https:\/\/www.edifica.com.bo\/?p=1404\",\"url\":\"https:\/\/www.edifica.com.bo\/?p=1404\",\"name\":\"Marcelo Morales: \\\"Apostamos por m\u00e1s inversiones, innovamos y nos estamos diversificando\\\" - Edifica Press\",\"isPartOf\":{\"@id\":\"https:\/\/www.edifica.com.bo\/#website\"},\"datePublished\":\"2024-05-27T15:18:22+00:00\",\"dateModified\":\"2024-05-27T15:19:18+00:00\",\"breadcrumb\":{\"@id\":\"https:\/\/www.edifica.com.bo\/?p=1404#breadcrumb\"},\"inLanguage\":\"es\",\"potentialAction\":[{\"@type\":\"ReadAction\",\"target\":[\"https:\/\/www.edifica.com.bo\/?p=1404\"]}]},{\"@type\":\"BreadcrumbList\",\"@id\":\"https:\/\/www.edifica.com.bo\/?p=1404#breadcrumb\",\"itemListElement\":[{\"@type\":\"ListItem\",\"position\":1,\"name\":\"Portada\",\"item\":\"https:\/\/www.edifica.com.bo\/\"},{\"@type\":\"ListItem\",\"position\":2,\"name\":\"Marcelo Morales: &#8220;Apostamos por m\u00e1s inversiones, innovamos y nos estamos diversificando&#8221;\"}]},{\"@type\":\"WebSite\",\"@id\":\"https:\/\/www.edifica.com.bo\/#website\",\"url\":\"https:\/\/www.edifica.com.bo\/\",\"name\":\"Edifica Press\",\"description\":\"Revista Periodistica\",\"publisher\":{\"@id\":\"https:\/\/www.edifica.com.bo\/#organization\"},\"potentialAction\":[{\"@type\":\"SearchAction\",\"target\":{\"@type\":\"EntryPoint\",\"urlTemplate\":\"https:\/\/www.edifica.com.bo\/?s={search_term_string}\"},\"query-input\":\"required name=search_term_string\"}],\"inLanguage\":\"es\"},{\"@type\":\"Organization\",\"@id\":\"https:\/\/www.edifica.com.bo\/#organization\",\"name\":\"Edifica Press\",\"url\":\"https:\/\/www.edifica.com.bo\/\",\"logo\":{\"@type\":\"ImageObject\",\"inLanguage\":\"es\",\"@id\":\"https:\/\/www.edifica.com.bo\/#\/schema\/logo\/image\/\",\"url\":\"https:\/\/www.edifica.com.bo\/wp-content\/uploads\/2022\/04\/LOGO-EDIFICAPRESS2022.jpg\",\"contentUrl\":\"https:\/\/www.edifica.com.bo\/wp-content\/uploads\/2022\/04\/LOGO-EDIFICAPRESS2022.jpg\",\"width\":1200,\"height\":200,\"caption\":\"Edifica Press\"},\"image\":{\"@id\":\"https:\/\/www.edifica.com.bo\/#\/schema\/logo\/image\/\"},\"sameAs\":[\"https:\/\/www.facebook.com\/NegociosPressBolivia\"]},{\"@type\":\"Person\",\"@id\":\"https:\/\/www.edifica.com.bo\/#\/schema\/person\/115d63d49a533166b9aed20f704f4c6c\",\"name\":\"Yandira Toledo\",\"image\":{\"@type\":\"ImageObject\",\"inLanguage\":\"es\",\"@id\":\"https:\/\/www.edifica.com.bo\/#\/schema\/person\/image\/\",\"url\":\"https:\/\/secure.gravatar.com\/avatar\/ea966cd6bbbe46cf393468ac8bc1bdcc?s=96&d=mm&r=g\",\"contentUrl\":\"https:\/\/secure.gravatar.com\/avatar\/ea966cd6bbbe46cf393468ac8bc1bdcc?s=96&d=mm&r=g\",\"caption\":\"Yandira Toledo\"},\"sameAs\":[\"http:\/\/www.edifica.com.bo\"],\"url\":\"https:\/\/www.edifica.com.bo\/?author=3\"}]}<\/script>\n<!-- \/ Yoast SEO plugin. -->","yoast_head_json":{"title":"Marcelo Morales: \"Apostamos por m\u00e1s inversiones, innovamos y nos estamos diversificando\" - Edifica Press","robots":{"index":"index","follow":"follow","max-snippet":"max-snippet:-1","max-image-preview":"max-image-preview:large","max-video-preview":"max-video-preview:-1"},"canonical":"https:\/\/www.edifica.com.bo\/?p=1404","og_locale":"es_ES","og_type":"article","og_title":"Marcelo Morales: \"Apostamos por m\u00e1s inversiones, innovamos y nos estamos diversificando\" - Edifica Press","og_description":"El mercado cementero est\u00e1 en crisis, pero a\u00fan apuesta con inversiones y se sostiene con las exportaciones. En la actualidad el mercado minorista es el m\u00e1s din\u00e1mico. C\u00f3mo eval\u00faa la situaci\u00f3n del mercado cementero?Nosotros estamos pasando por un momento dif\u00edcil, no solamente Itacamba, sino todo el sector de la construcci\u00f3n y la econom\u00eda del pa\u00eds. &hellip;","og_url":"https:\/\/www.edifica.com.bo\/?p=1404","og_site_name":"Edifica Press","article_publisher":"https:\/\/www.facebook.com\/NegociosPressBolivia","article_published_time":"2024-05-27T15:18:22+00:00","article_modified_time":"2024-05-27T15:19:18+00:00","og_image":[{"width":585,"height":441,"url":"https:\/\/www.edifica.com.bo\/wp-content\/uploads\/2024\/05\/Morales-Itacamabaweb.jpg","type":"image\/jpeg"}],"author":"Yandira Toledo","twitter_card":"summary_large_image","twitter_misc":{"Escrito por":"Yandira Toledo","Tiempo de lectura":"4 minutos"},"schema":{"@context":"https:\/\/schema.org","@graph":[{"@type":"Article","@id":"https:\/\/www.edifica.com.bo\/?p=1404#article","isPartOf":{"@id":"https:\/\/www.edifica.com.bo\/?p=1404"},"author":{"name":"Yandira Toledo","@id":"https:\/\/www.edifica.com.bo\/#\/schema\/person\/115d63d49a533166b9aed20f704f4c6c"},"headline":"Marcelo Morales: &#8220;Apostamos por m\u00e1s inversiones, innovamos y nos estamos diversificando&#8221;","datePublished":"2024-05-27T15:18:22+00:00","dateModified":"2024-05-27T15:19:18+00:00","mainEntityOfPage":{"@id":"https:\/\/www.edifica.com.bo\/?p=1404"},"wordCount":694,"commentCount":0,"publisher":{"@id":"https:\/\/www.edifica.com.bo\/#organization"},"articleSection":["ENTREVISTA"],"inLanguage":"es","potentialAction":[{"@type":"CommentAction","name":"Comment","target":["https:\/\/www.edifica.com.bo\/?p=1404#respond"]}]},{"@type":"WebPage","@id":"https:\/\/www.edifica.com.bo\/?p=1404","url":"https:\/\/www.edifica.com.bo\/?p=1404","name":"Marcelo Morales: \"Apostamos por m\u00e1s inversiones, innovamos y nos estamos diversificando\" - Edifica Press","isPartOf":{"@id":"https:\/\/www.edifica.com.bo\/#website"},"datePublished":"2024-05-27T15:18:22+00:00","dateModified":"2024-05-27T15:19:18+00:00","breadcrumb":{"@id":"https:\/\/www.edifica.com.bo\/?p=1404#breadcrumb"},"inLanguage":"es","potentialAction":[{"@type":"ReadAction","target":["https:\/\/www.edifica.com.bo\/?p=1404"]}]},{"@type":"BreadcrumbList","@id":"https:\/\/www.edifica.com.bo\/?p=1404#breadcrumb","itemListElement":[{"@type":"ListItem","position":1,"name":"Portada","item":"https:\/\/www.edifica.com.bo\/"},{"@type":"ListItem","position":2,"name":"Marcelo Morales: &#8220;Apostamos por m\u00e1s inversiones, innovamos y nos estamos diversificando&#8221;"}]},{"@type":"WebSite","@id":"https:\/\/www.edifica.com.bo\/#website","url":"https:\/\/www.edifica.com.bo\/","name":"Edifica Press","description":"Revista Periodistica","publisher":{"@id":"https:\/\/www.edifica.com.bo\/#organization"},"potentialAction":[{"@type":"SearchAction","target":{"@type":"EntryPoint","urlTemplate":"https:\/\/www.edifica.com.bo\/?s={search_term_string}"},"query-input":"required name=search_term_string"}],"inLanguage":"es"},{"@type":"Organization","@id":"https:\/\/www.edifica.com.bo\/#organization","name":"Edifica Press","url":"https:\/\/www.edifica.com.bo\/","logo":{"@type":"ImageObject","inLanguage":"es","@id":"https:\/\/www.edifica.com.bo\/#\/schema\/logo\/image\/","url":"https:\/\/www.edifica.com.bo\/wp-content\/uploads\/2022\/04\/LOGO-EDIFICAPRESS2022.jpg","contentUrl":"https:\/\/www.edifica.com.bo\/wp-content\/uploads\/2022\/04\/LOGO-EDIFICAPRESS2022.jpg","width":1200,"height":200,"caption":"Edifica Press"},"image":{"@id":"https:\/\/www.edifica.com.bo\/#\/schema\/logo\/image\/"},"sameAs":["https:\/\/www.facebook.com\/NegociosPressBolivia"]},{"@type":"Person","@id":"https:\/\/www.edifica.com.bo\/#\/schema\/person\/115d63d49a533166b9aed20f704f4c6c","name":"Yandira Toledo","image":{"@type":"ImageObject","inLanguage":"es","@id":"https:\/\/www.edifica.com.bo\/#\/schema\/person\/image\/","url":"https:\/\/secure.gravatar.com\/avatar\/ea966cd6bbbe46cf393468ac8bc1bdcc?s=96&d=mm&r=g","contentUrl":"https:\/\/secure.gravatar.com\/avatar\/ea966cd6bbbe46cf393468ac8bc1bdcc?s=96&d=mm&r=g","caption":"Yandira Toledo"},"sameAs":["http:\/\/www.edifica.com.bo"],"url":"https:\/\/www.edifica.com.bo\/?author=3"}]}},"_links":{"self":[{"href":"https:\/\/www.edifica.com.bo\/index.php?rest_route=\/wp\/v2\/posts\/1404"}],"collection":[{"href":"https:\/\/www.edifica.com.bo\/index.php?rest_route=\/wp\/v2\/posts"}],"about":[{"href":"https:\/\/www.edifica.com.bo\/index.php?rest_route=\/wp\/v2\/types\/post"}],"author":[{"embeddable":true,"href":"https:\/\/www.edifica.com.bo\/index.php?rest_route=\/wp\/v2\/users\/3"}],"replies":[{"embeddable":true,"href":"https:\/\/www.edifica.com.bo\/index.php?rest_route=%2Fwp%2Fv2%2Fcomments&post=1404"}],"version-history":[{"count":2,"href":"https:\/\/www.edifica.com.bo\/index.php?rest_route=\/wp\/v2\/posts\/1404\/revisions"}],"predecessor-version":[{"id":1407,"href":"https:\/\/www.edifica.com.bo\/index.php?rest_route=\/wp\/v2\/posts\/1404\/revisions\/1407"}],"wp:featuredmedia":[{"embeddable":true,"href":"https:\/\/www.edifica.com.bo\/index.php?rest_route=\/wp\/v2\/media\/1405"}],"wp:attachment":[{"href":"https:\/\/www.edifica.com.bo\/index.php?rest_route=%2Fwp%2Fv2%2Fmedia&parent=1404"}],"wp:term":[{"taxonomy":"category","embeddable":true,"href":"https:\/\/www.edifica.com.bo\/index.php?rest_route=%2Fwp%2Fv2%2Fcategories&post=1404"},{"taxonomy":"post_tag","embeddable":true,"href":"https:\/\/www.edifica.com.bo\/index.php?rest_route=%2Fwp%2Fv2%2Ftags&post=1404"}],"curies":[{"name":"wp","href":"https:\/\/api.w.org\/{rel}","templated":true}]}}