{"id":1553,"date":"2025-02-05T19:17:09","date_gmt":"2025-02-05T19:17:09","guid":{"rendered":"https:\/\/www.edifica.com.bo\/?p=1553"},"modified":"2025-02-13T15:55:14","modified_gmt":"2025-02-13T15:55:14","slug":"la-casa-cubo","status":"publish","type":"post","link":"https:\/\/www.edifica.com.bo\/?p=1553","title":{"rendered":"La Casa Cubo"},"content":{"rendered":"\n<h2 class=\"wp-block-heading\">Parte II. La casa Cubo combina vol\u00famenes apilados de ladrillo, vac\u00edo central como articulador, y materiales locales. Planta baja abierta contrasta con funcionalidad superior.<\/h2>\n\n\n\n<figure class=\"wp-block-image size-large is-resized\"><img loading=\"lazy\" decoding=\"async\" width=\"1024\" height=\"800\" src=\"https:\/\/www.edifica.com.bo\/wp-content\/uploads\/2024\/11\/facundo-web-1024x800.jpg\" alt=\"\" class=\"wp-image-1528\" style=\"width:225px;height:auto\" srcset=\"https:\/\/www.edifica.com.bo\/wp-content\/uploads\/2024\/11\/facundo-web-1024x800.jpg 1024w, https:\/\/www.edifica.com.bo\/wp-content\/uploads\/2024\/11\/facundo-web-300x234.jpg 300w, https:\/\/www.edifica.com.bo\/wp-content\/uploads\/2024\/11\/facundo-web-768x600.jpg 768w, https:\/\/www.edifica.com.bo\/wp-content\/uploads\/2024\/11\/facundo-web-360x281.jpg 360w, https:\/\/www.edifica.com.bo\/wp-content\/uploads\/2024\/11\/facundo-web-1536x1200.jpg 1536w, https:\/\/www.edifica.com.bo\/wp-content\/uploads\/2024\/11\/facundo-web.jpg 1992w\" sizes=\"(max-width: 1024px) 100vw, 1024px\" \/><\/figure>\n\n\n\n<p><strong><em>Por Facundo Baudoin, Arquitecto, CEO de la consultora Baudoin Arquitectos C.A<\/em><\/strong><\/p>\n\n\n\n<p>Vista desde afuera la vivienda reconoce en color negro el espacio interior perteneciente a la planta baja (pb), dejando en los cabios de detalle del ladrillo visto, la sugerencia de los niveles superiores. As\u00ed, descansan en el cuerpo m\u00e1s bajo de la casa: La terraza en el nivel superior, Los cuartos gemelos con ba\u00f1o y finalmente la planta baja con: la cocina, churrasquera y \u00e1reas de dependencia. En el caso del volumen m\u00e1s alto se disponen: un cuarto en suite, la lavander\u00eda superior en el nivel m\u00e1s alto, La habitaci\u00f3n principal, en el nivel intermedio y el sal\u00f3n comedor en pb.<br>La escalera funge de cu\u00f1a en el vac\u00edo creado por la rotaci\u00f3n de 45\u00ba de un volumen sobre el otro. Es a partir del giro y altura de sus pelda\u00f1os que se determinan las cotas de los distintos niveles, vinculando en diagonal los espacios sucesivos, y llegando al \u00faltimo piso con alturas id\u00e9nticas en ambos vol\u00famenes. Centr\u00edfugo, el acenso distribuye por toda la casa visuales de 360\u00ba sobre el exterior de la misma puntualizando contactos con el exterior a partir de celos\u00edas, balcones o ventanales de las habitaciones sucesivas.<br>De esta manera, mientras en pb el espacio interior es abierto de un extremo al otro de su programa social. A partir de la escalera apenas apoyada es que, en la parte superior, el uso de los espacios se fragmenta en favor de su funcionalidad. Siempre articulada por un \u00fanico espacio la pb se vincula con la verticalidad del proyecto en el recorrido de ascenso hasta la terraza, evidente completamente en el ventanal de la fachada posterior de la vivienda.<br>El pulzze, es quiz\u00e1s el concepto m\u00e1s objetivo y abstracto de la construcci\u00f3n del proyecto. En primera instancia como el apilado de vol\u00famenes vac\u00edos que horadan el conjunto construido adapt\u00e1ndose a la topograf\u00eda del terreno natural. Los distintos desniveles se vuelcan uno sobre el otro buscando la teatralidad de los mismos, como escenarios pre dispuestos, en los que alguien siempre est\u00e1 por asistir.<br>Esta l\u00f3gica se repite en muros construidos en ladrillo portante cual piezas de llenga que se articulan y guardan posici\u00f3n en el equilibrio que ejerce su desplazamiento sucesivo comprimidas una sobre otra como en un arco que reta la gravedad.<br>El edificio coloca al vac\u00edo, como articulador y sost\u00e9n del todo perfilando el color blanco al interior y el negro en el exterior mientras vol\u00famenes de ladrillo se elevan como remate del edificio.<br>El piso se construye a partir de losetas tradicionales de granito vaciado colocado en distintas trabas seg\u00fan el nivel que ocupan, mientras que los pelda\u00f1os que marcan los distintos desniveles de la casa o escalera se completan con maderas de distinto tipo, tradicionales y rescatadas desistimos incendios de la amazonia.<br>Esta disposici\u00f3n de elementos que se apilan en: espacios, muros, y acabados se expanden desde el parqueo anterior de ingreso de lajas rodeadas de piedras tipo mazana al muro posterior de lindero en ladrillo tipo celos\u00eda que remata el final del jard\u00edn.<br>Es de esta manera que la casa cubo se hace en tiempo y espacio con elementos locales, que conjugan un programa compacto de usos que entre una y otra pieza se articulan. La idea de lo contempor\u00e1neo el presente en forma viva de luces y sombras al comp\u00e1s del d\u00eda.<\/p>\n","protected":false},"excerpt":{"rendered":"<p>Parte II. La casa Cubo combina vol\u00famenes apilados de ladrillo, vac\u00edo central como articulador, y materiales locales. Planta baja abierta contrasta con funcionalidad superior. Por Facundo Baudoin, Arquitecto, CEO de la consultora Baudoin Arquitectos C.A Vista desde afuera la vivienda reconoce en color negro el espacio interior perteneciente a la planta baja (pb), dejando en &hellip;<\/p>\n","protected":false},"author":3,"featured_media":1541,"comment_status":"open","ping_status":"open","sticky":false,"template":"","format":"standard","meta":{"footnotes":""},"categories":[5],"tags":[],"yoast_head":"<!-- This site is optimized with the Yoast SEO plugin v21.9.1 - https:\/\/yoast.com\/wordpress\/plugins\/seo\/ -->\n<title>La Casa Cubo - Edifica Press<\/title>\n<meta name=\"robots\" content=\"index, follow, max-snippet:-1, max-image-preview:large, max-video-preview:-1\" \/>\n<link rel=\"canonical\" href=\"https:\/\/www.edifica.com.bo\/?p=1553\" \/>\n<meta property=\"og:locale\" content=\"es_ES\" \/>\n<meta property=\"og:type\" content=\"article\" \/>\n<meta property=\"og:title\" content=\"La Casa Cubo - Edifica Press\" \/>\n<meta property=\"og:description\" content=\"Parte II. La casa Cubo combina vol\u00famenes apilados de ladrillo, vac\u00edo central como articulador, y materiales locales. Planta baja abierta contrasta con funcionalidad superior. Por Facundo Baudoin, Arquitecto, CEO de la consultora Baudoin Arquitectos C.A Vista desde afuera la vivienda reconoce en color negro el espacio interior perteneciente a la planta baja (pb), dejando en &hellip;\" \/>\n<meta property=\"og:url\" content=\"https:\/\/www.edifica.com.bo\/?p=1553\" \/>\n<meta property=\"og:site_name\" content=\"Edifica Press\" \/>\n<meta property=\"article:publisher\" content=\"https:\/\/www.facebook.com\/NegociosPressBolivia\" \/>\n<meta property=\"article:published_time\" content=\"2025-02-05T19:17:09+00:00\" \/>\n<meta property=\"article:modified_time\" content=\"2025-02-13T15:55:14+00:00\" \/>\n<meta property=\"og:image\" content=\"https:\/\/www.edifica.com.bo\/wp-content\/uploads\/2025\/01\/facu-web.jpg\" \/>\n\t<meta property=\"og:image:width\" content=\"439\" \/>\n\t<meta property=\"og:image:height\" content=\"518\" \/>\n\t<meta property=\"og:image:type\" content=\"image\/jpeg\" \/>\n<meta name=\"author\" content=\"Yandira Toledo\" \/>\n<meta name=\"twitter:card\" content=\"summary_large_image\" \/>\n<meta name=\"twitter:label1\" content=\"Escrito por\" \/>\n\t<meta name=\"twitter:data1\" content=\"Yandira Toledo\" \/>\n\t<meta name=\"twitter:label2\" content=\"Tiempo de lectura\" \/>\n\t<meta name=\"twitter:data2\" content=\"4 minutos\" \/>\n<script type=\"application\/ld+json\" class=\"yoast-schema-graph\">{\"@context\":\"https:\/\/schema.org\",\"@graph\":[{\"@type\":\"Article\",\"@id\":\"https:\/\/www.edifica.com.bo\/?p=1553#article\",\"isPartOf\":{\"@id\":\"https:\/\/www.edifica.com.bo\/?p=1553\"},\"author\":{\"name\":\"Yandira Toledo\",\"@id\":\"https:\/\/www.edifica.com.bo\/#\/schema\/person\/115d63d49a533166b9aed20f704f4c6c\"},\"headline\":\"La Casa Cubo\",\"datePublished\":\"2025-02-05T19:17:09+00:00\",\"dateModified\":\"2025-02-13T15:55:14+00:00\",\"mainEntityOfPage\":{\"@id\":\"https:\/\/www.edifica.com.bo\/?p=1553\"},\"wordCount\":622,\"commentCount\":0,\"publisher\":{\"@id\":\"https:\/\/www.edifica.com.bo\/#organization\"},\"articleSection\":[\"ARQUITECTURA\"],\"inLanguage\":\"es\",\"potentialAction\":[{\"@type\":\"CommentAction\",\"name\":\"Comment\",\"target\":[\"https:\/\/www.edifica.com.bo\/?p=1553#respond\"]}]},{\"@type\":\"WebPage\",\"@id\":\"https:\/\/www.edifica.com.bo\/?p=1553\",\"url\":\"https:\/\/www.edifica.com.bo\/?p=1553\",\"name\":\"La Casa Cubo - Edifica Press\",\"isPartOf\":{\"@id\":\"https:\/\/www.edifica.com.bo\/#website\"},\"datePublished\":\"2025-02-05T19:17:09+00:00\",\"dateModified\":\"2025-02-13T15:55:14+00:00\",\"breadcrumb\":{\"@id\":\"https:\/\/www.edifica.com.bo\/?p=1553#breadcrumb\"},\"inLanguage\":\"es\",\"potentialAction\":[{\"@type\":\"ReadAction\",\"target\":[\"https:\/\/www.edifica.com.bo\/?p=1553\"]}]},{\"@type\":\"BreadcrumbList\",\"@id\":\"https:\/\/www.edifica.com.bo\/?p=1553#breadcrumb\",\"itemListElement\":[{\"@type\":\"ListItem\",\"position\":1,\"name\":\"Portada\",\"item\":\"https:\/\/www.edifica.com.bo\/\"},{\"@type\":\"ListItem\",\"position\":2,\"name\":\"La Casa Cubo\"}]},{\"@type\":\"WebSite\",\"@id\":\"https:\/\/www.edifica.com.bo\/#website\",\"url\":\"https:\/\/www.edifica.com.bo\/\",\"name\":\"Edifica Press\",\"description\":\"Revista Periodistica\",\"publisher\":{\"@id\":\"https:\/\/www.edifica.com.bo\/#organization\"},\"potentialAction\":[{\"@type\":\"SearchAction\",\"target\":{\"@type\":\"EntryPoint\",\"urlTemplate\":\"https:\/\/www.edifica.com.bo\/?s={search_term_string}\"},\"query-input\":\"required name=search_term_string\"}],\"inLanguage\":\"es\"},{\"@type\":\"Organization\",\"@id\":\"https:\/\/www.edifica.com.bo\/#organization\",\"name\":\"Edifica Press\",\"url\":\"https:\/\/www.edifica.com.bo\/\",\"logo\":{\"@type\":\"ImageObject\",\"inLanguage\":\"es\",\"@id\":\"https:\/\/www.edifica.com.bo\/#\/schema\/logo\/image\/\",\"url\":\"https:\/\/www.edifica.com.bo\/wp-content\/uploads\/2022\/04\/LOGO-EDIFICAPRESS2022.jpg\",\"contentUrl\":\"https:\/\/www.edifica.com.bo\/wp-content\/uploads\/2022\/04\/LOGO-EDIFICAPRESS2022.jpg\",\"width\":1200,\"height\":200,\"caption\":\"Edifica Press\"},\"image\":{\"@id\":\"https:\/\/www.edifica.com.bo\/#\/schema\/logo\/image\/\"},\"sameAs\":[\"https:\/\/www.facebook.com\/NegociosPressBolivia\"]},{\"@type\":\"Person\",\"@id\":\"https:\/\/www.edifica.com.bo\/#\/schema\/person\/115d63d49a533166b9aed20f704f4c6c\",\"name\":\"Yandira Toledo\",\"image\":{\"@type\":\"ImageObject\",\"inLanguage\":\"es\",\"@id\":\"https:\/\/www.edifica.com.bo\/#\/schema\/person\/image\/\",\"url\":\"https:\/\/secure.gravatar.com\/avatar\/ea966cd6bbbe46cf393468ac8bc1bdcc?s=96&d=mm&r=g\",\"contentUrl\":\"https:\/\/secure.gravatar.com\/avatar\/ea966cd6bbbe46cf393468ac8bc1bdcc?s=96&d=mm&r=g\",\"caption\":\"Yandira Toledo\"},\"sameAs\":[\"http:\/\/www.edifica.com.bo\"],\"url\":\"https:\/\/www.edifica.com.bo\/?author=3\"}]}<\/script>\n<!-- \/ Yoast SEO plugin. -->","yoast_head_json":{"title":"La Casa Cubo - Edifica Press","robots":{"index":"index","follow":"follow","max-snippet":"max-snippet:-1","max-image-preview":"max-image-preview:large","max-video-preview":"max-video-preview:-1"},"canonical":"https:\/\/www.edifica.com.bo\/?p=1553","og_locale":"es_ES","og_type":"article","og_title":"La Casa Cubo - Edifica Press","og_description":"Parte II. La casa Cubo combina vol\u00famenes apilados de ladrillo, vac\u00edo central como articulador, y materiales locales. Planta baja abierta contrasta con funcionalidad superior. Por Facundo Baudoin, Arquitecto, CEO de la consultora Baudoin Arquitectos C.A Vista desde afuera la vivienda reconoce en color negro el espacio interior perteneciente a la planta baja (pb), dejando en &hellip;","og_url":"https:\/\/www.edifica.com.bo\/?p=1553","og_site_name":"Edifica Press","article_publisher":"https:\/\/www.facebook.com\/NegociosPressBolivia","article_published_time":"2025-02-05T19:17:09+00:00","article_modified_time":"2025-02-13T15:55:14+00:00","og_image":[{"width":439,"height":518,"url":"https:\/\/www.edifica.com.bo\/wp-content\/uploads\/2025\/01\/facu-web.jpg","type":"image\/jpeg"}],"author":"Yandira Toledo","twitter_card":"summary_large_image","twitter_misc":{"Escrito por":"Yandira Toledo","Tiempo de lectura":"4 minutos"},"schema":{"@context":"https:\/\/schema.org","@graph":[{"@type":"Article","@id":"https:\/\/www.edifica.com.bo\/?p=1553#article","isPartOf":{"@id":"https:\/\/www.edifica.com.bo\/?p=1553"},"author":{"name":"Yandira Toledo","@id":"https:\/\/www.edifica.com.bo\/#\/schema\/person\/115d63d49a533166b9aed20f704f4c6c"},"headline":"La Casa Cubo","datePublished":"2025-02-05T19:17:09+00:00","dateModified":"2025-02-13T15:55:14+00:00","mainEntityOfPage":{"@id":"https:\/\/www.edifica.com.bo\/?p=1553"},"wordCount":622,"commentCount":0,"publisher":{"@id":"https:\/\/www.edifica.com.bo\/#organization"},"articleSection":["ARQUITECTURA"],"inLanguage":"es","potentialAction":[{"@type":"CommentAction","name":"Comment","target":["https:\/\/www.edifica.com.bo\/?p=1553#respond"]}]},{"@type":"WebPage","@id":"https:\/\/www.edifica.com.bo\/?p=1553","url":"https:\/\/www.edifica.com.bo\/?p=1553","name":"La Casa Cubo - Edifica Press","isPartOf":{"@id":"https:\/\/www.edifica.com.bo\/#website"},"datePublished":"2025-02-05T19:17:09+00:00","dateModified":"2025-02-13T15:55:14+00:00","breadcrumb":{"@id":"https:\/\/www.edifica.com.bo\/?p=1553#breadcrumb"},"inLanguage":"es","potentialAction":[{"@type":"ReadAction","target":["https:\/\/www.edifica.com.bo\/?p=1553"]}]},{"@type":"BreadcrumbList","@id":"https:\/\/www.edifica.com.bo\/?p=1553#breadcrumb","itemListElement":[{"@type":"ListItem","position":1,"name":"Portada","item":"https:\/\/www.edifica.com.bo\/"},{"@type":"ListItem","position":2,"name":"La Casa Cubo"}]},{"@type":"WebSite","@id":"https:\/\/www.edifica.com.bo\/#website","url":"https:\/\/www.edifica.com.bo\/","name":"Edifica Press","description":"Revista Periodistica","publisher":{"@id":"https:\/\/www.edifica.com.bo\/#organization"},"potentialAction":[{"@type":"SearchAction","target":{"@type":"EntryPoint","urlTemplate":"https:\/\/www.edifica.com.bo\/?s={search_term_string}"},"query-input":"required name=search_term_string"}],"inLanguage":"es"},{"@type":"Organization","@id":"https:\/\/www.edifica.com.bo\/#organization","name":"Edifica Press","url":"https:\/\/www.edifica.com.bo\/","logo":{"@type":"ImageObject","inLanguage":"es","@id":"https:\/\/www.edifica.com.bo\/#\/schema\/logo\/image\/","url":"https:\/\/www.edifica.com.bo\/wp-content\/uploads\/2022\/04\/LOGO-EDIFICAPRESS2022.jpg","contentUrl":"https:\/\/www.edifica.com.bo\/wp-content\/uploads\/2022\/04\/LOGO-EDIFICAPRESS2022.jpg","width":1200,"height":200,"caption":"Edifica Press"},"image":{"@id":"https:\/\/www.edifica.com.bo\/#\/schema\/logo\/image\/"},"sameAs":["https:\/\/www.facebook.com\/NegociosPressBolivia"]},{"@type":"Person","@id":"https:\/\/www.edifica.com.bo\/#\/schema\/person\/115d63d49a533166b9aed20f704f4c6c","name":"Yandira Toledo","image":{"@type":"ImageObject","inLanguage":"es","@id":"https:\/\/www.edifica.com.bo\/#\/schema\/person\/image\/","url":"https:\/\/secure.gravatar.com\/avatar\/ea966cd6bbbe46cf393468ac8bc1bdcc?s=96&d=mm&r=g","contentUrl":"https:\/\/secure.gravatar.com\/avatar\/ea966cd6bbbe46cf393468ac8bc1bdcc?s=96&d=mm&r=g","caption":"Yandira Toledo"},"sameAs":["http:\/\/www.edifica.com.bo"],"url":"https:\/\/www.edifica.com.bo\/?author=3"}]}},"_links":{"self":[{"href":"https:\/\/www.edifica.com.bo\/index.php?rest_route=\/wp\/v2\/posts\/1553"}],"collection":[{"href":"https:\/\/www.edifica.com.bo\/index.php?rest_route=\/wp\/v2\/posts"}],"about":[{"href":"https:\/\/www.edifica.com.bo\/index.php?rest_route=\/wp\/v2\/types\/post"}],"author":[{"embeddable":true,"href":"https:\/\/www.edifica.com.bo\/index.php?rest_route=\/wp\/v2\/users\/3"}],"replies":[{"embeddable":true,"href":"https:\/\/www.edifica.com.bo\/index.php?rest_route=%2Fwp%2Fv2%2Fcomments&post=1553"}],"version-history":[{"count":1,"href":"https:\/\/www.edifica.com.bo\/index.php?rest_route=\/wp\/v2\/posts\/1553\/revisions"}],"predecessor-version":[{"id":1554,"href":"https:\/\/www.edifica.com.bo\/index.php?rest_route=\/wp\/v2\/posts\/1553\/revisions\/1554"}],"wp:featuredmedia":[{"embeddable":true,"href":"https:\/\/www.edifica.com.bo\/index.php?rest_route=\/wp\/v2\/media\/1541"}],"wp:attachment":[{"href":"https:\/\/www.edifica.com.bo\/index.php?rest_route=%2Fwp%2Fv2%2Fmedia&parent=1553"}],"wp:term":[{"taxonomy":"category","embeddable":true,"href":"https:\/\/www.edifica.com.bo\/index.php?rest_route=%2Fwp%2Fv2%2Fcategories&post=1553"},{"taxonomy":"post_tag","embeddable":true,"href":"https:\/\/www.edifica.com.bo\/index.php?rest_route=%2Fwp%2Fv2%2Ftags&post=1553"}],"curies":[{"name":"wp","href":"https:\/\/api.w.org\/{rel}","templated":true}]}}