{"id":1564,"date":"2025-03-17T03:27:46","date_gmt":"2025-03-17T03:27:46","guid":{"rendered":"https:\/\/www.edifica.com.bo\/?p=1564"},"modified":"2025-03-17T03:27:54","modified_gmt":"2025-03-17T03:27:54","slug":"directorio-de-cadecocruz-asume-con-el-desafio-de-encarar-la-crisis","status":"publish","type":"post","link":"https:\/\/www.edifica.com.bo\/?p=1564","title":{"rendered":"Directorio de CADECOCRUZ asume con el desaf\u00edo de encarar la crisis"},"content":{"rendered":"\n<h2 class=\"wp-block-heading\"><strong><em>Las empresas asociadas a la C\u00e1mara de la Construcci\u00f3n de Santa Cruz (CADECOCRUZ) reeligieron a Aldo S\u00fclzer Limpias como Presidente de la instituci\u00f3n para la gesti\u00f3n 2025 -2026.<\/em><\/strong><\/h2>\n\n\n\n<p>Los constructores reeligieron a Aldo S\u00fclzer Limpias como presidente de la C\u00e1mara de la Construcci\u00f3n de Santa Cruz (CADECOCRUZ) quien afirm\u00f3 que tiene el desaf\u00edo de continuar trabajando sin pausa por generar un escenario que permita encarar la crisis y lograr una recuperaci\u00f3n real para la industria de la construcci\u00f3n y la econom\u00eda del pa\u00eds.<\/p>\n\n\n\n<p>\u201cNecesitamos volver a mover las gr\u00faas, preservar miles de fuentes de empleo que sustenta la construcci\u00f3n y toda la cadena de valor. Este es el compromiso que ratificamos hoy y nuestra tarea primordial, porque nunca abandonaremos nuestra misi\u00f3n de alcanzar el crecimiento\u201d, manifest\u00f3 el Presidente reelecto a tiempo de ser posesionado.<em><\/em><\/p>\n\n\n\n<p>Se\u00f1al\u00f3 que las estad\u00edsticas muestran una tendencia preocupante a la desaceleraci\u00f3n provocada por la escasez de divisas y de combustibles, el incremento de precios de insumos y materiales al menos en 35% y en algunos casos hasta del 70%, el descenso de las importaciones dirigidas a la construcci\u00f3n en 34%, mientras que la inflaci\u00f3n promedio en la construcci\u00f3n lleg\u00f3 al 20% el \u00faltimo quinquenio.<\/p>\n\n\n\n<p>A estos factores se agrega la baja inversi\u00f3n p\u00fablica para infraestructura. Un ejemplo que el presupuesto del Ministerio de Obras P\u00fablicas del a\u00f1o 2024 fue menor en 10% al de la gesti\u00f3n 2023, y casi un 50% menos en relaci\u00f3n al 2022. De los presupuestos de esta cartera y otras del Gobierno Central, solo se ejecuta un promedio del 50%.<\/p>\n\n\n\n<p>\u201cEn este escenario, nuestro Centro de Estudios Econ\u00f3micos y Desarrollo (CEED) prev\u00e9 que el PIB de la construcci\u00f3n oscilar\u00e1 entre el 0,5% y 1,5% esta gesti\u00f3n, indicadores que a\u00fan podr\u00edan ser menores por los problemas econ\u00f3micos, sociales y pol\u00edticos que van escalando las \u00faltimas semanas\u201d, manifest\u00f3.<\/p>\n\n\n\n<p>Destac\u00f3 que como es su caracter\u00edstica, la instituci\u00f3n encara los problemas con gesti\u00f3n y propuestas. Record\u00f3 que CADECOCRUZ tom\u00f3 la bandera por el reajuste de precios y la anulaci\u00f3n de la facturaci\u00f3n anticipada por planillas de avance de obra, hasta que en coordinaci\u00f3n con las otras c\u00e1maras del pa\u00eds, se logr\u00f3 que apruebe estos planteamientos con los decretos supremos 5321 y 5327, que requieren algunas modificaciones para que brinden un alivio real a las empresas constructoras.<\/p>\n\n\n\n<p>El Ing. S\u00fclzer Limpias adelant\u00f3 que este periodo tambi\u00e9n se priorizar\u00e1n temas de la agenda urgente de los constructores, como el reconocimiento de la falta de di\u00e9sel como causal de modificaci\u00f3n de contratos y de ampliaci\u00f3n de plazos en la obra p\u00fablica.<\/p>\n\n\n\n<p>En paralelo, continuar\u00e1n las gestiones ante el Gobierno Aut\u00f3nomo Municipal de Santa Cruz de la Sierra, para que promulgue una Ley de Reajuste de precios que se aplique en la ciudad, como sucedi\u00f3 el 2008 y para el pago de las deudas millonarias con nuestras empresas por planillas de avance de obras.<\/p>\n\n\n\n<p>\u201cSin embargo de los problemas, seguimos apostando por nuestro Departamento, por nuestro pa\u00eds y por la construcci\u00f3n sostenible, realizando grandes esfuerzos para concretar emprendimientos privados\u201d, se\u00f1al\u00f3, para agregar que el Censo de Obras 2024 del Observatorio Urbano de CADECOCRUZ, realizado en la metr\u00f3poli cruce\u00f1a identific\u00f3 2.000 obras en construcci\u00f3n que representaron un mill\u00f3n de metros cuadrados. Del total de obras, solo el 1% corresponde a obras p\u00fablicas.<\/p>\n\n\n\n<p>\u201cEste es solo un ejemplo de nuestra resiliencia y compromiso, del potencial para concretar nuevos proyectos y obras que generan progreso y empleo, pero es imprescindible el apoyo y acompa\u00f1amiento del sector p\u00fablico con los marcos normativos, incentivos y voluntad pol\u00edtica\u201d, manifest\u00f3.<\/p>\n\n\n\n<p>Entre las propuestas t\u00e9cnicas de la agenda de CADECOCRUZ que implican soluciones estructurales, el nuevo Directorio continuar\u00e1 gestionando:<\/p>\n\n\n\n<ul>\n<li>Normar la contrataci\u00f3n de empresas extranjeras bolivianas estableciendo como requisito que tengan socios bolivianos con una participaci\u00f3n de al menos 30%<\/li>\n\n\n\n<li>La elaboraci\u00f3n de normas que permitan captar inversiones extranjeras dirigidas a proyectos y obras sostenibles, que significar\u00edan el ingreso al pa\u00eds de 5.000 millones de d\u00f3lares y ser\u00edan canalizados mediante el sistema financiero<\/li>\n\n\n\n<li>Una Ley de Contrataciones del Estado que sustituya al DS 181 vigente<\/li>\n\n\n\n<li>Una Ley que priorice la contrataci\u00f3n de empresas bolivianas<\/li>\n\n\n\n<li>La ejecuci\u00f3n de proyectos estrat\u00e9gicos para el desarrollo del pa\u00eds, como el Hub Viru Viru y los corredores bioce\u00e1nicos<\/li>\n<\/ul>\n\n\n\n<p><strong>\u201cEstamos conscientes de que algunas propuestas revisten mayor complejidad que otras. Tambi\u00e9n sabemos que solo podr\u00e1n concretarse con la apertura y voluntad pol\u00edtica de las autoridades de los tres niveles del Estado, que deben generar los marcos normativos correspondientes, incentivos y seguridad jur\u00eddica. Confiamos en que las autoridades consideren a los constructores como sus mejores aliados para hacer gesti\u00f3n, para progresar, reactivar la econom\u00eda y dar respuesta a las necesidades de todos los bolivianos\u201d, concluy\u00f3 el Presidente de CADECOCRUZ.<\/strong><\/p>\n","protected":false},"excerpt":{"rendered":"<p>Las empresas asociadas a la C\u00e1mara de la Construcci\u00f3n de Santa Cruz (CADECOCRUZ) reeligieron a Aldo S\u00fclzer Limpias como Presidente de la instituci\u00f3n para la gesti\u00f3n 2025 -2026. Los constructores reeligieron a Aldo S\u00fclzer Limpias como presidente de la C\u00e1mara de la Construcci\u00f3n de Santa Cruz (CADECOCRUZ) quien afirm\u00f3 que tiene el desaf\u00edo de continuar &hellip;<\/p>\n","protected":false},"author":3,"featured_media":1565,"comment_status":"open","ping_status":"open","sticky":false,"template":"","format":"standard","meta":{"footnotes":""},"categories":[5],"tags":[],"yoast_head":"<!-- This site is optimized with the Yoast SEO plugin v21.9.1 - https:\/\/yoast.com\/wordpress\/plugins\/seo\/ -->\n<title>Directorio de CADECOCRUZ asume con el desaf\u00edo de encarar la crisis - Edifica Press<\/title>\n<meta name=\"robots\" content=\"index, follow, max-snippet:-1, max-image-preview:large, max-video-preview:-1\" \/>\n<link rel=\"canonical\" href=\"https:\/\/www.edifica.com.bo\/?p=1564\" \/>\n<meta property=\"og:locale\" content=\"es_ES\" \/>\n<meta property=\"og:type\" content=\"article\" \/>\n<meta property=\"og:title\" content=\"Directorio de CADECOCRUZ asume con el desaf\u00edo de encarar la crisis - Edifica Press\" \/>\n<meta property=\"og:description\" content=\"Las empresas asociadas a la C\u00e1mara de la Construcci\u00f3n de Santa Cruz (CADECOCRUZ) reeligieron a Aldo S\u00fclzer Limpias como Presidente de la instituci\u00f3n para la gesti\u00f3n 2025 -2026. Los constructores reeligieron a Aldo S\u00fclzer Limpias como presidente de la C\u00e1mara de la Construcci\u00f3n de Santa Cruz (CADECOCRUZ) quien afirm\u00f3 que tiene el desaf\u00edo de continuar &hellip;\" \/>\n<meta property=\"og:url\" content=\"https:\/\/www.edifica.com.bo\/?p=1564\" \/>\n<meta property=\"og:site_name\" content=\"Edifica Press\" \/>\n<meta property=\"article:publisher\" content=\"https:\/\/www.facebook.com\/NegociosPressBolivia\" \/>\n<meta property=\"article:published_time\" content=\"2025-03-17T03:27:46+00:00\" \/>\n<meta property=\"article:modified_time\" content=\"2025-03-17T03:27:54+00:00\" \/>\n<meta property=\"og:image\" content=\"https:\/\/www.edifica.com.bo\/wp-content\/uploads\/2025\/03\/WhatsApp-Image-2025-03-14-at-17.39.54.jpeg\" \/>\n\t<meta property=\"og:image:width\" content=\"1600\" \/>\n\t<meta property=\"og:image:height\" content=\"1134\" \/>\n\t<meta property=\"og:image:type\" content=\"image\/jpeg\" \/>\n<meta name=\"author\" content=\"Yandira Toledo\" \/>\n<meta name=\"twitter:card\" content=\"summary_large_image\" \/>\n<meta name=\"twitter:label1\" content=\"Escrito por\" \/>\n\t<meta name=\"twitter:data1\" content=\"Yandira Toledo\" \/>\n\t<meta name=\"twitter:label2\" content=\"Tiempo de lectura\" \/>\n\t<meta name=\"twitter:data2\" content=\"4 minutos\" \/>\n<script type=\"application\/ld+json\" class=\"yoast-schema-graph\">{\"@context\":\"https:\/\/schema.org\",\"@graph\":[{\"@type\":\"Article\",\"@id\":\"https:\/\/www.edifica.com.bo\/?p=1564#article\",\"isPartOf\":{\"@id\":\"https:\/\/www.edifica.com.bo\/?p=1564\"},\"author\":{\"name\":\"Yandira Toledo\",\"@id\":\"https:\/\/www.edifica.com.bo\/#\/schema\/person\/115d63d49a533166b9aed20f704f4c6c\"},\"headline\":\"Directorio de CADECOCRUZ asume con el desaf\u00edo de encarar la crisis\",\"datePublished\":\"2025-03-17T03:27:46+00:00\",\"dateModified\":\"2025-03-17T03:27:54+00:00\",\"mainEntityOfPage\":{\"@id\":\"https:\/\/www.edifica.com.bo\/?p=1564\"},\"wordCount\":846,\"commentCount\":0,\"publisher\":{\"@id\":\"https:\/\/www.edifica.com.bo\/#organization\"},\"articleSection\":[\"ARQUITECTURA\"],\"inLanguage\":\"es\",\"potentialAction\":[{\"@type\":\"CommentAction\",\"name\":\"Comment\",\"target\":[\"https:\/\/www.edifica.com.bo\/?p=1564#respond\"]}]},{\"@type\":\"WebPage\",\"@id\":\"https:\/\/www.edifica.com.bo\/?p=1564\",\"url\":\"https:\/\/www.edifica.com.bo\/?p=1564\",\"name\":\"Directorio de CADECOCRUZ asume con el desaf\u00edo de encarar la crisis - Edifica Press\",\"isPartOf\":{\"@id\":\"https:\/\/www.edifica.com.bo\/#website\"},\"datePublished\":\"2025-03-17T03:27:46+00:00\",\"dateModified\":\"2025-03-17T03:27:54+00:00\",\"breadcrumb\":{\"@id\":\"https:\/\/www.edifica.com.bo\/?p=1564#breadcrumb\"},\"inLanguage\":\"es\",\"potentialAction\":[{\"@type\":\"ReadAction\",\"target\":[\"https:\/\/www.edifica.com.bo\/?p=1564\"]}]},{\"@type\":\"BreadcrumbList\",\"@id\":\"https:\/\/www.edifica.com.bo\/?p=1564#breadcrumb\",\"itemListElement\":[{\"@type\":\"ListItem\",\"position\":1,\"name\":\"Portada\",\"item\":\"https:\/\/www.edifica.com.bo\/\"},{\"@type\":\"ListItem\",\"position\":2,\"name\":\"Directorio de CADECOCRUZ asume con el desaf\u00edo de encarar la crisis\"}]},{\"@type\":\"WebSite\",\"@id\":\"https:\/\/www.edifica.com.bo\/#website\",\"url\":\"https:\/\/www.edifica.com.bo\/\",\"name\":\"Edifica Press\",\"description\":\"Revista Periodistica\",\"publisher\":{\"@id\":\"https:\/\/www.edifica.com.bo\/#organization\"},\"potentialAction\":[{\"@type\":\"SearchAction\",\"target\":{\"@type\":\"EntryPoint\",\"urlTemplate\":\"https:\/\/www.edifica.com.bo\/?s={search_term_string}\"},\"query-input\":\"required name=search_term_string\"}],\"inLanguage\":\"es\"},{\"@type\":\"Organization\",\"@id\":\"https:\/\/www.edifica.com.bo\/#organization\",\"name\":\"Edifica Press\",\"url\":\"https:\/\/www.edifica.com.bo\/\",\"logo\":{\"@type\":\"ImageObject\",\"inLanguage\":\"es\",\"@id\":\"https:\/\/www.edifica.com.bo\/#\/schema\/logo\/image\/\",\"url\":\"https:\/\/www.edifica.com.bo\/wp-content\/uploads\/2022\/04\/LOGO-EDIFICAPRESS2022.jpg\",\"contentUrl\":\"https:\/\/www.edifica.com.bo\/wp-content\/uploads\/2022\/04\/LOGO-EDIFICAPRESS2022.jpg\",\"width\":1200,\"height\":200,\"caption\":\"Edifica Press\"},\"image\":{\"@id\":\"https:\/\/www.edifica.com.bo\/#\/schema\/logo\/image\/\"},\"sameAs\":[\"https:\/\/www.facebook.com\/NegociosPressBolivia\"]},{\"@type\":\"Person\",\"@id\":\"https:\/\/www.edifica.com.bo\/#\/schema\/person\/115d63d49a533166b9aed20f704f4c6c\",\"name\":\"Yandira Toledo\",\"image\":{\"@type\":\"ImageObject\",\"inLanguage\":\"es\",\"@id\":\"https:\/\/www.edifica.com.bo\/#\/schema\/person\/image\/\",\"url\":\"https:\/\/secure.gravatar.com\/avatar\/ea966cd6bbbe46cf393468ac8bc1bdcc?s=96&d=mm&r=g\",\"contentUrl\":\"https:\/\/secure.gravatar.com\/avatar\/ea966cd6bbbe46cf393468ac8bc1bdcc?s=96&d=mm&r=g\",\"caption\":\"Yandira Toledo\"},\"sameAs\":[\"http:\/\/www.edifica.com.bo\"],\"url\":\"https:\/\/www.edifica.com.bo\/?author=3\"}]}<\/script>\n<!-- \/ Yoast SEO plugin. -->","yoast_head_json":{"title":"Directorio de CADECOCRUZ asume con el desaf\u00edo de encarar la crisis - Edifica Press","robots":{"index":"index","follow":"follow","max-snippet":"max-snippet:-1","max-image-preview":"max-image-preview:large","max-video-preview":"max-video-preview:-1"},"canonical":"https:\/\/www.edifica.com.bo\/?p=1564","og_locale":"es_ES","og_type":"article","og_title":"Directorio de CADECOCRUZ asume con el desaf\u00edo de encarar la crisis - Edifica Press","og_description":"Las empresas asociadas a la C\u00e1mara de la Construcci\u00f3n de Santa Cruz (CADECOCRUZ) reeligieron a Aldo S\u00fclzer Limpias como Presidente de la instituci\u00f3n para la gesti\u00f3n 2025 -2026. Los constructores reeligieron a Aldo S\u00fclzer Limpias como presidente de la C\u00e1mara de la Construcci\u00f3n de Santa Cruz (CADECOCRUZ) quien afirm\u00f3 que tiene el desaf\u00edo de continuar &hellip;","og_url":"https:\/\/www.edifica.com.bo\/?p=1564","og_site_name":"Edifica Press","article_publisher":"https:\/\/www.facebook.com\/NegociosPressBolivia","article_published_time":"2025-03-17T03:27:46+00:00","article_modified_time":"2025-03-17T03:27:54+00:00","og_image":[{"width":1600,"height":1134,"url":"https:\/\/www.edifica.com.bo\/wp-content\/uploads\/2025\/03\/WhatsApp-Image-2025-03-14-at-17.39.54.jpeg","type":"image\/jpeg"}],"author":"Yandira Toledo","twitter_card":"summary_large_image","twitter_misc":{"Escrito por":"Yandira Toledo","Tiempo de lectura":"4 minutos"},"schema":{"@context":"https:\/\/schema.org","@graph":[{"@type":"Article","@id":"https:\/\/www.edifica.com.bo\/?p=1564#article","isPartOf":{"@id":"https:\/\/www.edifica.com.bo\/?p=1564"},"author":{"name":"Yandira Toledo","@id":"https:\/\/www.edifica.com.bo\/#\/schema\/person\/115d63d49a533166b9aed20f704f4c6c"},"headline":"Directorio de CADECOCRUZ asume con el desaf\u00edo de encarar la crisis","datePublished":"2025-03-17T03:27:46+00:00","dateModified":"2025-03-17T03:27:54+00:00","mainEntityOfPage":{"@id":"https:\/\/www.edifica.com.bo\/?p=1564"},"wordCount":846,"commentCount":0,"publisher":{"@id":"https:\/\/www.edifica.com.bo\/#organization"},"articleSection":["ARQUITECTURA"],"inLanguage":"es","potentialAction":[{"@type":"CommentAction","name":"Comment","target":["https:\/\/www.edifica.com.bo\/?p=1564#respond"]}]},{"@type":"WebPage","@id":"https:\/\/www.edifica.com.bo\/?p=1564","url":"https:\/\/www.edifica.com.bo\/?p=1564","name":"Directorio de CADECOCRUZ asume con el desaf\u00edo de encarar la crisis - Edifica Press","isPartOf":{"@id":"https:\/\/www.edifica.com.bo\/#website"},"datePublished":"2025-03-17T03:27:46+00:00","dateModified":"2025-03-17T03:27:54+00:00","breadcrumb":{"@id":"https:\/\/www.edifica.com.bo\/?p=1564#breadcrumb"},"inLanguage":"es","potentialAction":[{"@type":"ReadAction","target":["https:\/\/www.edifica.com.bo\/?p=1564"]}]},{"@type":"BreadcrumbList","@id":"https:\/\/www.edifica.com.bo\/?p=1564#breadcrumb","itemListElement":[{"@type":"ListItem","position":1,"name":"Portada","item":"https:\/\/www.edifica.com.bo\/"},{"@type":"ListItem","position":2,"name":"Directorio de CADECOCRUZ asume con el desaf\u00edo de encarar la crisis"}]},{"@type":"WebSite","@id":"https:\/\/www.edifica.com.bo\/#website","url":"https:\/\/www.edifica.com.bo\/","name":"Edifica Press","description":"Revista Periodistica","publisher":{"@id":"https:\/\/www.edifica.com.bo\/#organization"},"potentialAction":[{"@type":"SearchAction","target":{"@type":"EntryPoint","urlTemplate":"https:\/\/www.edifica.com.bo\/?s={search_term_string}"},"query-input":"required name=search_term_string"}],"inLanguage":"es"},{"@type":"Organization","@id":"https:\/\/www.edifica.com.bo\/#organization","name":"Edifica Press","url":"https:\/\/www.edifica.com.bo\/","logo":{"@type":"ImageObject","inLanguage":"es","@id":"https:\/\/www.edifica.com.bo\/#\/schema\/logo\/image\/","url":"https:\/\/www.edifica.com.bo\/wp-content\/uploads\/2022\/04\/LOGO-EDIFICAPRESS2022.jpg","contentUrl":"https:\/\/www.edifica.com.bo\/wp-content\/uploads\/2022\/04\/LOGO-EDIFICAPRESS2022.jpg","width":1200,"height":200,"caption":"Edifica Press"},"image":{"@id":"https:\/\/www.edifica.com.bo\/#\/schema\/logo\/image\/"},"sameAs":["https:\/\/www.facebook.com\/NegociosPressBolivia"]},{"@type":"Person","@id":"https:\/\/www.edifica.com.bo\/#\/schema\/person\/115d63d49a533166b9aed20f704f4c6c","name":"Yandira Toledo","image":{"@type":"ImageObject","inLanguage":"es","@id":"https:\/\/www.edifica.com.bo\/#\/schema\/person\/image\/","url":"https:\/\/secure.gravatar.com\/avatar\/ea966cd6bbbe46cf393468ac8bc1bdcc?s=96&d=mm&r=g","contentUrl":"https:\/\/secure.gravatar.com\/avatar\/ea966cd6bbbe46cf393468ac8bc1bdcc?s=96&d=mm&r=g","caption":"Yandira Toledo"},"sameAs":["http:\/\/www.edifica.com.bo"],"url":"https:\/\/www.edifica.com.bo\/?author=3"}]}},"_links":{"self":[{"href":"https:\/\/www.edifica.com.bo\/index.php?rest_route=\/wp\/v2\/posts\/1564"}],"collection":[{"href":"https:\/\/www.edifica.com.bo\/index.php?rest_route=\/wp\/v2\/posts"}],"about":[{"href":"https:\/\/www.edifica.com.bo\/index.php?rest_route=\/wp\/v2\/types\/post"}],"author":[{"embeddable":true,"href":"https:\/\/www.edifica.com.bo\/index.php?rest_route=\/wp\/v2\/users\/3"}],"replies":[{"embeddable":true,"href":"https:\/\/www.edifica.com.bo\/index.php?rest_route=%2Fwp%2Fv2%2Fcomments&post=1564"}],"version-history":[{"count":1,"href":"https:\/\/www.edifica.com.bo\/index.php?rest_route=\/wp\/v2\/posts\/1564\/revisions"}],"predecessor-version":[{"id":1566,"href":"https:\/\/www.edifica.com.bo\/index.php?rest_route=\/wp\/v2\/posts\/1564\/revisions\/1566"}],"wp:featuredmedia":[{"embeddable":true,"href":"https:\/\/www.edifica.com.bo\/index.php?rest_route=\/wp\/v2\/media\/1565"}],"wp:attachment":[{"href":"https:\/\/www.edifica.com.bo\/index.php?rest_route=%2Fwp%2Fv2%2Fmedia&parent=1564"}],"wp:term":[{"taxonomy":"category","embeddable":true,"href":"https:\/\/www.edifica.com.bo\/index.php?rest_route=%2Fwp%2Fv2%2Fcategories&post=1564"},{"taxonomy":"post_tag","embeddable":true,"href":"https:\/\/www.edifica.com.bo\/index.php?rest_route=%2Fwp%2Fv2%2Ftags&post=1564"}],"curies":[{"name":"wp","href":"https:\/\/api.w.org\/{rel}","templated":true}]}}