{"id":1581,"date":"2025-04-23T04:16:01","date_gmt":"2025-04-23T04:16:01","guid":{"rendered":"https:\/\/www.edifica.com.bo\/?p=1581"},"modified":"2025-04-23T04:16:08","modified_gmt":"2025-04-23T04:16:08","slug":"conferencistas-brasilenos-y-bocetos-de-oscar-niemeyer-llegan-para-el-seminario-internacional-de-arquitectura","status":"publish","type":"post","link":"https:\/\/www.edifica.com.bo\/?p=1581","title":{"rendered":"Conferencistas brasile\u00f1os y bocetos de Oscar Niemeyer llegan para el Seminario Internacional de Arquitectura"},"content":{"rendered":"\n<h2 class=\"wp-block-heading\">El evento est\u00e1 programado para el jueves 24 y viernes 25 de abril, en el marco de la Ficad.<\/h2>\n\n\n\n<p>Marque en su agenda: jueves 24 y viernes 25 de abril, SIA. La cita es imperdible por la presencia de cuatro conferencistas brasile\u00f1os, adem\u00e1s de un boliviano formado en Brasil, en el XVIII Seminario Internacional de Arquitectura. A ello hay que sumar la exposici\u00f3n de 21 bocetos in\u00e9ditos de los principales proyectos de Oscar Niemeyer (1907-2012).<\/p>\n\n\n\n<p>Pero, \u00bfpor qu\u00e9 vienen estos profesionales y a qu\u00e9 se debe la muestra del afamado profesional? Porque este a\u00f1o el Seminario tiene por nombre \u201cArquitectura Brasile\u00f1a \u2013 Visiones y espacios contempor\u00e1neos\u201d. A ello se referir\u00e1n los conferencistas a trav\u00e9s de las corrientes arquitect\u00f3nicas nacidas en el gigante sudamericano y la influencia que han tenido en sus obras y en el mundo entero.<\/p>\n\n\n\n<p>Para completar el tema, la Embajada de Brasil en Bolivia y el Consulado en Santa Cruz de la Sierra han cedido al SIA los bocetos del constructor de Brasilia, uno de los m\u00e1ximos exponentes del modernismo. Adem\u00e1s, se aprovechar\u00e1 el evento para exponer los 20 proyectos finalistas de la quinta versi\u00f3n del Premio Oscar Niemeyer, el galard\u00f3n que valora lo mejor de la producci\u00f3n arquitect\u00f3nica de Latinoam\u00e9rica. Los ha facilitado la Red de Bienales de Am\u00e9rica Latina (Red Baal).<\/p>\n\n\n\n<p>\u00bfQui\u00e9nes son los arquitectos brasile\u00f1os que llegan? Se trata de Rodrigo Ohtake, Guilherme Lassance, Andr\u00e9 Velloso y Eder Alencar. El primero se form\u00f3 en Brasil y en Italia. En 2014 expuso en la Bienal de Arquitectura de Venecia. Ha participado en las ediciones de libros dedicados a Oscar Niemeyer. Desde 2006 trabaja en el estudio Ohtake Arquitetos que fund\u00f3 con su padre, Ruy Ohtake.<\/p>\n\n\n\n<p>Lassance trabaja como director (decano) de la Facultad de Arquitectura y Urbanismo de la Universidad Federal de R\u00edo de Janeiro. Fue profesor en Nueva York, Londres, Marsella y Par\u00eds. Ha escrito tres libros de gran inter\u00e9s para arquitectos y urbanistas: \u201cR\u00edo metropolitano: Gu\u00eda para una arquitectura\u201d, \u201cIn-formal: Infraestructura urbana revisitada\u201d y \u201cCiudad postcompacta\u201d.<\/p>\n\n\n\n<p>Velloso y Alencar comparten el estudio ArqBr Arquitetura e Urbanismo. Velloso estudi\u00f3 en Brasil, Italia y Portugal. Alencar tuvo el privilegio de ser parte del equipo de Niemeyer en el desarrollo del proyecto para el anexo de la Catedral Rainha da Paz y en el del Ministerio de Desarrollo Social, en Brasilia.<\/p>\n\n\n\n<p>El grupo de profesionales lo completar\u00e1 el arquitecto boliviano Edwin Bause, titulado en Brasil. En 2018 gan\u00f3 el Gran Premio Bienal Internacional de Arquitectura de Santa Cruz y fue Seleccionado Internacional en la Bienal Panamericana de Arquitectura de Quito. Ha desarrollado proyectos y obras en Per\u00fa, Bolivia y Brasil.<\/p>\n\n\n\n<p>&#8220;Arquitectura brasile\u00f1a: visiones y espacios contempor\u00e1neos&#8221; ser\u00e1 el tema del pr\u00f3ximo Seminario Internacional de Arquitectura (SIA<\/p>\n\n\n\n<p>El SIA es el evento m\u00e1s antiguo de la arquitectura boliviana. Lo organiza cada dos a\u00f1os, desde 1990, el Colegio de Arquitectos de Santa Cruz (CASCZ) con la colaboraci\u00f3n de la Universidad Privada de Santa Cruz de la Sierra (UPSA), en el marco de la Feria Internacional de la Construcci\u00f3n, Arquitectura y Dise\u00f1o (Ficad).<\/p>\n\n\n\n<p>El evento est\u00e1 dirigido a estudiantes de arquitectura, dise\u00f1o industrial y carreras similares de universidades de Santa Cruz y Bolivia, as\u00ed como para profesionales en estas \u00e1reas. El costo de participaci\u00f3n para universitarios es de Bs 100; para los arquitectos afiliados al CASCZ que est\u00e9n al d\u00eda en sus obligaciones, tambi\u00e9n Bs 100, y para colegiados en general, Bs 150. El pago asegura su ingreso a la Ficad.<\/p>\n","protected":false},"excerpt":{"rendered":"<p>El evento est\u00e1 programado para el jueves 24 y viernes 25 de abril, en el marco de la Ficad. Marque en su agenda: jueves 24 y viernes 25 de abril, SIA. La cita es imperdible por la presencia de cuatro conferencistas brasile\u00f1os, adem\u00e1s de un boliviano formado en Brasil, en el XVIII Seminario Internacional de &hellip;<\/p>\n","protected":false},"author":3,"featured_media":1582,"comment_status":"open","ping_status":"open","sticky":false,"template":"","format":"standard","meta":{"footnotes":""},"categories":[5],"tags":[],"yoast_head":"<!-- This site is optimized with the Yoast SEO plugin v21.9.1 - https:\/\/yoast.com\/wordpress\/plugins\/seo\/ -->\n<title>Conferencistas brasile\u00f1os y bocetos de Oscar Niemeyer llegan para el Seminario Internacional de Arquitectura - Edifica Press<\/title>\n<meta name=\"robots\" content=\"index, follow, max-snippet:-1, max-image-preview:large, max-video-preview:-1\" \/>\n<link rel=\"canonical\" href=\"https:\/\/www.edifica.com.bo\/?p=1581\" \/>\n<meta property=\"og:locale\" content=\"es_ES\" \/>\n<meta property=\"og:type\" content=\"article\" \/>\n<meta property=\"og:title\" content=\"Conferencistas brasile\u00f1os y bocetos de Oscar Niemeyer llegan para el Seminario Internacional de Arquitectura - Edifica Press\" \/>\n<meta property=\"og:description\" content=\"El evento est\u00e1 programado para el jueves 24 y viernes 25 de abril, en el marco de la Ficad. Marque en su agenda: jueves 24 y viernes 25 de abril, SIA. La cita es imperdible por la presencia de cuatro conferencistas brasile\u00f1os, adem\u00e1s de un boliviano formado en Brasil, en el XVIII Seminario Internacional de &hellip;\" \/>\n<meta property=\"og:url\" content=\"https:\/\/www.edifica.com.bo\/?p=1581\" \/>\n<meta property=\"og:site_name\" content=\"Edifica Press\" \/>\n<meta property=\"article:publisher\" content=\"https:\/\/www.facebook.com\/NegociosPressBolivia\" \/>\n<meta property=\"article:published_time\" content=\"2025-04-23T04:16:01+00:00\" \/>\n<meta property=\"article:modified_time\" content=\"2025-04-23T04:16:08+00:00\" \/>\n<meta property=\"og:image\" content=\"https:\/\/www.edifica.com.bo\/wp-content\/uploads\/2025\/04\/SIA1.jpeg\" \/>\n\t<meta property=\"og:image:width\" content=\"1600\" \/>\n\t<meta property=\"og:image:height\" content=\"900\" \/>\n\t<meta property=\"og:image:type\" content=\"image\/jpeg\" \/>\n<meta name=\"author\" content=\"Yandira Toledo\" \/>\n<meta name=\"twitter:card\" content=\"summary_large_image\" \/>\n<meta name=\"twitter:label1\" content=\"Escrito por\" \/>\n\t<meta name=\"twitter:data1\" content=\"Yandira Toledo\" \/>\n\t<meta name=\"twitter:label2\" content=\"Tiempo de lectura\" \/>\n\t<meta name=\"twitter:data2\" content=\"3 minutos\" \/>\n<script type=\"application\/ld+json\" class=\"yoast-schema-graph\">{\"@context\":\"https:\/\/schema.org\",\"@graph\":[{\"@type\":\"Article\",\"@id\":\"https:\/\/www.edifica.com.bo\/?p=1581#article\",\"isPartOf\":{\"@id\":\"https:\/\/www.edifica.com.bo\/?p=1581\"},\"author\":{\"name\":\"Yandira Toledo\",\"@id\":\"https:\/\/www.edifica.com.bo\/#\/schema\/person\/115d63d49a533166b9aed20f704f4c6c\"},\"headline\":\"Conferencistas brasile\u00f1os y bocetos de Oscar Niemeyer llegan para el Seminario Internacional de Arquitectura\",\"datePublished\":\"2025-04-23T04:16:01+00:00\",\"dateModified\":\"2025-04-23T04:16:08+00:00\",\"mainEntityOfPage\":{\"@id\":\"https:\/\/www.edifica.com.bo\/?p=1581\"},\"wordCount\":611,\"commentCount\":0,\"publisher\":{\"@id\":\"https:\/\/www.edifica.com.bo\/#organization\"},\"articleSection\":[\"ARQUITECTURA\"],\"inLanguage\":\"es\",\"potentialAction\":[{\"@type\":\"CommentAction\",\"name\":\"Comment\",\"target\":[\"https:\/\/www.edifica.com.bo\/?p=1581#respond\"]}]},{\"@type\":\"WebPage\",\"@id\":\"https:\/\/www.edifica.com.bo\/?p=1581\",\"url\":\"https:\/\/www.edifica.com.bo\/?p=1581\",\"name\":\"Conferencistas brasile\u00f1os y bocetos de Oscar Niemeyer llegan para el Seminario Internacional de Arquitectura - Edifica Press\",\"isPartOf\":{\"@id\":\"https:\/\/www.edifica.com.bo\/#website\"},\"datePublished\":\"2025-04-23T04:16:01+00:00\",\"dateModified\":\"2025-04-23T04:16:08+00:00\",\"breadcrumb\":{\"@id\":\"https:\/\/www.edifica.com.bo\/?p=1581#breadcrumb\"},\"inLanguage\":\"es\",\"potentialAction\":[{\"@type\":\"ReadAction\",\"target\":[\"https:\/\/www.edifica.com.bo\/?p=1581\"]}]},{\"@type\":\"BreadcrumbList\",\"@id\":\"https:\/\/www.edifica.com.bo\/?p=1581#breadcrumb\",\"itemListElement\":[{\"@type\":\"ListItem\",\"position\":1,\"name\":\"Portada\",\"item\":\"https:\/\/www.edifica.com.bo\/\"},{\"@type\":\"ListItem\",\"position\":2,\"name\":\"Conferencistas brasile\u00f1os y bocetos de Oscar Niemeyer llegan para el Seminario Internacional de Arquitectura\"}]},{\"@type\":\"WebSite\",\"@id\":\"https:\/\/www.edifica.com.bo\/#website\",\"url\":\"https:\/\/www.edifica.com.bo\/\",\"name\":\"Edifica Press\",\"description\":\"Revista Periodistica\",\"publisher\":{\"@id\":\"https:\/\/www.edifica.com.bo\/#organization\"},\"potentialAction\":[{\"@type\":\"SearchAction\",\"target\":{\"@type\":\"EntryPoint\",\"urlTemplate\":\"https:\/\/www.edifica.com.bo\/?s={search_term_string}\"},\"query-input\":\"required name=search_term_string\"}],\"inLanguage\":\"es\"},{\"@type\":\"Organization\",\"@id\":\"https:\/\/www.edifica.com.bo\/#organization\",\"name\":\"Edifica Press\",\"url\":\"https:\/\/www.edifica.com.bo\/\",\"logo\":{\"@type\":\"ImageObject\",\"inLanguage\":\"es\",\"@id\":\"https:\/\/www.edifica.com.bo\/#\/schema\/logo\/image\/\",\"url\":\"https:\/\/www.edifica.com.bo\/wp-content\/uploads\/2022\/04\/LOGO-EDIFICAPRESS2022.jpg\",\"contentUrl\":\"https:\/\/www.edifica.com.bo\/wp-content\/uploads\/2022\/04\/LOGO-EDIFICAPRESS2022.jpg\",\"width\":1200,\"height\":200,\"caption\":\"Edifica Press\"},\"image\":{\"@id\":\"https:\/\/www.edifica.com.bo\/#\/schema\/logo\/image\/\"},\"sameAs\":[\"https:\/\/www.facebook.com\/NegociosPressBolivia\"]},{\"@type\":\"Person\",\"@id\":\"https:\/\/www.edifica.com.bo\/#\/schema\/person\/115d63d49a533166b9aed20f704f4c6c\",\"name\":\"Yandira Toledo\",\"image\":{\"@type\":\"ImageObject\",\"inLanguage\":\"es\",\"@id\":\"https:\/\/www.edifica.com.bo\/#\/schema\/person\/image\/\",\"url\":\"https:\/\/secure.gravatar.com\/avatar\/ea966cd6bbbe46cf393468ac8bc1bdcc?s=96&d=mm&r=g\",\"contentUrl\":\"https:\/\/secure.gravatar.com\/avatar\/ea966cd6bbbe46cf393468ac8bc1bdcc?s=96&d=mm&r=g\",\"caption\":\"Yandira Toledo\"},\"sameAs\":[\"http:\/\/www.edifica.com.bo\"],\"url\":\"https:\/\/www.edifica.com.bo\/?author=3\"}]}<\/script>\n<!-- \/ Yoast SEO plugin. -->","yoast_head_json":{"title":"Conferencistas brasile\u00f1os y bocetos de Oscar Niemeyer llegan para el Seminario Internacional de Arquitectura - Edifica Press","robots":{"index":"index","follow":"follow","max-snippet":"max-snippet:-1","max-image-preview":"max-image-preview:large","max-video-preview":"max-video-preview:-1"},"canonical":"https:\/\/www.edifica.com.bo\/?p=1581","og_locale":"es_ES","og_type":"article","og_title":"Conferencistas brasile\u00f1os y bocetos de Oscar Niemeyer llegan para el Seminario Internacional de Arquitectura - Edifica Press","og_description":"El evento est\u00e1 programado para el jueves 24 y viernes 25 de abril, en el marco de la Ficad. Marque en su agenda: jueves 24 y viernes 25 de abril, SIA. La cita es imperdible por la presencia de cuatro conferencistas brasile\u00f1os, adem\u00e1s de un boliviano formado en Brasil, en el XVIII Seminario Internacional de &hellip;","og_url":"https:\/\/www.edifica.com.bo\/?p=1581","og_site_name":"Edifica Press","article_publisher":"https:\/\/www.facebook.com\/NegociosPressBolivia","article_published_time":"2025-04-23T04:16:01+00:00","article_modified_time":"2025-04-23T04:16:08+00:00","og_image":[{"width":1600,"height":900,"url":"https:\/\/www.edifica.com.bo\/wp-content\/uploads\/2025\/04\/SIA1.jpeg","type":"image\/jpeg"}],"author":"Yandira Toledo","twitter_card":"summary_large_image","twitter_misc":{"Escrito por":"Yandira Toledo","Tiempo de lectura":"3 minutos"},"schema":{"@context":"https:\/\/schema.org","@graph":[{"@type":"Article","@id":"https:\/\/www.edifica.com.bo\/?p=1581#article","isPartOf":{"@id":"https:\/\/www.edifica.com.bo\/?p=1581"},"author":{"name":"Yandira Toledo","@id":"https:\/\/www.edifica.com.bo\/#\/schema\/person\/115d63d49a533166b9aed20f704f4c6c"},"headline":"Conferencistas brasile\u00f1os y bocetos de Oscar Niemeyer llegan para el Seminario Internacional de Arquitectura","datePublished":"2025-04-23T04:16:01+00:00","dateModified":"2025-04-23T04:16:08+00:00","mainEntityOfPage":{"@id":"https:\/\/www.edifica.com.bo\/?p=1581"},"wordCount":611,"commentCount":0,"publisher":{"@id":"https:\/\/www.edifica.com.bo\/#organization"},"articleSection":["ARQUITECTURA"],"inLanguage":"es","potentialAction":[{"@type":"CommentAction","name":"Comment","target":["https:\/\/www.edifica.com.bo\/?p=1581#respond"]}]},{"@type":"WebPage","@id":"https:\/\/www.edifica.com.bo\/?p=1581","url":"https:\/\/www.edifica.com.bo\/?p=1581","name":"Conferencistas brasile\u00f1os y bocetos de Oscar Niemeyer llegan para el Seminario Internacional de Arquitectura - Edifica Press","isPartOf":{"@id":"https:\/\/www.edifica.com.bo\/#website"},"datePublished":"2025-04-23T04:16:01+00:00","dateModified":"2025-04-23T04:16:08+00:00","breadcrumb":{"@id":"https:\/\/www.edifica.com.bo\/?p=1581#breadcrumb"},"inLanguage":"es","potentialAction":[{"@type":"ReadAction","target":["https:\/\/www.edifica.com.bo\/?p=1581"]}]},{"@type":"BreadcrumbList","@id":"https:\/\/www.edifica.com.bo\/?p=1581#breadcrumb","itemListElement":[{"@type":"ListItem","position":1,"name":"Portada","item":"https:\/\/www.edifica.com.bo\/"},{"@type":"ListItem","position":2,"name":"Conferencistas brasile\u00f1os y bocetos de Oscar Niemeyer llegan para el Seminario Internacional de Arquitectura"}]},{"@type":"WebSite","@id":"https:\/\/www.edifica.com.bo\/#website","url":"https:\/\/www.edifica.com.bo\/","name":"Edifica Press","description":"Revista Periodistica","publisher":{"@id":"https:\/\/www.edifica.com.bo\/#organization"},"potentialAction":[{"@type":"SearchAction","target":{"@type":"EntryPoint","urlTemplate":"https:\/\/www.edifica.com.bo\/?s={search_term_string}"},"query-input":"required name=search_term_string"}],"inLanguage":"es"},{"@type":"Organization","@id":"https:\/\/www.edifica.com.bo\/#organization","name":"Edifica Press","url":"https:\/\/www.edifica.com.bo\/","logo":{"@type":"ImageObject","inLanguage":"es","@id":"https:\/\/www.edifica.com.bo\/#\/schema\/logo\/image\/","url":"https:\/\/www.edifica.com.bo\/wp-content\/uploads\/2022\/04\/LOGO-EDIFICAPRESS2022.jpg","contentUrl":"https:\/\/www.edifica.com.bo\/wp-content\/uploads\/2022\/04\/LOGO-EDIFICAPRESS2022.jpg","width":1200,"height":200,"caption":"Edifica Press"},"image":{"@id":"https:\/\/www.edifica.com.bo\/#\/schema\/logo\/image\/"},"sameAs":["https:\/\/www.facebook.com\/NegociosPressBolivia"]},{"@type":"Person","@id":"https:\/\/www.edifica.com.bo\/#\/schema\/person\/115d63d49a533166b9aed20f704f4c6c","name":"Yandira Toledo","image":{"@type":"ImageObject","inLanguage":"es","@id":"https:\/\/www.edifica.com.bo\/#\/schema\/person\/image\/","url":"https:\/\/secure.gravatar.com\/avatar\/ea966cd6bbbe46cf393468ac8bc1bdcc?s=96&d=mm&r=g","contentUrl":"https:\/\/secure.gravatar.com\/avatar\/ea966cd6bbbe46cf393468ac8bc1bdcc?s=96&d=mm&r=g","caption":"Yandira Toledo"},"sameAs":["http:\/\/www.edifica.com.bo"],"url":"https:\/\/www.edifica.com.bo\/?author=3"}]}},"_links":{"self":[{"href":"https:\/\/www.edifica.com.bo\/index.php?rest_route=\/wp\/v2\/posts\/1581"}],"collection":[{"href":"https:\/\/www.edifica.com.bo\/index.php?rest_route=\/wp\/v2\/posts"}],"about":[{"href":"https:\/\/www.edifica.com.bo\/index.php?rest_route=\/wp\/v2\/types\/post"}],"author":[{"embeddable":true,"href":"https:\/\/www.edifica.com.bo\/index.php?rest_route=\/wp\/v2\/users\/3"}],"replies":[{"embeddable":true,"href":"https:\/\/www.edifica.com.bo\/index.php?rest_route=%2Fwp%2Fv2%2Fcomments&post=1581"}],"version-history":[{"count":1,"href":"https:\/\/www.edifica.com.bo\/index.php?rest_route=\/wp\/v2\/posts\/1581\/revisions"}],"predecessor-version":[{"id":1583,"href":"https:\/\/www.edifica.com.bo\/index.php?rest_route=\/wp\/v2\/posts\/1581\/revisions\/1583"}],"wp:featuredmedia":[{"embeddable":true,"href":"https:\/\/www.edifica.com.bo\/index.php?rest_route=\/wp\/v2\/media\/1582"}],"wp:attachment":[{"href":"https:\/\/www.edifica.com.bo\/index.php?rest_route=%2Fwp%2Fv2%2Fmedia&parent=1581"}],"wp:term":[{"taxonomy":"category","embeddable":true,"href":"https:\/\/www.edifica.com.bo\/index.php?rest_route=%2Fwp%2Fv2%2Fcategories&post=1581"},{"taxonomy":"post_tag","embeddable":true,"href":"https:\/\/www.edifica.com.bo\/index.php?rest_route=%2Fwp%2Fv2%2Ftags&post=1581"}],"curies":[{"name":"wp","href":"https:\/\/api.w.org\/{rel}","templated":true}]}}