{"id":1588,"date":"2025-05-06T20:44:21","date_gmt":"2025-05-06T20:44:21","guid":{"rendered":"https:\/\/www.edifica.com.bo\/?p=1588"},"modified":"2025-05-06T20:44:29","modified_gmt":"2025-05-06T20:44:29","slug":"por-la-necesidad-de-aceras-mas-democraticas","status":"publish","type":"post","link":"https:\/\/www.edifica.com.bo\/?p=1588","title":{"rendered":"Por la necesidad de aceras m\u00e1s democr\u00e1ticas"},"content":{"rendered":"\n<p><strong>Por Facundo Baudoin, Arquitecto, CEO de la consultora Baudoin Arquitectos C.A<\/strong><\/p>\n\n\n\n<p>Esta Semana Santa, Alicia ha llegado a reencontrarse con sus abuelos en la ciudad de Santa Cruz. Tiene planificado ir al cine, al centro comercial, y ya ha pasado por el parque Saltar\u00edn. Con picard\u00eda, su abuelo le pregunta qu\u00e9 le gusta m\u00e1s: \u00bfSamaipata o Santa Cruz?<br>Ella, sin dudar, responde que le gustan ambas, pero argumenta con una sonrisa: \u201cSanta Cruz m\u00e1s para visitar, y Samaipata para vivir, porque all\u00e1 soy libre como el viento\u201d, concluye.<br>Y es que Alicia reci\u00e9n retorn\u00f3 a Samaipata despu\u00e9s de haber vivido un a\u00f1o en la ciudad de Santa Cruz. Volvi\u00f3 para poder caminar en paz, tener independencia y salir de paseo en bicicleta.<br>Alicia disfruta mucho de jugar intercambiando roles: propone ser hija, madre, abuela, soltera, casada, o incluso parte de familias inventadas con g\u00e9neros diversos. As\u00ed, caminar con ella se vuelve toda una experiencia, mientras me conversa como si fuera mi madre o abuela, y yo su hija o madre, empujando el coche con mi beb\u00e9.<br>Hace un a\u00f1o, Alicia tuvo que dejar de jugar a roles mientras estaba en la calle, porque deb\u00eda estar atenta a los autos, a la gente, y a la casi total ausencia de aceras, o a su existencia infranqueable en forma de rampas, mont\u00edculos, \u201cjardines\u201d, maceteros, barreras, o autos estacionados de manera transversal, ocupando toda la vereda y oblig\u00e1ndola a bajar a la calle.<br>Saltaba como un conejo mientras caminaba delante de m\u00ed, curiosa por lo que la rodeaba o en busca de algo que le llamara la atenci\u00f3n.<br>Adem\u00e1s, cuando llueve, es preciso no resbalarse: el piso de cer\u00e1mica o porcelanato se vuelve muy peligroso. Hay que tener cuidado de no rozar los filos de ciertos elementos que adornan las macetas, sobre los que nadie puede apoyarse sin riesgo. Alicia camina agarrada de mi mano, dando zancadas largas para sortear los obst\u00e1culos. Pero esto la aburre, la cansa y, a veces, la lastima, como en esa ca\u00edda inesperada que sum\u00f3 m\u00e1s tensi\u00f3n a nuestros paseos.<br>Alicia disfruta de poder ir delante de su madre, rebotando sus trenzas con saltos diagonales, o \u201ccargar a su nieta y conversar con su hija, de coche en mano\u201d, mientras reciben el saludo de don Zeferino, casero de la tienda de abarrotes.<br>Y no es extra\u00f1o, pues lo que a Alicia le gusta de Samaipata forma parte de los principios fundamentales de \u201cLa Ciudad Caminable\u201d de Jeff Speck. Caminar debe ser \u00fatil, seguro, c\u00f3modo e interesante. Es as\u00ed que se conjugan la velocidad contenida de los veh\u00edculos con aromas y sombras de galer\u00edas y \u00e1rboles, que permiten la desprevenci\u00f3n del que pasea y accidentalmente descubre un inter\u00e9s perdido en su deambular. Puede sonar nost\u00e1lgico, en un sentido ingenuo; sin embargo, de eso se trata el dise\u00f1o urbano y las pol\u00edticas de crecimiento de la ciudad. Se trata de caracterizar a las mismas y establecer lineamientos que nos permitan, mancomunadamente, contribuir como c\u00e9lulas de un mismo organismo (respetando linderos, estableciendo formas y dimensiones espec\u00edficas seg\u00fan distintos tipos de ciudad para ser implementadas por sus habitantes). De forma inversa, nos volvemos tumores que crecen de manera desordenada, afectando negativamente al organismo. Asimismo, este pensar, habitar y gestionar la ciudad es algo din\u00e1mico, como lo requiere un organismo en constante cambio.<br>Pensar\u00eda al respecto que, por ejemplo, si Samaipata quiere resguardar su escala y cualidades frente a una cada vez mayor y m\u00e1s constante migraci\u00f3n y visitas de residentes de Santa Cruz, deber\u00e1 establecer un plan de ordenamiento territorial y usos de suelo, as\u00ed como el resguardo del patrimonio y la escala urbana, delimitando en su centro el acceso vehicular a favor del peatonal y el uso mixto volcado a lo p\u00fablico, en condiciones propicias para su mejor desarrollo.<br>Asimismo, resulta sorprendente que Santa Cruz no pueda gozar de una red articulada de espacios p\u00fablicos de car\u00e1cter cultural y l\u00fadico, o de una buena y segura ciclov\u00eda que permita transitar de un lugar a otro. Se debe entender que la ciudad es un medio en el que sus habitantes se trasladan motivados por intereses que esta genera; que ese traslado debe ser c\u00f3modo y seguro, pero sobre todo interesante. Interesante porque esa magia que nos acerca a ciertos lugares es la que debe seducirnos una y otra vez con su car\u00e1cter, para, sin agotamiento, poder volver.<br>Puede parecer ambicioso lo propuesto. Sin embargo, pienso que es menester empezar por algo, y nada m\u00e1s merecedor de ser democr\u00e1tico que las aceras y los brocales que limitan nuestras calles, conforman nuestras fachadas y permiten o no que la gente se una al rostro de nuestra ciudad.<\/p>\n","protected":false},"excerpt":{"rendered":"<p>Por Facundo Baudoin, Arquitecto, CEO de la consultora Baudoin Arquitectos C.A Esta Semana Santa, Alicia ha llegado a reencontrarse con sus abuelos en la ciudad de Santa Cruz. Tiene planificado ir al cine, al centro comercial, y ya ha pasado por el parque Saltar\u00edn. Con picard\u00eda, su abuelo le pregunta qu\u00e9 le gusta m\u00e1s: \u00bfSamaipata &hellip;<\/p>\n","protected":false},"author":3,"featured_media":1589,"comment_status":"open","ping_status":"open","sticky":false,"template":"","format":"standard","meta":{"footnotes":""},"categories":[5],"tags":[],"yoast_head":"<!-- This site is optimized with the Yoast SEO plugin v21.9.1 - https:\/\/yoast.com\/wordpress\/plugins\/seo\/ -->\n<title>Por la necesidad de aceras m\u00e1s democr\u00e1ticas - Edifica Press<\/title>\n<meta name=\"robots\" content=\"index, follow, max-snippet:-1, max-image-preview:large, max-video-preview:-1\" \/>\n<link rel=\"canonical\" href=\"https:\/\/www.edifica.com.bo\/?p=1588\" \/>\n<meta property=\"og:locale\" content=\"es_ES\" \/>\n<meta property=\"og:type\" content=\"article\" \/>\n<meta property=\"og:title\" content=\"Por la necesidad de aceras m\u00e1s democr\u00e1ticas - Edifica Press\" \/>\n<meta property=\"og:description\" content=\"Por Facundo Baudoin, Arquitecto, CEO de la consultora Baudoin Arquitectos C.A Esta Semana Santa, Alicia ha llegado a reencontrarse con sus abuelos en la ciudad de Santa Cruz. Tiene planificado ir al cine, al centro comercial, y ya ha pasado por el parque Saltar\u00edn. Con picard\u00eda, su abuelo le pregunta qu\u00e9 le gusta m\u00e1s: \u00bfSamaipata &hellip;\" \/>\n<meta property=\"og:url\" content=\"https:\/\/www.edifica.com.bo\/?p=1588\" \/>\n<meta property=\"og:site_name\" content=\"Edifica Press\" \/>\n<meta property=\"article:publisher\" content=\"https:\/\/www.facebook.com\/NegociosPressBolivia\" \/>\n<meta property=\"article:published_time\" content=\"2025-05-06T20:44:21+00:00\" \/>\n<meta property=\"article:modified_time\" content=\"2025-05-06T20:44:29+00:00\" \/>\n<meta property=\"og:image\" content=\"https:\/\/www.edifica.com.bo\/wp-content\/uploads\/2025\/05\/Samaipataedited.jpg\" \/>\n\t<meta property=\"og:image:width\" content=\"2500\" \/>\n\t<meta property=\"og:image:height\" content=\"1667\" \/>\n\t<meta property=\"og:image:type\" content=\"image\/jpeg\" \/>\n<meta name=\"author\" content=\"Yandira Toledo\" \/>\n<meta name=\"twitter:card\" content=\"summary_large_image\" \/>\n<meta name=\"twitter:label1\" content=\"Escrito por\" \/>\n\t<meta name=\"twitter:data1\" content=\"Yandira Toledo\" \/>\n\t<meta name=\"twitter:label2\" content=\"Tiempo de lectura\" \/>\n\t<meta name=\"twitter:data2\" content=\"4 minutos\" \/>\n<script type=\"application\/ld+json\" class=\"yoast-schema-graph\">{\"@context\":\"https:\/\/schema.org\",\"@graph\":[{\"@type\":\"Article\",\"@id\":\"https:\/\/www.edifica.com.bo\/?p=1588#article\",\"isPartOf\":{\"@id\":\"https:\/\/www.edifica.com.bo\/?p=1588\"},\"author\":{\"name\":\"Yandira Toledo\",\"@id\":\"https:\/\/www.edifica.com.bo\/#\/schema\/person\/115d63d49a533166b9aed20f704f4c6c\"},\"headline\":\"Por la necesidad de aceras m\u00e1s democr\u00e1ticas\",\"datePublished\":\"2025-05-06T20:44:21+00:00\",\"dateModified\":\"2025-05-06T20:44:29+00:00\",\"mainEntityOfPage\":{\"@id\":\"https:\/\/www.edifica.com.bo\/?p=1588\"},\"wordCount\":827,\"commentCount\":0,\"publisher\":{\"@id\":\"https:\/\/www.edifica.com.bo\/#organization\"},\"articleSection\":[\"ARQUITECTURA\"],\"inLanguage\":\"es\",\"potentialAction\":[{\"@type\":\"CommentAction\",\"name\":\"Comment\",\"target\":[\"https:\/\/www.edifica.com.bo\/?p=1588#respond\"]}]},{\"@type\":\"WebPage\",\"@id\":\"https:\/\/www.edifica.com.bo\/?p=1588\",\"url\":\"https:\/\/www.edifica.com.bo\/?p=1588\",\"name\":\"Por la necesidad de aceras m\u00e1s democr\u00e1ticas - Edifica Press\",\"isPartOf\":{\"@id\":\"https:\/\/www.edifica.com.bo\/#website\"},\"datePublished\":\"2025-05-06T20:44:21+00:00\",\"dateModified\":\"2025-05-06T20:44:29+00:00\",\"breadcrumb\":{\"@id\":\"https:\/\/www.edifica.com.bo\/?p=1588#breadcrumb\"},\"inLanguage\":\"es\",\"potentialAction\":[{\"@type\":\"ReadAction\",\"target\":[\"https:\/\/www.edifica.com.bo\/?p=1588\"]}]},{\"@type\":\"BreadcrumbList\",\"@id\":\"https:\/\/www.edifica.com.bo\/?p=1588#breadcrumb\",\"itemListElement\":[{\"@type\":\"ListItem\",\"position\":1,\"name\":\"Portada\",\"item\":\"https:\/\/www.edifica.com.bo\/\"},{\"@type\":\"ListItem\",\"position\":2,\"name\":\"Por la necesidad de aceras m\u00e1s democr\u00e1ticas\"}]},{\"@type\":\"WebSite\",\"@id\":\"https:\/\/www.edifica.com.bo\/#website\",\"url\":\"https:\/\/www.edifica.com.bo\/\",\"name\":\"Edifica Press\",\"description\":\"Revista Periodistica\",\"publisher\":{\"@id\":\"https:\/\/www.edifica.com.bo\/#organization\"},\"potentialAction\":[{\"@type\":\"SearchAction\",\"target\":{\"@type\":\"EntryPoint\",\"urlTemplate\":\"https:\/\/www.edifica.com.bo\/?s={search_term_string}\"},\"query-input\":\"required name=search_term_string\"}],\"inLanguage\":\"es\"},{\"@type\":\"Organization\",\"@id\":\"https:\/\/www.edifica.com.bo\/#organization\",\"name\":\"Edifica Press\",\"url\":\"https:\/\/www.edifica.com.bo\/\",\"logo\":{\"@type\":\"ImageObject\",\"inLanguage\":\"es\",\"@id\":\"https:\/\/www.edifica.com.bo\/#\/schema\/logo\/image\/\",\"url\":\"https:\/\/www.edifica.com.bo\/wp-content\/uploads\/2022\/04\/LOGO-EDIFICAPRESS2022.jpg\",\"contentUrl\":\"https:\/\/www.edifica.com.bo\/wp-content\/uploads\/2022\/04\/LOGO-EDIFICAPRESS2022.jpg\",\"width\":1200,\"height\":200,\"caption\":\"Edifica Press\"},\"image\":{\"@id\":\"https:\/\/www.edifica.com.bo\/#\/schema\/logo\/image\/\"},\"sameAs\":[\"https:\/\/www.facebook.com\/NegociosPressBolivia\"]},{\"@type\":\"Person\",\"@id\":\"https:\/\/www.edifica.com.bo\/#\/schema\/person\/115d63d49a533166b9aed20f704f4c6c\",\"name\":\"Yandira Toledo\",\"image\":{\"@type\":\"ImageObject\",\"inLanguage\":\"es\",\"@id\":\"https:\/\/www.edifica.com.bo\/#\/schema\/person\/image\/\",\"url\":\"https:\/\/secure.gravatar.com\/avatar\/ea966cd6bbbe46cf393468ac8bc1bdcc?s=96&d=mm&r=g\",\"contentUrl\":\"https:\/\/secure.gravatar.com\/avatar\/ea966cd6bbbe46cf393468ac8bc1bdcc?s=96&d=mm&r=g\",\"caption\":\"Yandira Toledo\"},\"sameAs\":[\"http:\/\/www.edifica.com.bo\"],\"url\":\"https:\/\/www.edifica.com.bo\/?author=3\"}]}<\/script>\n<!-- \/ Yoast SEO plugin. -->","yoast_head_json":{"title":"Por la necesidad de aceras m\u00e1s democr\u00e1ticas - Edifica Press","robots":{"index":"index","follow":"follow","max-snippet":"max-snippet:-1","max-image-preview":"max-image-preview:large","max-video-preview":"max-video-preview:-1"},"canonical":"https:\/\/www.edifica.com.bo\/?p=1588","og_locale":"es_ES","og_type":"article","og_title":"Por la necesidad de aceras m\u00e1s democr\u00e1ticas - Edifica Press","og_description":"Por Facundo Baudoin, Arquitecto, CEO de la consultora Baudoin Arquitectos C.A Esta Semana Santa, Alicia ha llegado a reencontrarse con sus abuelos en la ciudad de Santa Cruz. Tiene planificado ir al cine, al centro comercial, y ya ha pasado por el parque Saltar\u00edn. Con picard\u00eda, su abuelo le pregunta qu\u00e9 le gusta m\u00e1s: \u00bfSamaipata &hellip;","og_url":"https:\/\/www.edifica.com.bo\/?p=1588","og_site_name":"Edifica Press","article_publisher":"https:\/\/www.facebook.com\/NegociosPressBolivia","article_published_time":"2025-05-06T20:44:21+00:00","article_modified_time":"2025-05-06T20:44:29+00:00","og_image":[{"width":2500,"height":1667,"url":"https:\/\/www.edifica.com.bo\/wp-content\/uploads\/2025\/05\/Samaipataedited.jpg","type":"image\/jpeg"}],"author":"Yandira Toledo","twitter_card":"summary_large_image","twitter_misc":{"Escrito por":"Yandira Toledo","Tiempo de lectura":"4 minutos"},"schema":{"@context":"https:\/\/schema.org","@graph":[{"@type":"Article","@id":"https:\/\/www.edifica.com.bo\/?p=1588#article","isPartOf":{"@id":"https:\/\/www.edifica.com.bo\/?p=1588"},"author":{"name":"Yandira Toledo","@id":"https:\/\/www.edifica.com.bo\/#\/schema\/person\/115d63d49a533166b9aed20f704f4c6c"},"headline":"Por la necesidad de aceras m\u00e1s democr\u00e1ticas","datePublished":"2025-05-06T20:44:21+00:00","dateModified":"2025-05-06T20:44:29+00:00","mainEntityOfPage":{"@id":"https:\/\/www.edifica.com.bo\/?p=1588"},"wordCount":827,"commentCount":0,"publisher":{"@id":"https:\/\/www.edifica.com.bo\/#organization"},"articleSection":["ARQUITECTURA"],"inLanguage":"es","potentialAction":[{"@type":"CommentAction","name":"Comment","target":["https:\/\/www.edifica.com.bo\/?p=1588#respond"]}]},{"@type":"WebPage","@id":"https:\/\/www.edifica.com.bo\/?p=1588","url":"https:\/\/www.edifica.com.bo\/?p=1588","name":"Por la necesidad de aceras m\u00e1s democr\u00e1ticas - Edifica Press","isPartOf":{"@id":"https:\/\/www.edifica.com.bo\/#website"},"datePublished":"2025-05-06T20:44:21+00:00","dateModified":"2025-05-06T20:44:29+00:00","breadcrumb":{"@id":"https:\/\/www.edifica.com.bo\/?p=1588#breadcrumb"},"inLanguage":"es","potentialAction":[{"@type":"ReadAction","target":["https:\/\/www.edifica.com.bo\/?p=1588"]}]},{"@type":"BreadcrumbList","@id":"https:\/\/www.edifica.com.bo\/?p=1588#breadcrumb","itemListElement":[{"@type":"ListItem","position":1,"name":"Portada","item":"https:\/\/www.edifica.com.bo\/"},{"@type":"ListItem","position":2,"name":"Por la necesidad de aceras m\u00e1s democr\u00e1ticas"}]},{"@type":"WebSite","@id":"https:\/\/www.edifica.com.bo\/#website","url":"https:\/\/www.edifica.com.bo\/","name":"Edifica Press","description":"Revista Periodistica","publisher":{"@id":"https:\/\/www.edifica.com.bo\/#organization"},"potentialAction":[{"@type":"SearchAction","target":{"@type":"EntryPoint","urlTemplate":"https:\/\/www.edifica.com.bo\/?s={search_term_string}"},"query-input":"required name=search_term_string"}],"inLanguage":"es"},{"@type":"Organization","@id":"https:\/\/www.edifica.com.bo\/#organization","name":"Edifica Press","url":"https:\/\/www.edifica.com.bo\/","logo":{"@type":"ImageObject","inLanguage":"es","@id":"https:\/\/www.edifica.com.bo\/#\/schema\/logo\/image\/","url":"https:\/\/www.edifica.com.bo\/wp-content\/uploads\/2022\/04\/LOGO-EDIFICAPRESS2022.jpg","contentUrl":"https:\/\/www.edifica.com.bo\/wp-content\/uploads\/2022\/04\/LOGO-EDIFICAPRESS2022.jpg","width":1200,"height":200,"caption":"Edifica Press"},"image":{"@id":"https:\/\/www.edifica.com.bo\/#\/schema\/logo\/image\/"},"sameAs":["https:\/\/www.facebook.com\/NegociosPressBolivia"]},{"@type":"Person","@id":"https:\/\/www.edifica.com.bo\/#\/schema\/person\/115d63d49a533166b9aed20f704f4c6c","name":"Yandira Toledo","image":{"@type":"ImageObject","inLanguage":"es","@id":"https:\/\/www.edifica.com.bo\/#\/schema\/person\/image\/","url":"https:\/\/secure.gravatar.com\/avatar\/ea966cd6bbbe46cf393468ac8bc1bdcc?s=96&d=mm&r=g","contentUrl":"https:\/\/secure.gravatar.com\/avatar\/ea966cd6bbbe46cf393468ac8bc1bdcc?s=96&d=mm&r=g","caption":"Yandira Toledo"},"sameAs":["http:\/\/www.edifica.com.bo"],"url":"https:\/\/www.edifica.com.bo\/?author=3"}]}},"_links":{"self":[{"href":"https:\/\/www.edifica.com.bo\/index.php?rest_route=\/wp\/v2\/posts\/1588"}],"collection":[{"href":"https:\/\/www.edifica.com.bo\/index.php?rest_route=\/wp\/v2\/posts"}],"about":[{"href":"https:\/\/www.edifica.com.bo\/index.php?rest_route=\/wp\/v2\/types\/post"}],"author":[{"embeddable":true,"href":"https:\/\/www.edifica.com.bo\/index.php?rest_route=\/wp\/v2\/users\/3"}],"replies":[{"embeddable":true,"href":"https:\/\/www.edifica.com.bo\/index.php?rest_route=%2Fwp%2Fv2%2Fcomments&post=1588"}],"version-history":[{"count":1,"href":"https:\/\/www.edifica.com.bo\/index.php?rest_route=\/wp\/v2\/posts\/1588\/revisions"}],"predecessor-version":[{"id":1590,"href":"https:\/\/www.edifica.com.bo\/index.php?rest_route=\/wp\/v2\/posts\/1588\/revisions\/1590"}],"wp:featuredmedia":[{"embeddable":true,"href":"https:\/\/www.edifica.com.bo\/index.php?rest_route=\/wp\/v2\/media\/1589"}],"wp:attachment":[{"href":"https:\/\/www.edifica.com.bo\/index.php?rest_route=%2Fwp%2Fv2%2Fmedia&parent=1588"}],"wp:term":[{"taxonomy":"category","embeddable":true,"href":"https:\/\/www.edifica.com.bo\/index.php?rest_route=%2Fwp%2Fv2%2Fcategories&post=1588"},{"taxonomy":"post_tag","embeddable":true,"href":"https:\/\/www.edifica.com.bo\/index.php?rest_route=%2Fwp%2Fv2%2Ftags&post=1588"}],"curies":[{"name":"wp","href":"https:\/\/api.w.org\/{rel}","templated":true}]}}