{"id":1591,"date":"2025-05-06T20:51:07","date_gmt":"2025-05-06T20:51:07","guid":{"rendered":"https:\/\/www.edifica.com.bo\/?p=1591"},"modified":"2025-05-06T20:51:16","modified_gmt":"2025-05-06T20:51:16","slug":"carla-blanco-volver-al-origen-cuando-la-tierra-se-convierte-en-arte","status":"publish","type":"post","link":"https:\/\/www.edifica.com.bo\/?p=1591","title":{"rendered":"Carla Blanco: Volver al origen, cuando la tierra se convierte en arte"},"content":{"rendered":"\n<h2 class=\"wp-block-heading\">La arquitecta y dise\u00f1adora de interiores detr\u00e1s de \u201cRa\u00edces Gladymar\u201d nos lleva de regreso al origen, a trav\u00e9s de una propuesta inspirada en la tierra, el agua y la arcilla que se transforma en arte.<\/h2>\n\n\n\n<p>Su visi\u00f3n apuesta por crear un espacio sensorial donde los revestimientos con texturas, la madera y las formas org\u00e1nicas dialogan con la riqueza natural y cultural boliviana. La arquitectura, para ella, tiene el poder de contar historias sin palabras, despertando emociones que trascienden lo funcional. Lograr un equilibrio entre lo contempor\u00e1neo y lo org\u00e1nico fue uno de sus mayores desaf\u00edos, buscando siempre la calidez sin perder modernidad. Su participaci\u00f3n en CasaCor, durante ocho a\u00f1os consecutivos, le ha permitido explorar la innovaci\u00f3n sin restricciones, consolidando su filosof\u00eda de dise\u00f1o: crear ambientes que conecten con la esencia, transformen la vida cotidiana y dejen huella en quienes los habitan.<br><strong><em>\u00bfC\u00f3mo naci\u00f3 la inspiraci\u00f3n para crear el concepto \u201cRa\u00edces Gladymar\u201d y de qu\u00e9 manera esta propuesta conecta con la identidad de la marca y con sus propias ra\u00edces como arquitecta?<\/em><\/strong><br>Ra\u00edces Gladymar, nace de la idea de volver al origen. Esta propuesta est\u00e1 inspirada en la tierra, el agua y la arcilla que se transforma en arte, desde esa idea se crea un espacio donde los productos de Gladymar no solo son protagonistas, sino que se convierten en parte de un lenguaje sensorial.<br><strong><em>\u00bfQu\u00e9 materiales destaca en el dise\u00f1o de este espacio y c\u00f3mo dialogan con el entorno natural y cultural boliviano?<\/em><\/strong><br>Los protagonistas son revestimientos con textura, madera y formas org\u00e1nicas. La vegetaci\u00f3n aporta vida y nos permite conectar el interior con el exterior. La paleta en tonos tierra, busca generar una conexi\u00f3n con el paisaje boliviano. Cada elemento est\u00e1 elegido para generar sensaciones: desde la frescura de un espejo de agua, hasta la calidez de una pieza en madera.<br><strong><em>Desde su visi\u00f3n profesional, \u00bfcu\u00e1l es el rol de la arquitectura en la creaci\u00f3n de espacios que despierten emociones y cuenten historias?<\/em><\/strong><br>La arquitectura tiene el poder de contar historias sin decir una palabra. Cuando un espacio est\u00e1 pensado desde la emoci\u00f3n, desde la experiencia sensorial, deja de ser solo funcional para convertirse en un lugar que se recuerda. Mi visi\u00f3n es que la arquitectura debe emocionar, debe invitar a quedarse, a observar, a sentir.<br><strong><em>\u00bfQu\u00e9 desaf\u00edos encontr\u00f3 al integrar la est\u00e9tica contempor\u00e1nea con elementos que evocan la tierra, la tradici\u00f3n y lo org\u00e1nico en este proyecto?<\/em><\/strong><br>Uno de los mayores retos fue lograr un equilibrio. No quer\u00eda reflejar un espacio r\u00fastico, ni tampoco en una est\u00e9tica demasiado fr\u00eda. El desaf\u00edo estuvo en fusionar lo contempor\u00e1neo con la calidez de los revestimientos, fue un trabajo de elecci\u00f3n de materiales, de colores y texturas.<br><strong><em>Como arquitecta y creativa, \u00bfqu\u00e9 representa para ud participar en una plataforma como CasaCor y c\u00f3mo este tipo de espacios impulsan la innovaci\u00f3n y la expresi\u00f3n art\u00edstica en la arquitectura y el dise\u00f1o?<\/em><\/strong><br>CasaCor es una plataforma \u00fanica, donde el profesional tiene la oportunidad de dejar volar su imaginaci\u00f3n. Para m\u00ed, participar durante ocho a\u00f1os consecutivos representa una gran oportunidad para expresar una visi\u00f3n sin restricciones, construir lazos con proveedores y conectar con futuros clientes. Es una vitrina que une a los profesionales con el p\u00fablico, con colegas del rubro y con marcas que apuestan por nuestras propuestas.<\/p>\n","protected":false},"excerpt":{"rendered":"<p>La arquitecta y dise\u00f1adora de interiores detr\u00e1s de \u201cRa\u00edces Gladymar\u201d nos lleva de regreso al origen, a trav\u00e9s de una propuesta inspirada en la tierra, el agua y la arcilla que se transforma en arte. Su visi\u00f3n apuesta por crear un espacio sensorial donde los revestimientos con texturas, la madera y las formas org\u00e1nicas dialogan &hellip;<\/p>\n","protected":false},"author":3,"featured_media":1592,"comment_status":"open","ping_status":"open","sticky":false,"template":"","format":"standard","meta":{"footnotes":""},"categories":[32],"tags":[],"yoast_head":"<!-- This site is optimized with the Yoast SEO plugin v21.9.1 - https:\/\/yoast.com\/wordpress\/plugins\/seo\/ -->\n<title>Carla Blanco: Volver al origen, cuando la tierra se convierte en arte - Edifica Press<\/title>\n<meta name=\"robots\" content=\"index, follow, max-snippet:-1, max-image-preview:large, max-video-preview:-1\" \/>\n<link rel=\"canonical\" href=\"https:\/\/www.edifica.com.bo\/?p=1591\" \/>\n<meta property=\"og:locale\" content=\"es_ES\" \/>\n<meta property=\"og:type\" content=\"article\" \/>\n<meta property=\"og:title\" content=\"Carla Blanco: Volver al origen, cuando la tierra se convierte en arte - Edifica Press\" \/>\n<meta property=\"og:description\" content=\"La arquitecta y dise\u00f1adora de interiores detr\u00e1s de \u201cRa\u00edces Gladymar\u201d nos lleva de regreso al origen, a trav\u00e9s de una propuesta inspirada en la tierra, el agua y la arcilla que se transforma en arte. Su visi\u00f3n apuesta por crear un espacio sensorial donde los revestimientos con texturas, la madera y las formas org\u00e1nicas dialogan &hellip;\" \/>\n<meta property=\"og:url\" content=\"https:\/\/www.edifica.com.bo\/?p=1591\" \/>\n<meta property=\"og:site_name\" content=\"Edifica Press\" \/>\n<meta property=\"article:publisher\" content=\"https:\/\/www.facebook.com\/NegociosPressBolivia\" \/>\n<meta property=\"article:published_time\" content=\"2025-05-06T20:51:07+00:00\" \/>\n<meta property=\"article:modified_time\" content=\"2025-05-06T20:51:16+00:00\" \/>\n<meta property=\"og:image\" content=\"https:\/\/www.edifica.com.bo\/wp-content\/uploads\/2025\/05\/web.jpg\" \/>\n\t<meta property=\"og:image:width\" content=\"646\" \/>\n\t<meta property=\"og:image:height\" content=\"597\" \/>\n\t<meta property=\"og:image:type\" content=\"image\/jpeg\" \/>\n<meta name=\"author\" content=\"Yandira Toledo\" \/>\n<meta name=\"twitter:card\" content=\"summary_large_image\" \/>\n<meta name=\"twitter:label1\" content=\"Escrito por\" \/>\n\t<meta name=\"twitter:data1\" content=\"Yandira Toledo\" \/>\n\t<meta name=\"twitter:label2\" content=\"Tiempo de lectura\" \/>\n\t<meta name=\"twitter:data2\" content=\"3 minutos\" \/>\n<script type=\"application\/ld+json\" class=\"yoast-schema-graph\">{\"@context\":\"https:\/\/schema.org\",\"@graph\":[{\"@type\":\"Article\",\"@id\":\"https:\/\/www.edifica.com.bo\/?p=1591#article\",\"isPartOf\":{\"@id\":\"https:\/\/www.edifica.com.bo\/?p=1591\"},\"author\":{\"name\":\"Yandira Toledo\",\"@id\":\"https:\/\/www.edifica.com.bo\/#\/schema\/person\/115d63d49a533166b9aed20f704f4c6c\"},\"headline\":\"Carla Blanco: Volver al origen, cuando la tierra se convierte en arte\",\"datePublished\":\"2025-05-06T20:51:07+00:00\",\"dateModified\":\"2025-05-06T20:51:16+00:00\",\"mainEntityOfPage\":{\"@id\":\"https:\/\/www.edifica.com.bo\/?p=1591\"},\"wordCount\":605,\"commentCount\":0,\"publisher\":{\"@id\":\"https:\/\/www.edifica.com.bo\/#organization\"},\"articleSection\":[\"ENTREVISTA\"],\"inLanguage\":\"es\",\"potentialAction\":[{\"@type\":\"CommentAction\",\"name\":\"Comment\",\"target\":[\"https:\/\/www.edifica.com.bo\/?p=1591#respond\"]}]},{\"@type\":\"WebPage\",\"@id\":\"https:\/\/www.edifica.com.bo\/?p=1591\",\"url\":\"https:\/\/www.edifica.com.bo\/?p=1591\",\"name\":\"Carla Blanco: Volver al origen, cuando la tierra se convierte en arte - Edifica Press\",\"isPartOf\":{\"@id\":\"https:\/\/www.edifica.com.bo\/#website\"},\"datePublished\":\"2025-05-06T20:51:07+00:00\",\"dateModified\":\"2025-05-06T20:51:16+00:00\",\"breadcrumb\":{\"@id\":\"https:\/\/www.edifica.com.bo\/?p=1591#breadcrumb\"},\"inLanguage\":\"es\",\"potentialAction\":[{\"@type\":\"ReadAction\",\"target\":[\"https:\/\/www.edifica.com.bo\/?p=1591\"]}]},{\"@type\":\"BreadcrumbList\",\"@id\":\"https:\/\/www.edifica.com.bo\/?p=1591#breadcrumb\",\"itemListElement\":[{\"@type\":\"ListItem\",\"position\":1,\"name\":\"Portada\",\"item\":\"https:\/\/www.edifica.com.bo\/\"},{\"@type\":\"ListItem\",\"position\":2,\"name\":\"Carla Blanco: Volver al origen, cuando la tierra se convierte en arte\"}]},{\"@type\":\"WebSite\",\"@id\":\"https:\/\/www.edifica.com.bo\/#website\",\"url\":\"https:\/\/www.edifica.com.bo\/\",\"name\":\"Edifica Press\",\"description\":\"Revista Periodistica\",\"publisher\":{\"@id\":\"https:\/\/www.edifica.com.bo\/#organization\"},\"potentialAction\":[{\"@type\":\"SearchAction\",\"target\":{\"@type\":\"EntryPoint\",\"urlTemplate\":\"https:\/\/www.edifica.com.bo\/?s={search_term_string}\"},\"query-input\":\"required name=search_term_string\"}],\"inLanguage\":\"es\"},{\"@type\":\"Organization\",\"@id\":\"https:\/\/www.edifica.com.bo\/#organization\",\"name\":\"Edifica Press\",\"url\":\"https:\/\/www.edifica.com.bo\/\",\"logo\":{\"@type\":\"ImageObject\",\"inLanguage\":\"es\",\"@id\":\"https:\/\/www.edifica.com.bo\/#\/schema\/logo\/image\/\",\"url\":\"https:\/\/www.edifica.com.bo\/wp-content\/uploads\/2022\/04\/LOGO-EDIFICAPRESS2022.jpg\",\"contentUrl\":\"https:\/\/www.edifica.com.bo\/wp-content\/uploads\/2022\/04\/LOGO-EDIFICAPRESS2022.jpg\",\"width\":1200,\"height\":200,\"caption\":\"Edifica Press\"},\"image\":{\"@id\":\"https:\/\/www.edifica.com.bo\/#\/schema\/logo\/image\/\"},\"sameAs\":[\"https:\/\/www.facebook.com\/NegociosPressBolivia\"]},{\"@type\":\"Person\",\"@id\":\"https:\/\/www.edifica.com.bo\/#\/schema\/person\/115d63d49a533166b9aed20f704f4c6c\",\"name\":\"Yandira Toledo\",\"image\":{\"@type\":\"ImageObject\",\"inLanguage\":\"es\",\"@id\":\"https:\/\/www.edifica.com.bo\/#\/schema\/person\/image\/\",\"url\":\"https:\/\/secure.gravatar.com\/avatar\/ea966cd6bbbe46cf393468ac8bc1bdcc?s=96&d=mm&r=g\",\"contentUrl\":\"https:\/\/secure.gravatar.com\/avatar\/ea966cd6bbbe46cf393468ac8bc1bdcc?s=96&d=mm&r=g\",\"caption\":\"Yandira Toledo\"},\"sameAs\":[\"http:\/\/www.edifica.com.bo\"],\"url\":\"https:\/\/www.edifica.com.bo\/?author=3\"}]}<\/script>\n<!-- \/ Yoast SEO plugin. -->","yoast_head_json":{"title":"Carla Blanco: Volver al origen, cuando la tierra se convierte en arte - Edifica Press","robots":{"index":"index","follow":"follow","max-snippet":"max-snippet:-1","max-image-preview":"max-image-preview:large","max-video-preview":"max-video-preview:-1"},"canonical":"https:\/\/www.edifica.com.bo\/?p=1591","og_locale":"es_ES","og_type":"article","og_title":"Carla Blanco: Volver al origen, cuando la tierra se convierte en arte - Edifica Press","og_description":"La arquitecta y dise\u00f1adora de interiores detr\u00e1s de \u201cRa\u00edces Gladymar\u201d nos lleva de regreso al origen, a trav\u00e9s de una propuesta inspirada en la tierra, el agua y la arcilla que se transforma en arte. Su visi\u00f3n apuesta por crear un espacio sensorial donde los revestimientos con texturas, la madera y las formas org\u00e1nicas dialogan &hellip;","og_url":"https:\/\/www.edifica.com.bo\/?p=1591","og_site_name":"Edifica Press","article_publisher":"https:\/\/www.facebook.com\/NegociosPressBolivia","article_published_time":"2025-05-06T20:51:07+00:00","article_modified_time":"2025-05-06T20:51:16+00:00","og_image":[{"width":646,"height":597,"url":"https:\/\/www.edifica.com.bo\/wp-content\/uploads\/2025\/05\/web.jpg","type":"image\/jpeg"}],"author":"Yandira Toledo","twitter_card":"summary_large_image","twitter_misc":{"Escrito por":"Yandira Toledo","Tiempo de lectura":"3 minutos"},"schema":{"@context":"https:\/\/schema.org","@graph":[{"@type":"Article","@id":"https:\/\/www.edifica.com.bo\/?p=1591#article","isPartOf":{"@id":"https:\/\/www.edifica.com.bo\/?p=1591"},"author":{"name":"Yandira Toledo","@id":"https:\/\/www.edifica.com.bo\/#\/schema\/person\/115d63d49a533166b9aed20f704f4c6c"},"headline":"Carla Blanco: Volver al origen, cuando la tierra se convierte en arte","datePublished":"2025-05-06T20:51:07+00:00","dateModified":"2025-05-06T20:51:16+00:00","mainEntityOfPage":{"@id":"https:\/\/www.edifica.com.bo\/?p=1591"},"wordCount":605,"commentCount":0,"publisher":{"@id":"https:\/\/www.edifica.com.bo\/#organization"},"articleSection":["ENTREVISTA"],"inLanguage":"es","potentialAction":[{"@type":"CommentAction","name":"Comment","target":["https:\/\/www.edifica.com.bo\/?p=1591#respond"]}]},{"@type":"WebPage","@id":"https:\/\/www.edifica.com.bo\/?p=1591","url":"https:\/\/www.edifica.com.bo\/?p=1591","name":"Carla Blanco: Volver al origen, cuando la tierra se convierte en arte - Edifica Press","isPartOf":{"@id":"https:\/\/www.edifica.com.bo\/#website"},"datePublished":"2025-05-06T20:51:07+00:00","dateModified":"2025-05-06T20:51:16+00:00","breadcrumb":{"@id":"https:\/\/www.edifica.com.bo\/?p=1591#breadcrumb"},"inLanguage":"es","potentialAction":[{"@type":"ReadAction","target":["https:\/\/www.edifica.com.bo\/?p=1591"]}]},{"@type":"BreadcrumbList","@id":"https:\/\/www.edifica.com.bo\/?p=1591#breadcrumb","itemListElement":[{"@type":"ListItem","position":1,"name":"Portada","item":"https:\/\/www.edifica.com.bo\/"},{"@type":"ListItem","position":2,"name":"Carla Blanco: Volver al origen, cuando la tierra se convierte en arte"}]},{"@type":"WebSite","@id":"https:\/\/www.edifica.com.bo\/#website","url":"https:\/\/www.edifica.com.bo\/","name":"Edifica Press","description":"Revista Periodistica","publisher":{"@id":"https:\/\/www.edifica.com.bo\/#organization"},"potentialAction":[{"@type":"SearchAction","target":{"@type":"EntryPoint","urlTemplate":"https:\/\/www.edifica.com.bo\/?s={search_term_string}"},"query-input":"required name=search_term_string"}],"inLanguage":"es"},{"@type":"Organization","@id":"https:\/\/www.edifica.com.bo\/#organization","name":"Edifica Press","url":"https:\/\/www.edifica.com.bo\/","logo":{"@type":"ImageObject","inLanguage":"es","@id":"https:\/\/www.edifica.com.bo\/#\/schema\/logo\/image\/","url":"https:\/\/www.edifica.com.bo\/wp-content\/uploads\/2022\/04\/LOGO-EDIFICAPRESS2022.jpg","contentUrl":"https:\/\/www.edifica.com.bo\/wp-content\/uploads\/2022\/04\/LOGO-EDIFICAPRESS2022.jpg","width":1200,"height":200,"caption":"Edifica Press"},"image":{"@id":"https:\/\/www.edifica.com.bo\/#\/schema\/logo\/image\/"},"sameAs":["https:\/\/www.facebook.com\/NegociosPressBolivia"]},{"@type":"Person","@id":"https:\/\/www.edifica.com.bo\/#\/schema\/person\/115d63d49a533166b9aed20f704f4c6c","name":"Yandira Toledo","image":{"@type":"ImageObject","inLanguage":"es","@id":"https:\/\/www.edifica.com.bo\/#\/schema\/person\/image\/","url":"https:\/\/secure.gravatar.com\/avatar\/ea966cd6bbbe46cf393468ac8bc1bdcc?s=96&d=mm&r=g","contentUrl":"https:\/\/secure.gravatar.com\/avatar\/ea966cd6bbbe46cf393468ac8bc1bdcc?s=96&d=mm&r=g","caption":"Yandira Toledo"},"sameAs":["http:\/\/www.edifica.com.bo"],"url":"https:\/\/www.edifica.com.bo\/?author=3"}]}},"_links":{"self":[{"href":"https:\/\/www.edifica.com.bo\/index.php?rest_route=\/wp\/v2\/posts\/1591"}],"collection":[{"href":"https:\/\/www.edifica.com.bo\/index.php?rest_route=\/wp\/v2\/posts"}],"about":[{"href":"https:\/\/www.edifica.com.bo\/index.php?rest_route=\/wp\/v2\/types\/post"}],"author":[{"embeddable":true,"href":"https:\/\/www.edifica.com.bo\/index.php?rest_route=\/wp\/v2\/users\/3"}],"replies":[{"embeddable":true,"href":"https:\/\/www.edifica.com.bo\/index.php?rest_route=%2Fwp%2Fv2%2Fcomments&post=1591"}],"version-history":[{"count":1,"href":"https:\/\/www.edifica.com.bo\/index.php?rest_route=\/wp\/v2\/posts\/1591\/revisions"}],"predecessor-version":[{"id":1593,"href":"https:\/\/www.edifica.com.bo\/index.php?rest_route=\/wp\/v2\/posts\/1591\/revisions\/1593"}],"wp:featuredmedia":[{"embeddable":true,"href":"https:\/\/www.edifica.com.bo\/index.php?rest_route=\/wp\/v2\/media\/1592"}],"wp:attachment":[{"href":"https:\/\/www.edifica.com.bo\/index.php?rest_route=%2Fwp%2Fv2%2Fmedia&parent=1591"}],"wp:term":[{"taxonomy":"category","embeddable":true,"href":"https:\/\/www.edifica.com.bo\/index.php?rest_route=%2Fwp%2Fv2%2Fcategories&post=1591"},{"taxonomy":"post_tag","embeddable":true,"href":"https:\/\/www.edifica.com.bo\/index.php?rest_route=%2Fwp%2Fv2%2Ftags&post=1591"}],"curies":[{"name":"wp","href":"https:\/\/api.w.org\/{rel}","templated":true}]}}