{"id":1600,"date":"2025-05-20T20:10:21","date_gmt":"2025-05-20T20:10:21","guid":{"rendered":"https:\/\/www.edifica.com.bo\/?p=1600"},"modified":"2025-05-20T20:10:28","modified_gmt":"2025-05-20T20:10:28","slug":"weidling-estreno-elegante-showroom-que-destaca-el-diseno-e-innovacion-de-sus-marcas","status":"publish","type":"post","link":"https:\/\/www.edifica.com.bo\/?p=1600","title":{"rendered":"Weidling estren\u00f3 elegante showroom que destaca el dise\u00f1o e innovaci\u00f3n de sus marcas"},"content":{"rendered":"\n<h2 class=\"wp-block-heading\">Tras un quinquenio, Deca vuelve al mercado boliviano con una renovada identidad visual, nuevos productos y el respaldo firme de Weidling. <\/h2>\n\n\n\n<p>Weidling S.A., empresa l\u00edder en la importaci\u00f3n y distribuci\u00f3n de materiales para el acabado fino de la construcci\u00f3n y art\u00edculos electrodom\u00e9sticos, anunci\u00f3 con orgullo el regreso de la marca Deca a su portafolio de productos, tras cinco a\u00f1os de ausencia. El importante anuncio, realizado en un exclusivo c\u00f3ctel inaugural del renovado showroom ubicado en Casa Design Center de la Av. Busch, locales 4 y 5, marc\u00f3 la presentaci\u00f3n oficial de Deca en su nueva etapa junto a Weidling.<br>Este flamante showroom de 280 metros cuadrados estrena un moderno espacio que refleja el esp\u00edritu remozado de Deca, destacando su nueva imagen y propuestas de dise\u00f1o. En el evento, tambi\u00e9n se celebr\u00f3 la apertura de un nuevo ambiente de Home&amp;Cook en el showroom, consolidando as\u00ed la apuesta de Weidling por la calidad y la variedad de sus productos, pertenecientes a marcas l\u00edderes del sector para el acabado fino, como Eliane, Papaiz, Tecnoled y V\u00f6gel, adem\u00e1s de Deca, Arno, Moulinex y Krups.<br>Tras un quinquenio, Deca vuelve al mercado boliviano con una renovada identidad visual, nuevos productos y el respaldo firme de Weidling. El lema \u201cNueva Era, Nueva Deca\u201d simboliza esta transformaci\u00f3n, que llega acompa\u00f1ada de una propuesta m\u00e1s humana y acogedora. \u201cNos preocupamos por la innovaci\u00f3n, el estilo y la variedad de nuestros productos, adem\u00e1s de brindar una excelente atenci\u00f3n desde el servicio de preventa hasta la postventa, con personal altamente capacitado\u201d, se\u00f1al\u00f3 el gerente comercial, Robert Weidling, destacando que ahora Deca garantiza un servicio de alta calidad que subsanar\u00e1 problemas anteriores, como el desabastecimiento de stock y la falta de repuestos.<br>El nuevo showroom de Weidling refleja el enfoque arquitect\u00f3nico moderno y minimalista, donde Deca ocupa un lugar destacado con una propuesta visual que inspira dise\u00f1o para ver y vivir, complet\u00f3 la arquitecta, Rosario Guti\u00e9rrez.<br>M\u00e1s all\u00e1 de ofrecer productos, Deca crea experiencias centradas en el dise\u00f1o y la funcionalidad, proporcionando soluciones que elevan el entorno y mejoran la interacci\u00f3n de los usuarios con sus espacios. \u201cDe la mano de Weidling, Deca vuelve a los hogares bolivianos con una propuesta fresca y acogedora, estableciendo nuevas conexiones emocionales con un solo prop\u00f3sito: ofrecer soluciones para vivir mejor\u201d, expres\u00f3 Cristina Montilla, gerente general de la empresa.<br>Deca tendr\u00e1 un gran espacio para brillar y expandirse. \u201cTenemos una poderosa fuerza de ventas, conocimiento total del mercado, presencia en las principales ciudades del pa\u00eds y una relaci\u00f3n de confianza con los clientes construida durante m\u00e1s de 53 a\u00f1os\u201d, asegur\u00f3 el gerente comercial. Adem\u00e1s, mencion\u00f3 que Weidling est\u00e1 remodelando y ampliando sus tiendas en toda Bolivia, incluyendo el espacio que merece Deca, mientras contin\u00faan invirtiendo y generando fuentes de empleo, tan necesarias en estos d\u00edas en el pa\u00eds.<\/p>\n","protected":false},"excerpt":{"rendered":"<p>Tras un quinquenio, Deca vuelve al mercado boliviano con una renovada identidad visual, nuevos productos y el respaldo firme de Weidling. Weidling S.A., empresa l\u00edder en la importaci\u00f3n y distribuci\u00f3n de materiales para el acabado fino de la construcci\u00f3n y art\u00edculos electrodom\u00e9sticos, anunci\u00f3 con orgullo el regreso de la marca Deca a su portafolio de &hellip;<\/p>\n","protected":false},"author":3,"featured_media":1601,"comment_status":"open","ping_status":"open","sticky":false,"template":"","format":"standard","meta":{"footnotes":""},"categories":[3],"tags":[],"yoast_head":"<!-- This site is optimized with the Yoast SEO plugin v21.9.1 - https:\/\/yoast.com\/wordpress\/plugins\/seo\/ -->\n<title>Weidling estren\u00f3 elegante showroom que destaca el dise\u00f1o e innovaci\u00f3n de sus marcas - Edifica Press<\/title>\n<meta name=\"robots\" content=\"index, follow, max-snippet:-1, max-image-preview:large, max-video-preview:-1\" \/>\n<link rel=\"canonical\" href=\"https:\/\/www.edifica.com.bo\/?p=1600\" \/>\n<meta property=\"og:locale\" content=\"es_ES\" \/>\n<meta property=\"og:type\" content=\"article\" \/>\n<meta property=\"og:title\" content=\"Weidling estren\u00f3 elegante showroom que destaca el dise\u00f1o e innovaci\u00f3n de sus marcas - Edifica Press\" \/>\n<meta property=\"og:description\" content=\"Tras un quinquenio, Deca vuelve al mercado boliviano con una renovada identidad visual, nuevos productos y el respaldo firme de Weidling. Weidling S.A., empresa l\u00edder en la importaci\u00f3n y distribuci\u00f3n de materiales para el acabado fino de la construcci\u00f3n y art\u00edculos electrodom\u00e9sticos, anunci\u00f3 con orgullo el regreso de la marca Deca a su portafolio de &hellip;\" \/>\n<meta property=\"og:url\" content=\"https:\/\/www.edifica.com.bo\/?p=1600\" \/>\n<meta property=\"og:site_name\" content=\"Edifica Press\" \/>\n<meta property=\"article:publisher\" content=\"https:\/\/www.facebook.com\/NegociosPressBolivia\" \/>\n<meta property=\"article:published_time\" content=\"2025-05-20T20:10:21+00:00\" \/>\n<meta property=\"article:modified_time\" content=\"2025-05-20T20:10:28+00:00\" \/>\n<meta property=\"og:image\" content=\"https:\/\/www.edifica.com.bo\/wp-content\/uploads\/2025\/05\/WhatsApp-Image-2025-05-20-at-15.56.26.jpeg\" \/>\n\t<meta property=\"og:image:width\" content=\"1600\" \/>\n\t<meta property=\"og:image:height\" content=\"1066\" \/>\n\t<meta property=\"og:image:type\" content=\"image\/jpeg\" \/>\n<meta name=\"author\" content=\"Yandira Toledo\" \/>\n<meta name=\"twitter:card\" content=\"summary_large_image\" \/>\n<meta name=\"twitter:label1\" content=\"Escrito por\" \/>\n\t<meta name=\"twitter:data1\" content=\"Yandira Toledo\" \/>\n\t<meta name=\"twitter:label2\" content=\"Tiempo de lectura\" \/>\n\t<meta name=\"twitter:data2\" content=\"3 minutos\" \/>\n<script type=\"application\/ld+json\" class=\"yoast-schema-graph\">{\"@context\":\"https:\/\/schema.org\",\"@graph\":[{\"@type\":\"Article\",\"@id\":\"https:\/\/www.edifica.com.bo\/?p=1600#article\",\"isPartOf\":{\"@id\":\"https:\/\/www.edifica.com.bo\/?p=1600\"},\"author\":{\"name\":\"Yandira Toledo\",\"@id\":\"https:\/\/www.edifica.com.bo\/#\/schema\/person\/115d63d49a533166b9aed20f704f4c6c\"},\"headline\":\"Weidling estren\u00f3 elegante showroom que destaca el dise\u00f1o e innovaci\u00f3n de sus marcas\",\"datePublished\":\"2025-05-20T20:10:21+00:00\",\"dateModified\":\"2025-05-20T20:10:28+00:00\",\"mainEntityOfPage\":{\"@id\":\"https:\/\/www.edifica.com.bo\/?p=1600\"},\"wordCount\":514,\"commentCount\":0,\"publisher\":{\"@id\":\"https:\/\/www.edifica.com.bo\/#organization\"},\"articleSection\":[\"CONSTRUCCI\u00d3N\"],\"inLanguage\":\"es\",\"potentialAction\":[{\"@type\":\"CommentAction\",\"name\":\"Comment\",\"target\":[\"https:\/\/www.edifica.com.bo\/?p=1600#respond\"]}]},{\"@type\":\"WebPage\",\"@id\":\"https:\/\/www.edifica.com.bo\/?p=1600\",\"url\":\"https:\/\/www.edifica.com.bo\/?p=1600\",\"name\":\"Weidling estren\u00f3 elegante showroom que destaca el dise\u00f1o e innovaci\u00f3n de sus marcas - Edifica Press\",\"isPartOf\":{\"@id\":\"https:\/\/www.edifica.com.bo\/#website\"},\"datePublished\":\"2025-05-20T20:10:21+00:00\",\"dateModified\":\"2025-05-20T20:10:28+00:00\",\"breadcrumb\":{\"@id\":\"https:\/\/www.edifica.com.bo\/?p=1600#breadcrumb\"},\"inLanguage\":\"es\",\"potentialAction\":[{\"@type\":\"ReadAction\",\"target\":[\"https:\/\/www.edifica.com.bo\/?p=1600\"]}]},{\"@type\":\"BreadcrumbList\",\"@id\":\"https:\/\/www.edifica.com.bo\/?p=1600#breadcrumb\",\"itemListElement\":[{\"@type\":\"ListItem\",\"position\":1,\"name\":\"Portada\",\"item\":\"https:\/\/www.edifica.com.bo\/\"},{\"@type\":\"ListItem\",\"position\":2,\"name\":\"Weidling estren\u00f3 elegante showroom que destaca el dise\u00f1o e innovaci\u00f3n de sus marcas\"}]},{\"@type\":\"WebSite\",\"@id\":\"https:\/\/www.edifica.com.bo\/#website\",\"url\":\"https:\/\/www.edifica.com.bo\/\",\"name\":\"Edifica Press\",\"description\":\"Revista Periodistica\",\"publisher\":{\"@id\":\"https:\/\/www.edifica.com.bo\/#organization\"},\"potentialAction\":[{\"@type\":\"SearchAction\",\"target\":{\"@type\":\"EntryPoint\",\"urlTemplate\":\"https:\/\/www.edifica.com.bo\/?s={search_term_string}\"},\"query-input\":\"required name=search_term_string\"}],\"inLanguage\":\"es\"},{\"@type\":\"Organization\",\"@id\":\"https:\/\/www.edifica.com.bo\/#organization\",\"name\":\"Edifica Press\",\"url\":\"https:\/\/www.edifica.com.bo\/\",\"logo\":{\"@type\":\"ImageObject\",\"inLanguage\":\"es\",\"@id\":\"https:\/\/www.edifica.com.bo\/#\/schema\/logo\/image\/\",\"url\":\"https:\/\/www.edifica.com.bo\/wp-content\/uploads\/2022\/04\/LOGO-EDIFICAPRESS2022.jpg\",\"contentUrl\":\"https:\/\/www.edifica.com.bo\/wp-content\/uploads\/2022\/04\/LOGO-EDIFICAPRESS2022.jpg\",\"width\":1200,\"height\":200,\"caption\":\"Edifica Press\"},\"image\":{\"@id\":\"https:\/\/www.edifica.com.bo\/#\/schema\/logo\/image\/\"},\"sameAs\":[\"https:\/\/www.facebook.com\/NegociosPressBolivia\"]},{\"@type\":\"Person\",\"@id\":\"https:\/\/www.edifica.com.bo\/#\/schema\/person\/115d63d49a533166b9aed20f704f4c6c\",\"name\":\"Yandira Toledo\",\"image\":{\"@type\":\"ImageObject\",\"inLanguage\":\"es\",\"@id\":\"https:\/\/www.edifica.com.bo\/#\/schema\/person\/image\/\",\"url\":\"https:\/\/secure.gravatar.com\/avatar\/ea966cd6bbbe46cf393468ac8bc1bdcc?s=96&d=mm&r=g\",\"contentUrl\":\"https:\/\/secure.gravatar.com\/avatar\/ea966cd6bbbe46cf393468ac8bc1bdcc?s=96&d=mm&r=g\",\"caption\":\"Yandira Toledo\"},\"sameAs\":[\"http:\/\/www.edifica.com.bo\"],\"url\":\"https:\/\/www.edifica.com.bo\/?author=3\"}]}<\/script>\n<!-- \/ Yoast SEO plugin. -->","yoast_head_json":{"title":"Weidling estren\u00f3 elegante showroom que destaca el dise\u00f1o e innovaci\u00f3n de sus marcas - Edifica Press","robots":{"index":"index","follow":"follow","max-snippet":"max-snippet:-1","max-image-preview":"max-image-preview:large","max-video-preview":"max-video-preview:-1"},"canonical":"https:\/\/www.edifica.com.bo\/?p=1600","og_locale":"es_ES","og_type":"article","og_title":"Weidling estren\u00f3 elegante showroom que destaca el dise\u00f1o e innovaci\u00f3n de sus marcas - Edifica Press","og_description":"Tras un quinquenio, Deca vuelve al mercado boliviano con una renovada identidad visual, nuevos productos y el respaldo firme de Weidling. Weidling S.A., empresa l\u00edder en la importaci\u00f3n y distribuci\u00f3n de materiales para el acabado fino de la construcci\u00f3n y art\u00edculos electrodom\u00e9sticos, anunci\u00f3 con orgullo el regreso de la marca Deca a su portafolio de &hellip;","og_url":"https:\/\/www.edifica.com.bo\/?p=1600","og_site_name":"Edifica Press","article_publisher":"https:\/\/www.facebook.com\/NegociosPressBolivia","article_published_time":"2025-05-20T20:10:21+00:00","article_modified_time":"2025-05-20T20:10:28+00:00","og_image":[{"width":1600,"height":1066,"url":"https:\/\/www.edifica.com.bo\/wp-content\/uploads\/2025\/05\/WhatsApp-Image-2025-05-20-at-15.56.26.jpeg","type":"image\/jpeg"}],"author":"Yandira Toledo","twitter_card":"summary_large_image","twitter_misc":{"Escrito por":"Yandira Toledo","Tiempo de lectura":"3 minutos"},"schema":{"@context":"https:\/\/schema.org","@graph":[{"@type":"Article","@id":"https:\/\/www.edifica.com.bo\/?p=1600#article","isPartOf":{"@id":"https:\/\/www.edifica.com.bo\/?p=1600"},"author":{"name":"Yandira Toledo","@id":"https:\/\/www.edifica.com.bo\/#\/schema\/person\/115d63d49a533166b9aed20f704f4c6c"},"headline":"Weidling estren\u00f3 elegante showroom que destaca el dise\u00f1o e innovaci\u00f3n de sus marcas","datePublished":"2025-05-20T20:10:21+00:00","dateModified":"2025-05-20T20:10:28+00:00","mainEntityOfPage":{"@id":"https:\/\/www.edifica.com.bo\/?p=1600"},"wordCount":514,"commentCount":0,"publisher":{"@id":"https:\/\/www.edifica.com.bo\/#organization"},"articleSection":["CONSTRUCCI\u00d3N"],"inLanguage":"es","potentialAction":[{"@type":"CommentAction","name":"Comment","target":["https:\/\/www.edifica.com.bo\/?p=1600#respond"]}]},{"@type":"WebPage","@id":"https:\/\/www.edifica.com.bo\/?p=1600","url":"https:\/\/www.edifica.com.bo\/?p=1600","name":"Weidling estren\u00f3 elegante showroom que destaca el dise\u00f1o e innovaci\u00f3n de sus marcas - Edifica Press","isPartOf":{"@id":"https:\/\/www.edifica.com.bo\/#website"},"datePublished":"2025-05-20T20:10:21+00:00","dateModified":"2025-05-20T20:10:28+00:00","breadcrumb":{"@id":"https:\/\/www.edifica.com.bo\/?p=1600#breadcrumb"},"inLanguage":"es","potentialAction":[{"@type":"ReadAction","target":["https:\/\/www.edifica.com.bo\/?p=1600"]}]},{"@type":"BreadcrumbList","@id":"https:\/\/www.edifica.com.bo\/?p=1600#breadcrumb","itemListElement":[{"@type":"ListItem","position":1,"name":"Portada","item":"https:\/\/www.edifica.com.bo\/"},{"@type":"ListItem","position":2,"name":"Weidling estren\u00f3 elegante showroom que destaca el dise\u00f1o e innovaci\u00f3n de sus marcas"}]},{"@type":"WebSite","@id":"https:\/\/www.edifica.com.bo\/#website","url":"https:\/\/www.edifica.com.bo\/","name":"Edifica Press","description":"Revista Periodistica","publisher":{"@id":"https:\/\/www.edifica.com.bo\/#organization"},"potentialAction":[{"@type":"SearchAction","target":{"@type":"EntryPoint","urlTemplate":"https:\/\/www.edifica.com.bo\/?s={search_term_string}"},"query-input":"required name=search_term_string"}],"inLanguage":"es"},{"@type":"Organization","@id":"https:\/\/www.edifica.com.bo\/#organization","name":"Edifica Press","url":"https:\/\/www.edifica.com.bo\/","logo":{"@type":"ImageObject","inLanguage":"es","@id":"https:\/\/www.edifica.com.bo\/#\/schema\/logo\/image\/","url":"https:\/\/www.edifica.com.bo\/wp-content\/uploads\/2022\/04\/LOGO-EDIFICAPRESS2022.jpg","contentUrl":"https:\/\/www.edifica.com.bo\/wp-content\/uploads\/2022\/04\/LOGO-EDIFICAPRESS2022.jpg","width":1200,"height":200,"caption":"Edifica Press"},"image":{"@id":"https:\/\/www.edifica.com.bo\/#\/schema\/logo\/image\/"},"sameAs":["https:\/\/www.facebook.com\/NegociosPressBolivia"]},{"@type":"Person","@id":"https:\/\/www.edifica.com.bo\/#\/schema\/person\/115d63d49a533166b9aed20f704f4c6c","name":"Yandira Toledo","image":{"@type":"ImageObject","inLanguage":"es","@id":"https:\/\/www.edifica.com.bo\/#\/schema\/person\/image\/","url":"https:\/\/secure.gravatar.com\/avatar\/ea966cd6bbbe46cf393468ac8bc1bdcc?s=96&d=mm&r=g","contentUrl":"https:\/\/secure.gravatar.com\/avatar\/ea966cd6bbbe46cf393468ac8bc1bdcc?s=96&d=mm&r=g","caption":"Yandira Toledo"},"sameAs":["http:\/\/www.edifica.com.bo"],"url":"https:\/\/www.edifica.com.bo\/?author=3"}]}},"_links":{"self":[{"href":"https:\/\/www.edifica.com.bo\/index.php?rest_route=\/wp\/v2\/posts\/1600"}],"collection":[{"href":"https:\/\/www.edifica.com.bo\/index.php?rest_route=\/wp\/v2\/posts"}],"about":[{"href":"https:\/\/www.edifica.com.bo\/index.php?rest_route=\/wp\/v2\/types\/post"}],"author":[{"embeddable":true,"href":"https:\/\/www.edifica.com.bo\/index.php?rest_route=\/wp\/v2\/users\/3"}],"replies":[{"embeddable":true,"href":"https:\/\/www.edifica.com.bo\/index.php?rest_route=%2Fwp%2Fv2%2Fcomments&post=1600"}],"version-history":[{"count":1,"href":"https:\/\/www.edifica.com.bo\/index.php?rest_route=\/wp\/v2\/posts\/1600\/revisions"}],"predecessor-version":[{"id":1602,"href":"https:\/\/www.edifica.com.bo\/index.php?rest_route=\/wp\/v2\/posts\/1600\/revisions\/1602"}],"wp:featuredmedia":[{"embeddable":true,"href":"https:\/\/www.edifica.com.bo\/index.php?rest_route=\/wp\/v2\/media\/1601"}],"wp:attachment":[{"href":"https:\/\/www.edifica.com.bo\/index.php?rest_route=%2Fwp%2Fv2%2Fmedia&parent=1600"}],"wp:term":[{"taxonomy":"category","embeddable":true,"href":"https:\/\/www.edifica.com.bo\/index.php?rest_route=%2Fwp%2Fv2%2Fcategories&post=1600"},{"taxonomy":"post_tag","embeddable":true,"href":"https:\/\/www.edifica.com.bo\/index.php?rest_route=%2Fwp%2Fv2%2Ftags&post=1600"}],"curies":[{"name":"wp","href":"https:\/\/api.w.org\/{rel}","templated":true}]}}