{"id":1632,"date":"2025-07-30T20:24:34","date_gmt":"2025-07-30T20:24:34","guid":{"rendered":"https:\/\/www.edifica.com.bo\/?p=1632"},"modified":"2025-07-30T20:23:01","modified_gmt":"2025-07-30T20:23:01","slug":"betty-ibanez-arquitectura-que-respira-naturaleza","status":"publish","type":"post","link":"https:\/\/www.edifica.com.bo\/?p=1632","title":{"rendered":"Betty Ib\u00e1\u00f1ez: \u201cArquitectura que respira naturaleza\u201d"},"content":{"rendered":"\n<h2 class=\"wp-block-heading\">Betty Ib\u00e1\u00f1ez integra arquitectura, naturaleza y sostenibilidad con identidad boliviana, usando materiales nobles, cuidando el agua y creando espacios sensoriales que restauran, no invaden.<\/h2>\n\n\n\n<p>Betty Ib\u00e1\u00f1ez se define como una mujer apasionada por su trabajo, reconocida por su esp\u00edritu innovador y su perseverancia. Se caracteriza por una sensibilidad especial hacia la est\u00e9tica, el buen gusto y la autenticidad de los materiales naturales, elementos que considera esenciales para crear espacios con alma. Cree firmemente en el poder transformador del dise\u00f1o y en la capacidad que tienen los entornos bien concebidos para mejorar la calidad de vida de las personas. A trav\u00e9s del paisajismo, la arquitectura sensorial y el arte, proyecta su visi\u00f3n, combinando funcionalidad, armon\u00eda y emoci\u00f3n en cada uno de sus proyectos.<\/p>\n\n\n\n<p><strong>\u00bfQu\u00e9 aspectos toma en cuenta al elegir materiales nobles en sus proyectos arquitect\u00f3nicos?<\/strong><br>Siempre elijo materiales naturales como la madera, la jatata, la piedra o la vegetaci\u00f3n nativa, porque cada uno tiene una historia que contar. Considero su origen, durabilidad, huella ambiental y, sobre todo, su capacidad de integrarse arm\u00f3nicamente al paisaje. Creo firmemente en revalorizar lo nuestro y en proyectar identidad desde los materiales.<\/p>\n\n\n\n<p><strong>\u00bfC\u00f3mo puede la arquitectura integrarse al entorno sin alterar su equilibrio natural?<\/strong><br>La clave est\u00e1 en observar antes de intervenir. Analizar el lugar con respeto. Desde el dise\u00f1o, incorporamos elementos que acompa\u00f1en al entorno en lugar de imponer una forma ajena. Usamos materiales propios de la zona, sistemas de riego eficientes y respetamos la vegetaci\u00f3n existente. No buscamos dominar la naturaleza, sino convivir con ella. Cada proyecto es una oportunidad para restaurar, no solo para construir.<\/p>\n\n\n\n<p><strong>\u00bfQu\u00e9 desaf\u00edos y soluciones encuentra al dise\u00f1ar espacios que cuiden el uso del agua?<\/strong><br>El agua es un recurso valioso y trabajar con ella representa un desaf\u00edo constante. Se requiere conocimiento t\u00e9cnico en hidr\u00e1ulica, movimiento, filtrado y uso eficiente. No es sencillo, pero cuento con un equipo de expertos que me asesora en cada etapa. Dise\u00f1amos lagos ornamentales sostenibles y piscinas naturales con sistemas inteligentes que optimizan el consumo sin sacrificar belleza ni funcionalidad. Cada gota cuenta.<\/p>\n\n\n\n<p><strong>\u00bfQu\u00e9 valor tienen las texturas naturales en la construcci\u00f3n de experiencias sensoriales aut\u00e9nticas?<\/strong><br>Las texturas naturales despiertan los sentidos y nos conectan con recuerdos profundos, con la infancia rodeada de naturaleza. El acabado de una madera cruda, el relieve de una piedra o el follaje de una planta tienen el poder de transformar un espacio en una experiencia emocional. Las elijo no solo por su est\u00e9tica, sino por su capacidad de provocar sensaciones. Son esenciales para crear entornos sensoriales genuinos, siempre con mi sello personal.<\/p>\n\n\n\n<p>PERFIL<\/p>\n\n\n\n<p>Betty Ib\u00e1\u00f1ez es arquitecta y paisajista, fundadora de Jardymant Corp, empresa con la que impulsa la transformaci\u00f3n de espacios verdes en Bolivia con un enfoque exclusivo y de alto dise\u00f1o. Paralelamente, lidera la Fundaci\u00f3n Huellas Verdes, dedicada a promover una ciudad m\u00e1s verde a trav\u00e9s de la educaci\u00f3n ambiental, la reforestaci\u00f3n y la conexi\u00f3n con la naturaleza. Su trabajo con j\u00f3venes de 13 a 18 a\u00f1os en colegios busca sembrar conciencia ecol\u00f3gica desde edades tempranas.<\/p>\n","protected":false},"excerpt":{"rendered":"<p>Betty Ib\u00e1\u00f1ez integra arquitectura, naturaleza y sostenibilidad con identidad boliviana, usando materiales nobles, cuidando el agua y creando espacios sensoriales que restauran, no invaden. Betty Ib\u00e1\u00f1ez se define como una mujer apasionada por su trabajo, reconocida por su esp\u00edritu innovador y su perseverancia. Se caracteriza por una sensibilidad especial hacia la est\u00e9tica, el buen gusto &hellip;<\/p>\n","protected":false},"author":3,"featured_media":1633,"comment_status":"open","ping_status":"open","sticky":false,"template":"","format":"standard","meta":{"footnotes":""},"categories":[32],"tags":[],"yoast_head":"<!-- This site is optimized with the Yoast SEO plugin v21.9.1 - https:\/\/yoast.com\/wordpress\/plugins\/seo\/ -->\n<title>Betty Ib\u00e1\u00f1ez: \u201cArquitectura que respira naturaleza\u201d - Edifica Press<\/title>\n<meta name=\"robots\" content=\"index, follow, max-snippet:-1, max-image-preview:large, max-video-preview:-1\" \/>\n<link rel=\"canonical\" href=\"https:\/\/www.edifica.com.bo\/?p=1632\" \/>\n<meta property=\"og:locale\" content=\"es_ES\" \/>\n<meta property=\"og:type\" content=\"article\" \/>\n<meta property=\"og:title\" content=\"Betty Ib\u00e1\u00f1ez: \u201cArquitectura que respira naturaleza\u201d - Edifica Press\" \/>\n<meta property=\"og:description\" content=\"Betty Ib\u00e1\u00f1ez integra arquitectura, naturaleza y sostenibilidad con identidad boliviana, usando materiales nobles, cuidando el agua y creando espacios sensoriales que restauran, no invaden. Betty Ib\u00e1\u00f1ez se define como una mujer apasionada por su trabajo, reconocida por su esp\u00edritu innovador y su perseverancia. Se caracteriza por una sensibilidad especial hacia la est\u00e9tica, el buen gusto &hellip;\" \/>\n<meta property=\"og:url\" content=\"https:\/\/www.edifica.com.bo\/?p=1632\" \/>\n<meta property=\"og:site_name\" content=\"Edifica Press\" \/>\n<meta property=\"article:publisher\" content=\"https:\/\/www.facebook.com\/NegociosPressBolivia\" \/>\n<meta property=\"article:published_time\" content=\"2025-07-30T20:24:34+00:00\" \/>\n<meta property=\"article:modified_time\" content=\"2025-07-30T20:23:01+00:00\" \/>\n<meta property=\"og:image\" content=\"https:\/\/www.edifica.com.bo\/wp-content\/uploads\/2025\/07\/Betty.jpeg\" \/>\n\t<meta property=\"og:image:width\" content=\"1280\" \/>\n\t<meta property=\"og:image:height\" content=\"1125\" \/>\n\t<meta property=\"og:image:type\" content=\"image\/jpeg\" \/>\n<meta name=\"author\" content=\"Yandira Toledo\" \/>\n<meta name=\"twitter:card\" content=\"summary_large_image\" \/>\n<meta name=\"twitter:label1\" content=\"Escrito por\" \/>\n\t<meta name=\"twitter:data1\" content=\"Yandira Toledo\" \/>\n\t<meta name=\"twitter:label2\" content=\"Tiempo de lectura\" \/>\n\t<meta name=\"twitter:data2\" content=\"3 minutos\" \/>\n<script type=\"application\/ld+json\" class=\"yoast-schema-graph\">{\"@context\":\"https:\/\/schema.org\",\"@graph\":[{\"@type\":\"Article\",\"@id\":\"https:\/\/www.edifica.com.bo\/?p=1632#article\",\"isPartOf\":{\"@id\":\"https:\/\/www.edifica.com.bo\/?p=1632\"},\"author\":{\"name\":\"Yandira Toledo\",\"@id\":\"https:\/\/www.edifica.com.bo\/#\/schema\/person\/115d63d49a533166b9aed20f704f4c6c\"},\"headline\":\"Betty Ib\u00e1\u00f1ez: \u201cArquitectura que respira naturaleza\u201d\",\"datePublished\":\"2025-07-30T20:24:34+00:00\",\"dateModified\":\"2025-07-30T20:23:01+00:00\",\"mainEntityOfPage\":{\"@id\":\"https:\/\/www.edifica.com.bo\/?p=1632\"},\"wordCount\":543,\"commentCount\":0,\"publisher\":{\"@id\":\"https:\/\/www.edifica.com.bo\/#organization\"},\"articleSection\":[\"ENTREVISTA\"],\"inLanguage\":\"es\",\"potentialAction\":[{\"@type\":\"CommentAction\",\"name\":\"Comment\",\"target\":[\"https:\/\/www.edifica.com.bo\/?p=1632#respond\"]}]},{\"@type\":\"WebPage\",\"@id\":\"https:\/\/www.edifica.com.bo\/?p=1632\",\"url\":\"https:\/\/www.edifica.com.bo\/?p=1632\",\"name\":\"Betty Ib\u00e1\u00f1ez: \u201cArquitectura que respira naturaleza\u201d - Edifica Press\",\"isPartOf\":{\"@id\":\"https:\/\/www.edifica.com.bo\/#website\"},\"datePublished\":\"2025-07-30T20:24:34+00:00\",\"dateModified\":\"2025-07-30T20:23:01+00:00\",\"breadcrumb\":{\"@id\":\"https:\/\/www.edifica.com.bo\/?p=1632#breadcrumb\"},\"inLanguage\":\"es\",\"potentialAction\":[{\"@type\":\"ReadAction\",\"target\":[\"https:\/\/www.edifica.com.bo\/?p=1632\"]}]},{\"@type\":\"BreadcrumbList\",\"@id\":\"https:\/\/www.edifica.com.bo\/?p=1632#breadcrumb\",\"itemListElement\":[{\"@type\":\"ListItem\",\"position\":1,\"name\":\"Portada\",\"item\":\"https:\/\/www.edifica.com.bo\/\"},{\"@type\":\"ListItem\",\"position\":2,\"name\":\"Betty Ib\u00e1\u00f1ez: \u201cArquitectura que respira naturaleza\u201d\"}]},{\"@type\":\"WebSite\",\"@id\":\"https:\/\/www.edifica.com.bo\/#website\",\"url\":\"https:\/\/www.edifica.com.bo\/\",\"name\":\"Edifica Press\",\"description\":\"Revista Periodistica\",\"publisher\":{\"@id\":\"https:\/\/www.edifica.com.bo\/#organization\"},\"potentialAction\":[{\"@type\":\"SearchAction\",\"target\":{\"@type\":\"EntryPoint\",\"urlTemplate\":\"https:\/\/www.edifica.com.bo\/?s={search_term_string}\"},\"query-input\":\"required name=search_term_string\"}],\"inLanguage\":\"es\"},{\"@type\":\"Organization\",\"@id\":\"https:\/\/www.edifica.com.bo\/#organization\",\"name\":\"Edifica Press\",\"url\":\"https:\/\/www.edifica.com.bo\/\",\"logo\":{\"@type\":\"ImageObject\",\"inLanguage\":\"es\",\"@id\":\"https:\/\/www.edifica.com.bo\/#\/schema\/logo\/image\/\",\"url\":\"https:\/\/www.edifica.com.bo\/wp-content\/uploads\/2022\/04\/LOGO-EDIFICAPRESS2022.jpg\",\"contentUrl\":\"https:\/\/www.edifica.com.bo\/wp-content\/uploads\/2022\/04\/LOGO-EDIFICAPRESS2022.jpg\",\"width\":1200,\"height\":200,\"caption\":\"Edifica Press\"},\"image\":{\"@id\":\"https:\/\/www.edifica.com.bo\/#\/schema\/logo\/image\/\"},\"sameAs\":[\"https:\/\/www.facebook.com\/NegociosPressBolivia\"]},{\"@type\":\"Person\",\"@id\":\"https:\/\/www.edifica.com.bo\/#\/schema\/person\/115d63d49a533166b9aed20f704f4c6c\",\"name\":\"Yandira Toledo\",\"image\":{\"@type\":\"ImageObject\",\"inLanguage\":\"es\",\"@id\":\"https:\/\/www.edifica.com.bo\/#\/schema\/person\/image\/\",\"url\":\"https:\/\/secure.gravatar.com\/avatar\/ea966cd6bbbe46cf393468ac8bc1bdcc?s=96&d=mm&r=g\",\"contentUrl\":\"https:\/\/secure.gravatar.com\/avatar\/ea966cd6bbbe46cf393468ac8bc1bdcc?s=96&d=mm&r=g\",\"caption\":\"Yandira Toledo\"},\"sameAs\":[\"http:\/\/www.edifica.com.bo\"],\"url\":\"https:\/\/www.edifica.com.bo\/?author=3\"}]}<\/script>\n<!-- \/ Yoast SEO plugin. -->","yoast_head_json":{"title":"Betty Ib\u00e1\u00f1ez: \u201cArquitectura que respira naturaleza\u201d - Edifica Press","robots":{"index":"index","follow":"follow","max-snippet":"max-snippet:-1","max-image-preview":"max-image-preview:large","max-video-preview":"max-video-preview:-1"},"canonical":"https:\/\/www.edifica.com.bo\/?p=1632","og_locale":"es_ES","og_type":"article","og_title":"Betty Ib\u00e1\u00f1ez: \u201cArquitectura que respira naturaleza\u201d - Edifica Press","og_description":"Betty Ib\u00e1\u00f1ez integra arquitectura, naturaleza y sostenibilidad con identidad boliviana, usando materiales nobles, cuidando el agua y creando espacios sensoriales que restauran, no invaden. Betty Ib\u00e1\u00f1ez se define como una mujer apasionada por su trabajo, reconocida por su esp\u00edritu innovador y su perseverancia. Se caracteriza por una sensibilidad especial hacia la est\u00e9tica, el buen gusto &hellip;","og_url":"https:\/\/www.edifica.com.bo\/?p=1632","og_site_name":"Edifica Press","article_publisher":"https:\/\/www.facebook.com\/NegociosPressBolivia","article_published_time":"2025-07-30T20:24:34+00:00","article_modified_time":"2025-07-30T20:23:01+00:00","og_image":[{"width":1280,"height":1125,"url":"https:\/\/www.edifica.com.bo\/wp-content\/uploads\/2025\/07\/Betty.jpeg","type":"image\/jpeg"}],"author":"Yandira Toledo","twitter_card":"summary_large_image","twitter_misc":{"Escrito por":"Yandira Toledo","Tiempo de lectura":"3 minutos"},"schema":{"@context":"https:\/\/schema.org","@graph":[{"@type":"Article","@id":"https:\/\/www.edifica.com.bo\/?p=1632#article","isPartOf":{"@id":"https:\/\/www.edifica.com.bo\/?p=1632"},"author":{"name":"Yandira Toledo","@id":"https:\/\/www.edifica.com.bo\/#\/schema\/person\/115d63d49a533166b9aed20f704f4c6c"},"headline":"Betty Ib\u00e1\u00f1ez: \u201cArquitectura que respira naturaleza\u201d","datePublished":"2025-07-30T20:24:34+00:00","dateModified":"2025-07-30T20:23:01+00:00","mainEntityOfPage":{"@id":"https:\/\/www.edifica.com.bo\/?p=1632"},"wordCount":543,"commentCount":0,"publisher":{"@id":"https:\/\/www.edifica.com.bo\/#organization"},"articleSection":["ENTREVISTA"],"inLanguage":"es","potentialAction":[{"@type":"CommentAction","name":"Comment","target":["https:\/\/www.edifica.com.bo\/?p=1632#respond"]}]},{"@type":"WebPage","@id":"https:\/\/www.edifica.com.bo\/?p=1632","url":"https:\/\/www.edifica.com.bo\/?p=1632","name":"Betty Ib\u00e1\u00f1ez: \u201cArquitectura que respira naturaleza\u201d - Edifica Press","isPartOf":{"@id":"https:\/\/www.edifica.com.bo\/#website"},"datePublished":"2025-07-30T20:24:34+00:00","dateModified":"2025-07-30T20:23:01+00:00","breadcrumb":{"@id":"https:\/\/www.edifica.com.bo\/?p=1632#breadcrumb"},"inLanguage":"es","potentialAction":[{"@type":"ReadAction","target":["https:\/\/www.edifica.com.bo\/?p=1632"]}]},{"@type":"BreadcrumbList","@id":"https:\/\/www.edifica.com.bo\/?p=1632#breadcrumb","itemListElement":[{"@type":"ListItem","position":1,"name":"Portada","item":"https:\/\/www.edifica.com.bo\/"},{"@type":"ListItem","position":2,"name":"Betty Ib\u00e1\u00f1ez: \u201cArquitectura que respira naturaleza\u201d"}]},{"@type":"WebSite","@id":"https:\/\/www.edifica.com.bo\/#website","url":"https:\/\/www.edifica.com.bo\/","name":"Edifica Press","description":"Revista Periodistica","publisher":{"@id":"https:\/\/www.edifica.com.bo\/#organization"},"potentialAction":[{"@type":"SearchAction","target":{"@type":"EntryPoint","urlTemplate":"https:\/\/www.edifica.com.bo\/?s={search_term_string}"},"query-input":"required name=search_term_string"}],"inLanguage":"es"},{"@type":"Organization","@id":"https:\/\/www.edifica.com.bo\/#organization","name":"Edifica Press","url":"https:\/\/www.edifica.com.bo\/","logo":{"@type":"ImageObject","inLanguage":"es","@id":"https:\/\/www.edifica.com.bo\/#\/schema\/logo\/image\/","url":"https:\/\/www.edifica.com.bo\/wp-content\/uploads\/2022\/04\/LOGO-EDIFICAPRESS2022.jpg","contentUrl":"https:\/\/www.edifica.com.bo\/wp-content\/uploads\/2022\/04\/LOGO-EDIFICAPRESS2022.jpg","width":1200,"height":200,"caption":"Edifica Press"},"image":{"@id":"https:\/\/www.edifica.com.bo\/#\/schema\/logo\/image\/"},"sameAs":["https:\/\/www.facebook.com\/NegociosPressBolivia"]},{"@type":"Person","@id":"https:\/\/www.edifica.com.bo\/#\/schema\/person\/115d63d49a533166b9aed20f704f4c6c","name":"Yandira Toledo","image":{"@type":"ImageObject","inLanguage":"es","@id":"https:\/\/www.edifica.com.bo\/#\/schema\/person\/image\/","url":"https:\/\/secure.gravatar.com\/avatar\/ea966cd6bbbe46cf393468ac8bc1bdcc?s=96&d=mm&r=g","contentUrl":"https:\/\/secure.gravatar.com\/avatar\/ea966cd6bbbe46cf393468ac8bc1bdcc?s=96&d=mm&r=g","caption":"Yandira Toledo"},"sameAs":["http:\/\/www.edifica.com.bo"],"url":"https:\/\/www.edifica.com.bo\/?author=3"}]}},"_links":{"self":[{"href":"https:\/\/www.edifica.com.bo\/index.php?rest_route=\/wp\/v2\/posts\/1632"}],"collection":[{"href":"https:\/\/www.edifica.com.bo\/index.php?rest_route=\/wp\/v2\/posts"}],"about":[{"href":"https:\/\/www.edifica.com.bo\/index.php?rest_route=\/wp\/v2\/types\/post"}],"author":[{"embeddable":true,"href":"https:\/\/www.edifica.com.bo\/index.php?rest_route=\/wp\/v2\/users\/3"}],"replies":[{"embeddable":true,"href":"https:\/\/www.edifica.com.bo\/index.php?rest_route=%2Fwp%2Fv2%2Fcomments&post=1632"}],"version-history":[{"count":1,"href":"https:\/\/www.edifica.com.bo\/index.php?rest_route=\/wp\/v2\/posts\/1632\/revisions"}],"predecessor-version":[{"id":1634,"href":"https:\/\/www.edifica.com.bo\/index.php?rest_route=\/wp\/v2\/posts\/1632\/revisions\/1634"}],"wp:featuredmedia":[{"embeddable":true,"href":"https:\/\/www.edifica.com.bo\/index.php?rest_route=\/wp\/v2\/media\/1633"}],"wp:attachment":[{"href":"https:\/\/www.edifica.com.bo\/index.php?rest_route=%2Fwp%2Fv2%2Fmedia&parent=1632"}],"wp:term":[{"taxonomy":"category","embeddable":true,"href":"https:\/\/www.edifica.com.bo\/index.php?rest_route=%2Fwp%2Fv2%2Fcategories&post=1632"},{"taxonomy":"post_tag","embeddable":true,"href":"https:\/\/www.edifica.com.bo\/index.php?rest_route=%2Fwp%2Fv2%2Ftags&post=1632"}],"curies":[{"name":"wp","href":"https:\/\/api.w.org\/{rel}","templated":true}]}}