{"id":1698,"date":"2026-01-23T17:49:26","date_gmt":"2026-01-23T17:49:26","guid":{"rendered":"https:\/\/www.edifica.com.bo\/?p=1698"},"modified":"2026-01-23T17:49:37","modified_gmt":"2026-01-23T17:49:37","slug":"lanzan-planificar-construir-y-gobernar-santa-cruz-el-foro-conversatorio-de-los-candidatos-a-gobernador-y-alcalde","status":"publish","type":"post","link":"https:\/\/www.edifica.com.bo\/?p=1698","title":{"rendered":"Lanzan \u201cPlanificar, construir y gobernar Santa Cruz\u201d, el foro conversatorio de los candidatos a gobernador y alcalde"},"content":{"rendered":"\n<h2 class=\"wp-block-heading\"><strong>\u00a0La actividad se realizar\u00e1 el mi\u00e9rcoles 28 y jueves 29 de enero, de 8:30 a 13:00 hrs, en el sal\u00f3n Chiquitano de Fexpocruz.<\/strong><\/h2>\n\n\n\n<p>El Colegio de Arquitectos de Santa Cruz (CASCZ), la Sociedad de Ingenieros de Bolivia \u2013 Departamental Santa Cruz (SIB), la C\u00e1mara de la Construcci\u00f3n de Santa Cruz (Cadecocruz) y el Comit\u00e9 Consultivo T\u00e9cnico Departamental (CCTD) anunciaron la realizaci\u00f3n del Foro Conversatorio \u201cPlanificar, construir y gobernar Santa Cruz\u201d, que se llevar\u00e1 a cabo el mi\u00e9rcoles 28 y jueves 29 de enero, de 8:30 a 13:00 horas, en el Sal\u00f3n Chiquitano de Fexpocruz.<\/p>\n\n\n\n<figure class=\"wp-block-image size-large\"><img loading=\"lazy\" decoding=\"async\" width=\"724\" height=\"1024\" src=\"https:\/\/www.edifica.com.bo\/wp-content\/uploads\/2026\/01\/WhatsApp-Image-2026-01-21-at-15.33.38-724x1024.jpeg\" alt=\"\" class=\"wp-image-1700\" srcset=\"https:\/\/www.edifica.com.bo\/wp-content\/uploads\/2026\/01\/WhatsApp-Image-2026-01-21-at-15.33.38-724x1024.jpeg 724w, https:\/\/www.edifica.com.bo\/wp-content\/uploads\/2026\/01\/WhatsApp-Image-2026-01-21-at-15.33.38-212x300.jpeg 212w, https:\/\/www.edifica.com.bo\/wp-content\/uploads\/2026\/01\/WhatsApp-Image-2026-01-21-at-15.33.38-768x1086.jpeg 768w, https:\/\/www.edifica.com.bo\/wp-content\/uploads\/2026\/01\/WhatsApp-Image-2026-01-21-at-15.33.38-360x509.jpeg 360w, https:\/\/www.edifica.com.bo\/wp-content\/uploads\/2026\/01\/WhatsApp-Image-2026-01-21-at-15.33.38-1086x1536.jpeg 1086w, https:\/\/www.edifica.com.bo\/wp-content\/uploads\/2026\/01\/WhatsApp-Image-2026-01-21-at-15.33.38-1448x2048.jpeg 1448w, https:\/\/www.edifica.com.bo\/wp-content\/uploads\/2026\/01\/WhatsApp-Image-2026-01-21-at-15.33.38.jpeg 1810w\" sizes=\"(max-width: 724px) 100vw, 724px\" \/><\/figure>\n\n\n\n<p>La iniciativa tiene como objetivo principal conocer y analizar las propuestas urbanas, territoriales, ambientales y de movilidad de los seis principales candidatos a la Gobernaci\u00f3n del departamento de Santa Cruz y a la Alcald\u00eda de Santa Cruz de la Sierra. Asimismo, busca incorporar la voz t\u00e9cnica de los gremios profesionales en el debate pol\u00edtico sobre el desarrollo urbano y territorial, subrayar la importancia de la institucionalidad y reafirmar su rol como un actor propositivo, cr\u00edtico y articulador entre la sociedad civil, la academia y los distintos niveles de gobierno.<br>El Foro Conversatorio se desarrollar\u00e1 en dos jornadas. La primera estar\u00e1 dedicada a la tem\u00e1tica \u201cConstruir la gobernanza metropolitana con enfoque en desarrollo productivo y articulaci\u00f3n territorial\u201d, espacio en el que los candidatos a la Gobernaci\u00f3n presentar\u00e1n sus propuestas. La segunda jornada abordar\u00e1 el tema \u201cSanta Cruz 2050: la ciudad que so\u00f1amos construir\u201d, con la participaci\u00f3n de los postulantes a la Alcald\u00eda. Al cierre de cada d\u00eda se proceder\u00e1 a la firma de manifiestos de compromiso.<br>Con el fin de dinamizar el evento y enriquecer el debate, cada jornada contar\u00e1 previamente con tres exposiciones magistrales a cargo de especialistas, quienes abordar\u00e1n temas como gobernanza, desarrollo humano, visi\u00f3n de ciudad, movilidad urbana, medio ambiente y planificaci\u00f3n estrat\u00e9gica. Finalmente, se abrir\u00e1 un espacio de participaci\u00f3n del p\u00fablico mediante una ronda de preguntas.<\/p>\n","protected":false},"excerpt":{"rendered":"<p>\u00a0La actividad se realizar\u00e1 el mi\u00e9rcoles 28 y jueves 29 de enero, de 8:30 a 13:00 hrs, en el sal\u00f3n Chiquitano de Fexpocruz. El Colegio de Arquitectos de Santa Cruz (CASCZ), la Sociedad de Ingenieros de Bolivia \u2013 Departamental Santa Cruz (SIB), la C\u00e1mara de la Construcci\u00f3n de Santa Cruz (Cadecocruz) y el Comit\u00e9 Consultivo &hellip;<\/p>\n","protected":false},"author":3,"featured_media":1699,"comment_status":"open","ping_status":"open","sticky":false,"template":"","format":"standard","meta":{"footnotes":""},"categories":[5],"tags":[],"yoast_head":"<!-- This site is optimized with the Yoast SEO plugin v21.9.1 - https:\/\/yoast.com\/wordpress\/plugins\/seo\/ -->\n<title>Lanzan \u201cPlanificar, construir y gobernar Santa Cruz\u201d, el foro conversatorio de los candidatos a gobernador y alcalde - Edifica Press<\/title>\n<meta name=\"robots\" content=\"index, follow, max-snippet:-1, max-image-preview:large, max-video-preview:-1\" \/>\n<link rel=\"canonical\" href=\"https:\/\/www.edifica.com.bo\/?p=1698\" \/>\n<meta property=\"og:locale\" content=\"es_ES\" \/>\n<meta property=\"og:type\" content=\"article\" \/>\n<meta property=\"og:title\" content=\"Lanzan \u201cPlanificar, construir y gobernar Santa Cruz\u201d, el foro conversatorio de los candidatos a gobernador y alcalde - Edifica Press\" \/>\n<meta property=\"og:description\" content=\"\u00a0La actividad se realizar\u00e1 el mi\u00e9rcoles 28 y jueves 29 de enero, de 8:30 a 13:00 hrs, en el sal\u00f3n Chiquitano de Fexpocruz. El Colegio de Arquitectos de Santa Cruz (CASCZ), la Sociedad de Ingenieros de Bolivia \u2013 Departamental Santa Cruz (SIB), la C\u00e1mara de la Construcci\u00f3n de Santa Cruz (Cadecocruz) y el Comit\u00e9 Consultivo &hellip;\" \/>\n<meta property=\"og:url\" content=\"https:\/\/www.edifica.com.bo\/?p=1698\" \/>\n<meta property=\"og:site_name\" content=\"Edifica Press\" \/>\n<meta property=\"article:publisher\" content=\"https:\/\/www.facebook.com\/NegociosPressBolivia\" \/>\n<meta property=\"article:published_time\" content=\"2026-01-23T17:49:26+00:00\" \/>\n<meta property=\"article:modified_time\" content=\"2026-01-23T17:49:37+00:00\" \/>\n<meta property=\"og:image\" content=\"https:\/\/www.edifica.com.bo\/wp-content\/uploads\/2026\/01\/WhatsApp-Image-2026-01-21-at-15.31.14.jpeg\" \/>\n\t<meta property=\"og:image:width\" content=\"1600\" \/>\n\t<meta property=\"og:image:height\" content=\"1200\" \/>\n\t<meta property=\"og:image:type\" content=\"image\/jpeg\" \/>\n<meta name=\"author\" content=\"Yandira Toledo\" \/>\n<meta name=\"twitter:card\" content=\"summary_large_image\" \/>\n<meta name=\"twitter:label1\" content=\"Escrito por\" \/>\n\t<meta name=\"twitter:data1\" content=\"Yandira Toledo\" \/>\n\t<meta name=\"twitter:label2\" content=\"Tiempo de lectura\" \/>\n\t<meta name=\"twitter:data2\" content=\"2 minutos\" \/>\n<script type=\"application\/ld+json\" class=\"yoast-schema-graph\">{\"@context\":\"https:\/\/schema.org\",\"@graph\":[{\"@type\":\"Article\",\"@id\":\"https:\/\/www.edifica.com.bo\/?p=1698#article\",\"isPartOf\":{\"@id\":\"https:\/\/www.edifica.com.bo\/?p=1698\"},\"author\":{\"name\":\"Yandira Toledo\",\"@id\":\"https:\/\/www.edifica.com.bo\/#\/schema\/person\/115d63d49a533166b9aed20f704f4c6c\"},\"headline\":\"Lanzan \u201cPlanificar, construir y gobernar Santa Cruz\u201d, el foro conversatorio de los candidatos a gobernador y alcalde\",\"datePublished\":\"2026-01-23T17:49:26+00:00\",\"dateModified\":\"2026-01-23T17:49:37+00:00\",\"mainEntityOfPage\":{\"@id\":\"https:\/\/www.edifica.com.bo\/?p=1698\"},\"wordCount\":347,\"commentCount\":0,\"publisher\":{\"@id\":\"https:\/\/www.edifica.com.bo\/#organization\"},\"articleSection\":[\"ARQUITECTURA\"],\"inLanguage\":\"es\",\"potentialAction\":[{\"@type\":\"CommentAction\",\"name\":\"Comment\",\"target\":[\"https:\/\/www.edifica.com.bo\/?p=1698#respond\"]}]},{\"@type\":\"WebPage\",\"@id\":\"https:\/\/www.edifica.com.bo\/?p=1698\",\"url\":\"https:\/\/www.edifica.com.bo\/?p=1698\",\"name\":\"Lanzan \u201cPlanificar, construir y gobernar Santa Cruz\u201d, el foro conversatorio de los candidatos a gobernador y alcalde - Edifica Press\",\"isPartOf\":{\"@id\":\"https:\/\/www.edifica.com.bo\/#website\"},\"datePublished\":\"2026-01-23T17:49:26+00:00\",\"dateModified\":\"2026-01-23T17:49:37+00:00\",\"breadcrumb\":{\"@id\":\"https:\/\/www.edifica.com.bo\/?p=1698#breadcrumb\"},\"inLanguage\":\"es\",\"potentialAction\":[{\"@type\":\"ReadAction\",\"target\":[\"https:\/\/www.edifica.com.bo\/?p=1698\"]}]},{\"@type\":\"BreadcrumbList\",\"@id\":\"https:\/\/www.edifica.com.bo\/?p=1698#breadcrumb\",\"itemListElement\":[{\"@type\":\"ListItem\",\"position\":1,\"name\":\"Portada\",\"item\":\"https:\/\/www.edifica.com.bo\/\"},{\"@type\":\"ListItem\",\"position\":2,\"name\":\"Lanzan \u201cPlanificar, construir y gobernar Santa Cruz\u201d, el foro conversatorio de los candidatos a gobernador y alcalde\"}]},{\"@type\":\"WebSite\",\"@id\":\"https:\/\/www.edifica.com.bo\/#website\",\"url\":\"https:\/\/www.edifica.com.bo\/\",\"name\":\"Edifica Press\",\"description\":\"Revista Periodistica\",\"publisher\":{\"@id\":\"https:\/\/www.edifica.com.bo\/#organization\"},\"potentialAction\":[{\"@type\":\"SearchAction\",\"target\":{\"@type\":\"EntryPoint\",\"urlTemplate\":\"https:\/\/www.edifica.com.bo\/?s={search_term_string}\"},\"query-input\":\"required name=search_term_string\"}],\"inLanguage\":\"es\"},{\"@type\":\"Organization\",\"@id\":\"https:\/\/www.edifica.com.bo\/#organization\",\"name\":\"Edifica Press\",\"url\":\"https:\/\/www.edifica.com.bo\/\",\"logo\":{\"@type\":\"ImageObject\",\"inLanguage\":\"es\",\"@id\":\"https:\/\/www.edifica.com.bo\/#\/schema\/logo\/image\/\",\"url\":\"https:\/\/www.edifica.com.bo\/wp-content\/uploads\/2022\/04\/LOGO-EDIFICAPRESS2022.jpg\",\"contentUrl\":\"https:\/\/www.edifica.com.bo\/wp-content\/uploads\/2022\/04\/LOGO-EDIFICAPRESS2022.jpg\",\"width\":1200,\"height\":200,\"caption\":\"Edifica Press\"},\"image\":{\"@id\":\"https:\/\/www.edifica.com.bo\/#\/schema\/logo\/image\/\"},\"sameAs\":[\"https:\/\/www.facebook.com\/NegociosPressBolivia\"]},{\"@type\":\"Person\",\"@id\":\"https:\/\/www.edifica.com.bo\/#\/schema\/person\/115d63d49a533166b9aed20f704f4c6c\",\"name\":\"Yandira Toledo\",\"image\":{\"@type\":\"ImageObject\",\"inLanguage\":\"es\",\"@id\":\"https:\/\/www.edifica.com.bo\/#\/schema\/person\/image\/\",\"url\":\"https:\/\/secure.gravatar.com\/avatar\/ea966cd6bbbe46cf393468ac8bc1bdcc?s=96&d=mm&r=g\",\"contentUrl\":\"https:\/\/secure.gravatar.com\/avatar\/ea966cd6bbbe46cf393468ac8bc1bdcc?s=96&d=mm&r=g\",\"caption\":\"Yandira Toledo\"},\"sameAs\":[\"http:\/\/www.edifica.com.bo\"],\"url\":\"https:\/\/www.edifica.com.bo\/?author=3\"}]}<\/script>\n<!-- \/ Yoast SEO plugin. -->","yoast_head_json":{"title":"Lanzan \u201cPlanificar, construir y gobernar Santa Cruz\u201d, el foro conversatorio de los candidatos a gobernador y alcalde - Edifica Press","robots":{"index":"index","follow":"follow","max-snippet":"max-snippet:-1","max-image-preview":"max-image-preview:large","max-video-preview":"max-video-preview:-1"},"canonical":"https:\/\/www.edifica.com.bo\/?p=1698","og_locale":"es_ES","og_type":"article","og_title":"Lanzan \u201cPlanificar, construir y gobernar Santa Cruz\u201d, el foro conversatorio de los candidatos a gobernador y alcalde - Edifica Press","og_description":"\u00a0La actividad se realizar\u00e1 el mi\u00e9rcoles 28 y jueves 29 de enero, de 8:30 a 13:00 hrs, en el sal\u00f3n Chiquitano de Fexpocruz. El Colegio de Arquitectos de Santa Cruz (CASCZ), la Sociedad de Ingenieros de Bolivia \u2013 Departamental Santa Cruz (SIB), la C\u00e1mara de la Construcci\u00f3n de Santa Cruz (Cadecocruz) y el Comit\u00e9 Consultivo &hellip;","og_url":"https:\/\/www.edifica.com.bo\/?p=1698","og_site_name":"Edifica Press","article_publisher":"https:\/\/www.facebook.com\/NegociosPressBolivia","article_published_time":"2026-01-23T17:49:26+00:00","article_modified_time":"2026-01-23T17:49:37+00:00","og_image":[{"width":1600,"height":1200,"url":"https:\/\/www.edifica.com.bo\/wp-content\/uploads\/2026\/01\/WhatsApp-Image-2026-01-21-at-15.31.14.jpeg","type":"image\/jpeg"}],"author":"Yandira Toledo","twitter_card":"summary_large_image","twitter_misc":{"Escrito por":"Yandira Toledo","Tiempo de lectura":"2 minutos"},"schema":{"@context":"https:\/\/schema.org","@graph":[{"@type":"Article","@id":"https:\/\/www.edifica.com.bo\/?p=1698#article","isPartOf":{"@id":"https:\/\/www.edifica.com.bo\/?p=1698"},"author":{"name":"Yandira Toledo","@id":"https:\/\/www.edifica.com.bo\/#\/schema\/person\/115d63d49a533166b9aed20f704f4c6c"},"headline":"Lanzan \u201cPlanificar, construir y gobernar Santa Cruz\u201d, el foro conversatorio de los candidatos a gobernador y alcalde","datePublished":"2026-01-23T17:49:26+00:00","dateModified":"2026-01-23T17:49:37+00:00","mainEntityOfPage":{"@id":"https:\/\/www.edifica.com.bo\/?p=1698"},"wordCount":347,"commentCount":0,"publisher":{"@id":"https:\/\/www.edifica.com.bo\/#organization"},"articleSection":["ARQUITECTURA"],"inLanguage":"es","potentialAction":[{"@type":"CommentAction","name":"Comment","target":["https:\/\/www.edifica.com.bo\/?p=1698#respond"]}]},{"@type":"WebPage","@id":"https:\/\/www.edifica.com.bo\/?p=1698","url":"https:\/\/www.edifica.com.bo\/?p=1698","name":"Lanzan \u201cPlanificar, construir y gobernar Santa Cruz\u201d, el foro conversatorio de los candidatos a gobernador y alcalde - Edifica Press","isPartOf":{"@id":"https:\/\/www.edifica.com.bo\/#website"},"datePublished":"2026-01-23T17:49:26+00:00","dateModified":"2026-01-23T17:49:37+00:00","breadcrumb":{"@id":"https:\/\/www.edifica.com.bo\/?p=1698#breadcrumb"},"inLanguage":"es","potentialAction":[{"@type":"ReadAction","target":["https:\/\/www.edifica.com.bo\/?p=1698"]}]},{"@type":"BreadcrumbList","@id":"https:\/\/www.edifica.com.bo\/?p=1698#breadcrumb","itemListElement":[{"@type":"ListItem","position":1,"name":"Portada","item":"https:\/\/www.edifica.com.bo\/"},{"@type":"ListItem","position":2,"name":"Lanzan \u201cPlanificar, construir y gobernar Santa Cruz\u201d, el foro conversatorio de los candidatos a gobernador y alcalde"}]},{"@type":"WebSite","@id":"https:\/\/www.edifica.com.bo\/#website","url":"https:\/\/www.edifica.com.bo\/","name":"Edifica Press","description":"Revista Periodistica","publisher":{"@id":"https:\/\/www.edifica.com.bo\/#organization"},"potentialAction":[{"@type":"SearchAction","target":{"@type":"EntryPoint","urlTemplate":"https:\/\/www.edifica.com.bo\/?s={search_term_string}"},"query-input":"required name=search_term_string"}],"inLanguage":"es"},{"@type":"Organization","@id":"https:\/\/www.edifica.com.bo\/#organization","name":"Edifica Press","url":"https:\/\/www.edifica.com.bo\/","logo":{"@type":"ImageObject","inLanguage":"es","@id":"https:\/\/www.edifica.com.bo\/#\/schema\/logo\/image\/","url":"https:\/\/www.edifica.com.bo\/wp-content\/uploads\/2022\/04\/LOGO-EDIFICAPRESS2022.jpg","contentUrl":"https:\/\/www.edifica.com.bo\/wp-content\/uploads\/2022\/04\/LOGO-EDIFICAPRESS2022.jpg","width":1200,"height":200,"caption":"Edifica Press"},"image":{"@id":"https:\/\/www.edifica.com.bo\/#\/schema\/logo\/image\/"},"sameAs":["https:\/\/www.facebook.com\/NegociosPressBolivia"]},{"@type":"Person","@id":"https:\/\/www.edifica.com.bo\/#\/schema\/person\/115d63d49a533166b9aed20f704f4c6c","name":"Yandira Toledo","image":{"@type":"ImageObject","inLanguage":"es","@id":"https:\/\/www.edifica.com.bo\/#\/schema\/person\/image\/","url":"https:\/\/secure.gravatar.com\/avatar\/ea966cd6bbbe46cf393468ac8bc1bdcc?s=96&d=mm&r=g","contentUrl":"https:\/\/secure.gravatar.com\/avatar\/ea966cd6bbbe46cf393468ac8bc1bdcc?s=96&d=mm&r=g","caption":"Yandira Toledo"},"sameAs":["http:\/\/www.edifica.com.bo"],"url":"https:\/\/www.edifica.com.bo\/?author=3"}]}},"_links":{"self":[{"href":"https:\/\/www.edifica.com.bo\/index.php?rest_route=\/wp\/v2\/posts\/1698"}],"collection":[{"href":"https:\/\/www.edifica.com.bo\/index.php?rest_route=\/wp\/v2\/posts"}],"about":[{"href":"https:\/\/www.edifica.com.bo\/index.php?rest_route=\/wp\/v2\/types\/post"}],"author":[{"embeddable":true,"href":"https:\/\/www.edifica.com.bo\/index.php?rest_route=\/wp\/v2\/users\/3"}],"replies":[{"embeddable":true,"href":"https:\/\/www.edifica.com.bo\/index.php?rest_route=%2Fwp%2Fv2%2Fcomments&post=1698"}],"version-history":[{"count":1,"href":"https:\/\/www.edifica.com.bo\/index.php?rest_route=\/wp\/v2\/posts\/1698\/revisions"}],"predecessor-version":[{"id":1701,"href":"https:\/\/www.edifica.com.bo\/index.php?rest_route=\/wp\/v2\/posts\/1698\/revisions\/1701"}],"wp:featuredmedia":[{"embeddable":true,"href":"https:\/\/www.edifica.com.bo\/index.php?rest_route=\/wp\/v2\/media\/1699"}],"wp:attachment":[{"href":"https:\/\/www.edifica.com.bo\/index.php?rest_route=%2Fwp%2Fv2%2Fmedia&parent=1698"}],"wp:term":[{"taxonomy":"category","embeddable":true,"href":"https:\/\/www.edifica.com.bo\/index.php?rest_route=%2Fwp%2Fv2%2Fcategories&post=1698"},{"taxonomy":"post_tag","embeddable":true,"href":"https:\/\/www.edifica.com.bo\/index.php?rest_route=%2Fwp%2Fv2%2Ftags&post=1698"}],"curies":[{"name":"wp","href":"https:\/\/api.w.org\/{rel}","templated":true}]}}