{"id":1706,"date":"2026-02-10T21:00:38","date_gmt":"2026-02-10T21:00:38","guid":{"rendered":"https:\/\/www.edifica.com.bo\/?p=1706"},"modified":"2026-02-10T21:00:42","modified_gmt":"2026-02-10T21:00:42","slug":"domesticidad-en-guerra","status":"publish","type":"post","link":"https:\/\/www.edifica.com.bo\/?p=1706","title":{"rendered":"\u201cDomesticidad en guerra\u201d"},"content":{"rendered":"\n<h2 class=\"wp-block-heading\"><em>Durante un camping familiar en la costa, Carlos vive rumores de bombardeos y p\u00e1nico colectivo; huye con su hijo hacia La Guaira, enfrentando incertidumbre, miedo y una inquietante normalizaci\u00f3n de la guerra.<\/em><\/h2>\n\n\n\n<p><strong>Por Facundo Baudoin, Arquitecto, CEO de la consultora Baudoin Arquitectos C.A<\/strong><\/p>\n\n\n\n<figure class=\"wp-block-image size-large is-resized\"><img loading=\"lazy\" decoding=\"async\" width=\"1024\" height=\"800\" src=\"https:\/\/www.edifica.com.bo\/wp-content\/uploads\/2026\/02\/facundo-web-1024x800.jpg\" alt=\"\" class=\"wp-image-1708\" style=\"width:315px;height:auto\" srcset=\"https:\/\/www.edifica.com.bo\/wp-content\/uploads\/2026\/02\/facundo-web-1024x800.jpg 1024w, https:\/\/www.edifica.com.bo\/wp-content\/uploads\/2026\/02\/facundo-web-300x234.jpg 300w, https:\/\/www.edifica.com.bo\/wp-content\/uploads\/2026\/02\/facundo-web-768x600.jpg 768w, https:\/\/www.edifica.com.bo\/wp-content\/uploads\/2026\/02\/facundo-web-360x281.jpg 360w, https:\/\/www.edifica.com.bo\/wp-content\/uploads\/2026\/02\/facundo-web-1536x1200.jpg 1536w, https:\/\/www.edifica.com.bo\/wp-content\/uploads\/2026\/02\/facundo-web.jpg 1992w\" sizes=\"(max-width: 1024px) 100vw, 1024px\" \/><\/figure>\n\n\n\n<p>Carlos es un habitante de La Guaira. Padre soltero, decidi\u00f3 pasar unos d\u00edas en la costa despu\u00e9s de A\u00f1o Nuevo. Viaj\u00f3 con su hijo y con parejas de amigos a una playa llamada Rayito, un para\u00edso de aguas mansas y cristalinas. Llegaron el 2 de enero y acamparon, dejando un espacio central entre las cinco tiendas.<br>Alrededor, sin percatarse, hab\u00eda un grupo grande de carpas de funcionarios aparentemente policiales que, junto con sus familias, decidieron pasar las fechas en el mismo sitio. Uno de ellos ten\u00eda en su veh\u00edculo un equipo de m\u00fasica a todo volumen que empa\u00f1aba la calma de la playa. Carlos afirma haberse sentido inc\u00f3modo con el exceso; sin embargo, admite que en la playa suele ser as\u00ed y lo acepta como normal.<br>Nos relata que, a las doce de la noche, no se o\u00eda nada m\u00e1s que el sonido profundo del mar: el com\u00fan denominador descansaba. Alrededor de las 2:40 de la madrugada, comenzaron a escucharse voces de alerta. Personas hablando por tel\u00e9fono como si los asuntos privados de cada conversaci\u00f3n tuvieran la intenci\u00f3n de hacerse p\u00fablicos; como si todos hablaran de lo mismo y una crisis dom\u00e9stica se hubiera vuelto colectiva. Parec\u00eda que lo impensable hab\u00eda ocurrido: hab\u00edan bombardeado Caracas.<br>La carpa \u2014un min\u00fasculo igl\u00fa de membrana fina, creado para proteger y definir un peque\u00f1o territorio interior, privado, \u00edntimo\u2014 pon\u00eda ahora a prueba su vulnerabilidad. Eran decenas de conversaciones, ya no de hombres festejando, sino de madres dirigiendo el desmontaje del campamento mientras, simult\u00e1neamente y por tel\u00e9fono, parec\u00edan coordinar salidas, calmar familiares, averiguar. Se sent\u00eda la angustia de la incertidumbre, el rumor constante de conversaciones en voz alta.<br>Pens\u00e9 para mis adentros que hab\u00eda que esperar, tener mayor claridad. Ten\u00edamos electricidad, datos y se\u00f1al telef\u00f3nica. En Caracas, pocos lugares parec\u00edan estar incomunicados; era un buen s\u00edntoma. Por el cielo pasaron aviones; a\u00fan era de noche y varios observ\u00e1bamos lo que parec\u00edan las huellas de sus turbinas. Ya se comenzaba a tener m\u00e1s conciencia de lo sucedido.<br>Eran las 3:30 a. m. y se rumoreaba que hab\u00edan bombardeado Higuerote, La Guaira, Fuerte Tiuna, Miraflores. No era del todo claro. Rayito est\u00e1 en la costa, en sentido este-oeste, al lado de Chuspa, casi llegando a Higuerote, a unos treinta minutos. La Guaira queda en sentido contrario, a unas dos horas; de all\u00ed a Caracas, veinte kil\u00f3metros. Est\u00e1bamos rodeados. En un lugar min\u00fasculo cualquiera, a efectos de un bombardeo, \u00e9ramos despreciables.<br>Ya quedaban pocos funcionarios. Sus Toyota LC desfilaron uno tras otro desde las 3:00 a. m. La playa se hab\u00eda vaciado. La luna era redonda como un plato espejado. \u201cS\u00faper luna\u201d, dijo alguien, la primera del a\u00f1o. Camin\u00e9 por la playa y me detuve un rato solo a mirarla. \u00bfY ahora qu\u00e9? Si hab\u00edan bombardeado, deb\u00eda haber resistencia. \u00bfCu\u00e1les ser\u00edan los da\u00f1os? \u00bfCu\u00e1ndo se repetir\u00eda lo mismo? Estar en guerra era escalofriante.<br>Pens\u00e9 en mi hijo y entr\u00e9 en p\u00e1nico. Lo que me preocupaba era el ataque externo y las repercusiones que pudiera generar sobre el estado de bienestar y, m\u00ednimamente, de derecho. Me sent\u00ed desnudo.<br>Ya eran las 5:20 a. m. cuando alguien dijo que hab\u00edan capturado a Cilia y a Maduro. Era poco veros\u00edmil; lo hab\u00eda dicho Donald Trump. Si eso era cierto, hab\u00eda que prepararse. Mejor recoger todo. Nuevamente, mi mente apel\u00f3 al sentimiento de desnudez, m\u00eda y de mi hijo. Comenc\u00e9 a inquietarme. Nos ordenamos en fila india: la moto adelante y tres r\u00fasticos atr\u00e1s.<br>A las 7:00 salimos de la playa por un corto trecho empinado de suelo arcilloso y paisaje tropical que conectaba con la carretera de la costa. All\u00ed encontramos el primer grupo de autos intentando regresar a Caracas. No se sab\u00eda si hab\u00eda paso, si las calles estaban tomadas por agentes de seguridad o por otros grupos.<br>Pasando Chuspa, paramos para que los chicos desayunaran algo; no sab\u00edamos c\u00f3mo estar\u00eda todo m\u00e1s adelante. La gente andaba en la calle: algunos a\u00fan dorm\u00edan a la orilla del mar, ajenos a todo; otros corr\u00edan a avisar a los suyos para retornar o hacer alguna compra. Hab\u00eda tensi\u00f3n, y esta se contagiaba tan r\u00e1pido como crec\u00eda la fila de compras en el abasto o la farmacia. La tensi\u00f3n hac\u00eda del comer una obligaci\u00f3n. Todo se demoraba. Apenas pudimos, continuamos la ruta.<br>Eran ya las 8:00 a. m. Aunque el tr\u00e1fico parec\u00eda fluir, nos hab\u00edan alertado de intentar llegar antes de las 11:00, pues Donald Trump dar\u00eda declaraciones y no se sab\u00eda qu\u00e9 impacto podr\u00edan tener.<br>Est\u00e1bamos a dos horas de La Guaira, pero me quedaba una m\u00e1s hasta el sector de Maiquet\u00eda; hab\u00eda que apurar. R\u00e1pidamente salimos del serpenteo de la costa. La moto corri\u00f3 adelante, a fin de anticipar cualquier inconveniente.<br>Las calles estaban desiertas; las casas parec\u00edan muertas. Apuramos el paso como quien se esconde. Llegamos a la zona de La Guipuzcoana. No alcanc\u00e9 a ver bien, pero justo al lado de la barrera del puerto, un poco m\u00e1s adelante de los silos, all\u00ed dentro, hab\u00eda ca\u00eddo una bomba, a unos diez metros de la v\u00eda por la que debimos haber pasado. Los chicos comentaron el impacto como quien observa desde un safari, con recelo y cierto miedo a \u201cla bestia\u201d. La calma se volvi\u00f3 m\u00e1s tensa. El silencio y la casi total ausencia militar acrecentaban la incertidumbre.<br>Quedaba pasar el sector del aeropuerto. Tom\u00e9 la v\u00eda inferior, la m\u00e1s directa. Llegamos a casa. Sent\u00ed una profunda paz. Pod\u00eda descansar. Entr\u00e9, prend\u00ed el aire acondicionado, tom\u00e9 el control del televisor, me ech\u00e9 a ver las noticias y ca\u00ed rendido por el cansancio.<br>M\u00e1s tarde despert\u00e9 con la urgencia de actualizarme sobre lo ocurrido. Me qued\u00e9 entonces pensando en una declaraci\u00f3n del presidente de Estados Unidos, quien afirmaba haber seguido todo el operativo como si estuviera sintonizado en una serie de streaming. Faltaba decir: en un b\u00fanker, como en casa. Porque, de una u otra forma, ya nos estamos acostumbrando a una nueva domesticidad en guerra.<\/p>\n","protected":false},"excerpt":{"rendered":"<p>Durante un camping familiar en la costa, Carlos vive rumores de bombardeos y p\u00e1nico colectivo; huye con su hijo hacia La Guaira, enfrentando incertidumbre, miedo y una inquietante normalizaci\u00f3n de la guerra. Por Facundo Baudoin, Arquitecto, CEO de la consultora Baudoin Arquitectos C.A Carlos es un habitante de La Guaira. Padre soltero, decidi\u00f3 pasar unos &hellip;<\/p>\n","protected":false},"author":3,"featured_media":1707,"comment_status":"open","ping_status":"open","sticky":false,"template":"","format":"standard","meta":{"footnotes":""},"categories":[5],"tags":[],"yoast_head":"<!-- This site is optimized with the Yoast SEO plugin v21.9.1 - https:\/\/yoast.com\/wordpress\/plugins\/seo\/ -->\n<title>\u201cDomesticidad en guerra\u201d - Edifica Press<\/title>\n<meta name=\"robots\" content=\"index, follow, max-snippet:-1, max-image-preview:large, max-video-preview:-1\" \/>\n<link rel=\"canonical\" href=\"https:\/\/www.edifica.com.bo\/?p=1706\" \/>\n<meta property=\"og:locale\" content=\"es_ES\" \/>\n<meta property=\"og:type\" content=\"article\" \/>\n<meta property=\"og:title\" content=\"\u201cDomesticidad en guerra\u201d - Edifica Press\" \/>\n<meta property=\"og:description\" content=\"Durante un camping familiar en la costa, Carlos vive rumores de bombardeos y p\u00e1nico colectivo; huye con su hijo hacia La Guaira, enfrentando incertidumbre, miedo y una inquietante normalizaci\u00f3n de la guerra. Por Facundo Baudoin, Arquitecto, CEO de la consultora Baudoin Arquitectos C.A Carlos es un habitante de La Guaira. Padre soltero, decidi\u00f3 pasar unos &hellip;\" \/>\n<meta property=\"og:url\" content=\"https:\/\/www.edifica.com.bo\/?p=1706\" \/>\n<meta property=\"og:site_name\" content=\"Edifica Press\" \/>\n<meta property=\"article:publisher\" content=\"https:\/\/www.facebook.com\/NegociosPressBolivia\" \/>\n<meta property=\"article:published_time\" content=\"2026-02-10T21:00:38+00:00\" \/>\n<meta property=\"article:modified_time\" content=\"2026-02-10T21:00:42+00:00\" \/>\n<meta property=\"og:image\" content=\"https:\/\/www.edifica.com.bo\/wp-content\/uploads\/2026\/02\/camping-web.jpg\" \/>\n\t<meta property=\"og:image:width\" content=\"560\" \/>\n\t<meta property=\"og:image:height\" content=\"487\" \/>\n\t<meta property=\"og:image:type\" content=\"image\/jpeg\" \/>\n<meta name=\"author\" content=\"Yandira Toledo\" \/>\n<meta name=\"twitter:card\" content=\"summary_large_image\" \/>\n<meta name=\"twitter:label1\" content=\"Escrito por\" \/>\n\t<meta name=\"twitter:data1\" content=\"Yandira Toledo\" \/>\n\t<meta name=\"twitter:label2\" content=\"Tiempo de lectura\" \/>\n\t<meta name=\"twitter:data2\" content=\"6 minutos\" \/>\n<script type=\"application\/ld+json\" class=\"yoast-schema-graph\">{\"@context\":\"https:\/\/schema.org\",\"@graph\":[{\"@type\":\"Article\",\"@id\":\"https:\/\/www.edifica.com.bo\/?p=1706#article\",\"isPartOf\":{\"@id\":\"https:\/\/www.edifica.com.bo\/?p=1706\"},\"author\":{\"name\":\"Yandira Toledo\",\"@id\":\"https:\/\/www.edifica.com.bo\/#\/schema\/person\/115d63d49a533166b9aed20f704f4c6c\"},\"headline\":\"\u201cDomesticidad en guerra\u201d\",\"datePublished\":\"2026-02-10T21:00:38+00:00\",\"dateModified\":\"2026-02-10T21:00:42+00:00\",\"mainEntityOfPage\":{\"@id\":\"https:\/\/www.edifica.com.bo\/?p=1706\"},\"wordCount\":1126,\"commentCount\":0,\"publisher\":{\"@id\":\"https:\/\/www.edifica.com.bo\/#organization\"},\"articleSection\":[\"ARQUITECTURA\"],\"inLanguage\":\"es\",\"potentialAction\":[{\"@type\":\"CommentAction\",\"name\":\"Comment\",\"target\":[\"https:\/\/www.edifica.com.bo\/?p=1706#respond\"]}]},{\"@type\":\"WebPage\",\"@id\":\"https:\/\/www.edifica.com.bo\/?p=1706\",\"url\":\"https:\/\/www.edifica.com.bo\/?p=1706\",\"name\":\"\u201cDomesticidad en guerra\u201d - Edifica Press\",\"isPartOf\":{\"@id\":\"https:\/\/www.edifica.com.bo\/#website\"},\"datePublished\":\"2026-02-10T21:00:38+00:00\",\"dateModified\":\"2026-02-10T21:00:42+00:00\",\"breadcrumb\":{\"@id\":\"https:\/\/www.edifica.com.bo\/?p=1706#breadcrumb\"},\"inLanguage\":\"es\",\"potentialAction\":[{\"@type\":\"ReadAction\",\"target\":[\"https:\/\/www.edifica.com.bo\/?p=1706\"]}]},{\"@type\":\"BreadcrumbList\",\"@id\":\"https:\/\/www.edifica.com.bo\/?p=1706#breadcrumb\",\"itemListElement\":[{\"@type\":\"ListItem\",\"position\":1,\"name\":\"Portada\",\"item\":\"https:\/\/www.edifica.com.bo\/\"},{\"@type\":\"ListItem\",\"position\":2,\"name\":\"\u201cDomesticidad en guerra\u201d\"}]},{\"@type\":\"WebSite\",\"@id\":\"https:\/\/www.edifica.com.bo\/#website\",\"url\":\"https:\/\/www.edifica.com.bo\/\",\"name\":\"Edifica Press\",\"description\":\"Revista Periodistica\",\"publisher\":{\"@id\":\"https:\/\/www.edifica.com.bo\/#organization\"},\"potentialAction\":[{\"@type\":\"SearchAction\",\"target\":{\"@type\":\"EntryPoint\",\"urlTemplate\":\"https:\/\/www.edifica.com.bo\/?s={search_term_string}\"},\"query-input\":\"required name=search_term_string\"}],\"inLanguage\":\"es\"},{\"@type\":\"Organization\",\"@id\":\"https:\/\/www.edifica.com.bo\/#organization\",\"name\":\"Edifica Press\",\"url\":\"https:\/\/www.edifica.com.bo\/\",\"logo\":{\"@type\":\"ImageObject\",\"inLanguage\":\"es\",\"@id\":\"https:\/\/www.edifica.com.bo\/#\/schema\/logo\/image\/\",\"url\":\"https:\/\/www.edifica.com.bo\/wp-content\/uploads\/2022\/04\/LOGO-EDIFICAPRESS2022.jpg\",\"contentUrl\":\"https:\/\/www.edifica.com.bo\/wp-content\/uploads\/2022\/04\/LOGO-EDIFICAPRESS2022.jpg\",\"width\":1200,\"height\":200,\"caption\":\"Edifica Press\"},\"image\":{\"@id\":\"https:\/\/www.edifica.com.bo\/#\/schema\/logo\/image\/\"},\"sameAs\":[\"https:\/\/www.facebook.com\/NegociosPressBolivia\"]},{\"@type\":\"Person\",\"@id\":\"https:\/\/www.edifica.com.bo\/#\/schema\/person\/115d63d49a533166b9aed20f704f4c6c\",\"name\":\"Yandira Toledo\",\"image\":{\"@type\":\"ImageObject\",\"inLanguage\":\"es\",\"@id\":\"https:\/\/www.edifica.com.bo\/#\/schema\/person\/image\/\",\"url\":\"https:\/\/secure.gravatar.com\/avatar\/ea966cd6bbbe46cf393468ac8bc1bdcc?s=96&d=mm&r=g\",\"contentUrl\":\"https:\/\/secure.gravatar.com\/avatar\/ea966cd6bbbe46cf393468ac8bc1bdcc?s=96&d=mm&r=g\",\"caption\":\"Yandira Toledo\"},\"sameAs\":[\"http:\/\/www.edifica.com.bo\"],\"url\":\"https:\/\/www.edifica.com.bo\/?author=3\"}]}<\/script>\n<!-- \/ Yoast SEO plugin. -->","yoast_head_json":{"title":"\u201cDomesticidad en guerra\u201d - Edifica Press","robots":{"index":"index","follow":"follow","max-snippet":"max-snippet:-1","max-image-preview":"max-image-preview:large","max-video-preview":"max-video-preview:-1"},"canonical":"https:\/\/www.edifica.com.bo\/?p=1706","og_locale":"es_ES","og_type":"article","og_title":"\u201cDomesticidad en guerra\u201d - Edifica Press","og_description":"Durante un camping familiar en la costa, Carlos vive rumores de bombardeos y p\u00e1nico colectivo; huye con su hijo hacia La Guaira, enfrentando incertidumbre, miedo y una inquietante normalizaci\u00f3n de la guerra. Por Facundo Baudoin, Arquitecto, CEO de la consultora Baudoin Arquitectos C.A Carlos es un habitante de La Guaira. Padre soltero, decidi\u00f3 pasar unos &hellip;","og_url":"https:\/\/www.edifica.com.bo\/?p=1706","og_site_name":"Edifica Press","article_publisher":"https:\/\/www.facebook.com\/NegociosPressBolivia","article_published_time":"2026-02-10T21:00:38+00:00","article_modified_time":"2026-02-10T21:00:42+00:00","og_image":[{"width":560,"height":487,"url":"https:\/\/www.edifica.com.bo\/wp-content\/uploads\/2026\/02\/camping-web.jpg","type":"image\/jpeg"}],"author":"Yandira Toledo","twitter_card":"summary_large_image","twitter_misc":{"Escrito por":"Yandira Toledo","Tiempo de lectura":"6 minutos"},"schema":{"@context":"https:\/\/schema.org","@graph":[{"@type":"Article","@id":"https:\/\/www.edifica.com.bo\/?p=1706#article","isPartOf":{"@id":"https:\/\/www.edifica.com.bo\/?p=1706"},"author":{"name":"Yandira Toledo","@id":"https:\/\/www.edifica.com.bo\/#\/schema\/person\/115d63d49a533166b9aed20f704f4c6c"},"headline":"\u201cDomesticidad en guerra\u201d","datePublished":"2026-02-10T21:00:38+00:00","dateModified":"2026-02-10T21:00:42+00:00","mainEntityOfPage":{"@id":"https:\/\/www.edifica.com.bo\/?p=1706"},"wordCount":1126,"commentCount":0,"publisher":{"@id":"https:\/\/www.edifica.com.bo\/#organization"},"articleSection":["ARQUITECTURA"],"inLanguage":"es","potentialAction":[{"@type":"CommentAction","name":"Comment","target":["https:\/\/www.edifica.com.bo\/?p=1706#respond"]}]},{"@type":"WebPage","@id":"https:\/\/www.edifica.com.bo\/?p=1706","url":"https:\/\/www.edifica.com.bo\/?p=1706","name":"\u201cDomesticidad en guerra\u201d - Edifica Press","isPartOf":{"@id":"https:\/\/www.edifica.com.bo\/#website"},"datePublished":"2026-02-10T21:00:38+00:00","dateModified":"2026-02-10T21:00:42+00:00","breadcrumb":{"@id":"https:\/\/www.edifica.com.bo\/?p=1706#breadcrumb"},"inLanguage":"es","potentialAction":[{"@type":"ReadAction","target":["https:\/\/www.edifica.com.bo\/?p=1706"]}]},{"@type":"BreadcrumbList","@id":"https:\/\/www.edifica.com.bo\/?p=1706#breadcrumb","itemListElement":[{"@type":"ListItem","position":1,"name":"Portada","item":"https:\/\/www.edifica.com.bo\/"},{"@type":"ListItem","position":2,"name":"\u201cDomesticidad en guerra\u201d"}]},{"@type":"WebSite","@id":"https:\/\/www.edifica.com.bo\/#website","url":"https:\/\/www.edifica.com.bo\/","name":"Edifica Press","description":"Revista Periodistica","publisher":{"@id":"https:\/\/www.edifica.com.bo\/#organization"},"potentialAction":[{"@type":"SearchAction","target":{"@type":"EntryPoint","urlTemplate":"https:\/\/www.edifica.com.bo\/?s={search_term_string}"},"query-input":"required name=search_term_string"}],"inLanguage":"es"},{"@type":"Organization","@id":"https:\/\/www.edifica.com.bo\/#organization","name":"Edifica Press","url":"https:\/\/www.edifica.com.bo\/","logo":{"@type":"ImageObject","inLanguage":"es","@id":"https:\/\/www.edifica.com.bo\/#\/schema\/logo\/image\/","url":"https:\/\/www.edifica.com.bo\/wp-content\/uploads\/2022\/04\/LOGO-EDIFICAPRESS2022.jpg","contentUrl":"https:\/\/www.edifica.com.bo\/wp-content\/uploads\/2022\/04\/LOGO-EDIFICAPRESS2022.jpg","width":1200,"height":200,"caption":"Edifica Press"},"image":{"@id":"https:\/\/www.edifica.com.bo\/#\/schema\/logo\/image\/"},"sameAs":["https:\/\/www.facebook.com\/NegociosPressBolivia"]},{"@type":"Person","@id":"https:\/\/www.edifica.com.bo\/#\/schema\/person\/115d63d49a533166b9aed20f704f4c6c","name":"Yandira Toledo","image":{"@type":"ImageObject","inLanguage":"es","@id":"https:\/\/www.edifica.com.bo\/#\/schema\/person\/image\/","url":"https:\/\/secure.gravatar.com\/avatar\/ea966cd6bbbe46cf393468ac8bc1bdcc?s=96&d=mm&r=g","contentUrl":"https:\/\/secure.gravatar.com\/avatar\/ea966cd6bbbe46cf393468ac8bc1bdcc?s=96&d=mm&r=g","caption":"Yandira Toledo"},"sameAs":["http:\/\/www.edifica.com.bo"],"url":"https:\/\/www.edifica.com.bo\/?author=3"}]}},"_links":{"self":[{"href":"https:\/\/www.edifica.com.bo\/index.php?rest_route=\/wp\/v2\/posts\/1706"}],"collection":[{"href":"https:\/\/www.edifica.com.bo\/index.php?rest_route=\/wp\/v2\/posts"}],"about":[{"href":"https:\/\/www.edifica.com.bo\/index.php?rest_route=\/wp\/v2\/types\/post"}],"author":[{"embeddable":true,"href":"https:\/\/www.edifica.com.bo\/index.php?rest_route=\/wp\/v2\/users\/3"}],"replies":[{"embeddable":true,"href":"https:\/\/www.edifica.com.bo\/index.php?rest_route=%2Fwp%2Fv2%2Fcomments&post=1706"}],"version-history":[{"count":1,"href":"https:\/\/www.edifica.com.bo\/index.php?rest_route=\/wp\/v2\/posts\/1706\/revisions"}],"predecessor-version":[{"id":1709,"href":"https:\/\/www.edifica.com.bo\/index.php?rest_route=\/wp\/v2\/posts\/1706\/revisions\/1709"}],"wp:featuredmedia":[{"embeddable":true,"href":"https:\/\/www.edifica.com.bo\/index.php?rest_route=\/wp\/v2\/media\/1707"}],"wp:attachment":[{"href":"https:\/\/www.edifica.com.bo\/index.php?rest_route=%2Fwp%2Fv2%2Fmedia&parent=1706"}],"wp:term":[{"taxonomy":"category","embeddable":true,"href":"https:\/\/www.edifica.com.bo\/index.php?rest_route=%2Fwp%2Fv2%2Fcategories&post=1706"},{"taxonomy":"post_tag","embeddable":true,"href":"https:\/\/www.edifica.com.bo\/index.php?rest_route=%2Fwp%2Fv2%2Ftags&post=1706"}],"curies":[{"name":"wp","href":"https:\/\/api.w.org\/{rel}","templated":true}]}}