{"id":1710,"date":"2026-02-10T21:25:24","date_gmt":"2026-02-10T21:25:24","guid":{"rendered":"https:\/\/www.edifica.com.bo\/?p=1710"},"modified":"2026-02-10T21:25:27","modified_gmt":"2026-02-10T21:25:27","slug":"repuntan-los-proyectos-pero-faltan-obras-y-nivelar-precios","status":"publish","type":"post","link":"https:\/\/www.edifica.com.bo\/?p=1710","title":{"rendered":"Repuntan los proyectos, pero faltan obras y nivelar precios"},"content":{"rendered":"\n<h2 class=\"wp-block-heading\">El sector de la construcci\u00f3n muestra se\u00f1ales de reactivaci\u00f3n en proyectos privados, pero enfrenta crisis por falta de obra p\u00fablica y precios desactualizados.<\/h2>\n\n\n\n<p>Con La conexi\u00f3n entre naturaleza y tecnolog\u00eda se ha consolidado como una alianza imprescindible para dise\u00f1ar espacios que prioricen la humanidad, la sostenibilidad y la eficiencia. Sebasti\u00e1n Fern\u00e1ndez de C\u00f3rdova, experto en dise\u00f1o arquitect\u00f3nico, analiz\u00f3 c\u00f3mo estas tendencias est\u00e1n transformando profundamente la forma en que concebimos y habitamos los edificios.<\/p>\n\n\n\n<p>El sector de la construcci\u00f3n en Santa Cruz atraviesa un momento complejo y de emergencia, pero tambi\u00e9n alentador que se refleja con se\u00f1ales incipientes de reactivaci\u00f3n desde la inversi\u00f3n privada, pero tambi\u00e9n por una crisis profunda vinculada a la falta de obra p\u00fablica, la inestabilidad econ\u00f3mica y la ausencia de reglas claras. As\u00ed coincidieron representantes del Colegio de Arquitectos de Santa Cruz (CASCZ), la Sociedad de Ingenieros de Bolivia &#8211; SIB y la C\u00e1mara de la Construcci\u00f3n de Santa Cruz (Cadecocruz), quienes alertaron sobre la urgencia de planificaci\u00f3n, transparencia y seguridad jur\u00eddica para evitar un mayor deterioro del rubro.<\/p>\n\n\n\n<p>Desde el \u00e1mbito de la arquitectura, el presidente del CASCZ, Percy Vargas, destac\u00f3 que tras un fuerte baj\u00f3n en la presentaci\u00f3n de proyectos durante la gesti\u00f3n 2025 \u2014especialmente a mitad de a\u00f1o\u2014, hacia el \u00faltimo trimestre se evidenci\u00f3 un repunte alentador. \u201cEntre noviembre, diciembre y lo que va de enero se han presentado varios proyectos, todos de inversi\u00f3n privada, mixta y de vivienda, adem\u00e1s de comercio, oficinas y otros servicios. Son grandes inversiones que reflejan que la gente vuelve a creer y a prepararse para mejores d\u00edas\u201d, se\u00f1al\u00f3.<\/p>\n\n\n\n<p>Vargas explic\u00f3 que la inversi\u00f3n inmobiliaria requiere al menos un a\u00f1o de preparaci\u00f3n, por lo que este aumento en el ingreso de proyectos responde a una expectativa de mejora econ\u00f3mica. En ese marco, remarc\u00f3 la necesidad de una planificaci\u00f3n integral que articule a los actores y autoridades, y que permita que las obras respondan a las verdaderas necesidades de la poblaci\u00f3n. \u201cLos recursos p\u00fablicos son limitados y deben rendir m\u00e1s. Las inversiones deben beneficiar a la mayor cantidad de cruce\u00f1os y no solo a sectores espec\u00edficos\u201d, enfatiz\u00f3.<\/p>\n\n\n\n<p>Asimismo, el representante de los arquitectos fue cr\u00edtico con la gesti\u00f3n p\u00fablica, se\u00f1alando que la crisis actual tambi\u00e9n tiene ra\u00edces \u00e9ticas e institucionales. \u201cHemos tocado fondo. Hay denuncias constantes por mala gesti\u00f3n y malversaci\u00f3n. Gobernar implica revalorizar la honestidad, los valores y la planificaci\u00f3n, porque sin eso no hay desarrollo sostenible\u201d, afirm\u00f3.<\/p>\n\n\n\n<p><strong>Cadecocruz se declara en emergencia y exige reglas claras<\/strong><\/p>\n\n\n\n<p>Desde la SIB y Cadecocruz, el diagn\u00f3stico es a\u00fan m\u00e1s severo. El presidente del Colegio de Ingenieros Civiles y director de Cadecocruz, Esteban Aponte, afirm\u00f3 que el pa\u00eds enfrenta una crisis econ\u00f3mica, energ\u00e9tica y ambiental que golpea directamente al sector. \u201cTenemos obras impagas, paralizadas, escasez de nuevos proyectos y una fuerte ca\u00edda de la inversi\u00f3n p\u00fablica. Esto se traduce en profesionales desempleados, empresas sin trabajo y contratos mal pagados\u201d, advirti\u00f3.<\/p>\n\n\n\n<p>Ante este escenario, Cadecocruz se declar\u00f3 en emergencia y demand\u00f3 la nivelaci\u00f3n y actualizaci\u00f3n de precios en los contratos de obra, considerando la variaci\u00f3n del tipo de cambio y el incremento de los combustibles. Aponte explic\u00f3 que el sector trabaja con el Gobierno para incorporar cl\u00e1usulas de ajuste de precios mediante f\u00f3rmulas polin\u00f3micas que reflejen el costo real de los materiales.<\/p>\n\n\n\n<p>Adem\u00e1s, remarc\u00f3 la urgencia de fortalecer la seguridad jur\u00eddica. \u201cLos contratos actuales no contemplan cl\u00e1usulas de conciliaci\u00f3n y arbitraje, lo que desalienta la inversi\u00f3n. Necesitamos una nueva ley de contrataciones, porque la vigente est\u00e1 obsoleta y no responde a la realidad econ\u00f3mica actual\u201d, sostuvo.<br>A esto sum\u00f3 la demanda de una ley de concesiones y reglas claras para impulsar asociaciones p\u00fablico-privadas, ante la limitada capacidad del Estado para financiar obras.<\/p>\n\n\n\n<p>\u201cLo que queremos como rubro es planificaci\u00f3n clara, institucionalidad y transparencia. No queremos m\u00e1s discursos pol\u00edticos, sino una gesti\u00f3n seria, que combata la corrupci\u00f3n y genere confianza para atraer inversi\u00f3n, incluso capitales del exterior\u201d, concluy\u00f3 Aponte, se\u00f1alando que el debate sobre el modelo de gobernanza y el federalismo tambi\u00e9n debe formar parte de la agenda.<\/p>\n\n\n\n<p><strong>Foro \u201cPlanificar, construir y gobernar Santa Cruz\u201d<\/strong><\/p>\n\n\n\n<p>En este contexto, el Colegio de Arquitectos de Santa Cruz, la Sociedad de Ingenieros de Bolivia \u2013 Departamental Santa Cruz, Cadecocruz y el Comit\u00e9 Consultivo T\u00e9cnico Departamental impulsaron el Foro Conversatorio \u201cPlanificar, construir y gobernar Santa Cruz\u201d, que se desarroll\u00f3 el 28 y 29 de enero, un encuentro que reuni\u00f3 a los principales candidatos a la Gobernaci\u00f3n y a la Alcald\u00eda de Santa Cruz de la Sierra, con el objetivo de conocer y analizar sus propuestas en materia urbana, territorial, ambiental, de movilidad y desarrollo productivo.<\/p>\n\n\n\n<p>El foro busc\u00f3 incorporar la voz t\u00e9cnica de los gremios profesionales al debate pol\u00edtico, reforzando la institucionalidad y promoviendo compromisos concretos para el futuro del departamento.<br>La primera jornada estuvo dedicada a la gobernanza metropolitana y la articulaci\u00f3n territorial, mientras que la segunda abord\u00f3 la visi\u00f3n de Santa Cruz 2050, con exposiciones magistrales de especialistas, participaci\u00f3n ciudadana y la firma de manifiestos de compromiso por parte de los candidatos.<\/p>\n","protected":false},"excerpt":{"rendered":"<p>El sector de la construcci\u00f3n muestra se\u00f1ales de reactivaci\u00f3n en proyectos privados, pero enfrenta crisis por falta de obra p\u00fablica y precios desactualizados. Con La conexi\u00f3n entre naturaleza y tecnolog\u00eda se ha consolidado como una alianza imprescindible para dise\u00f1ar espacios que prioricen la humanidad, la sostenibilidad y la eficiencia. Sebasti\u00e1n Fern\u00e1ndez de C\u00f3rdova, experto en &hellip;<\/p>\n","protected":false},"author":3,"featured_media":1712,"comment_status":"open","ping_status":"open","sticky":false,"template":"","format":"standard","meta":{"footnotes":""},"categories":[3],"tags":[],"yoast_head":"<!-- This site is optimized with the Yoast SEO plugin v21.9.1 - https:\/\/yoast.com\/wordpress\/plugins\/seo\/ -->\n<title>Repuntan los proyectos, pero faltan obras y nivelar precios - Edifica Press<\/title>\n<meta name=\"robots\" content=\"index, follow, max-snippet:-1, max-image-preview:large, max-video-preview:-1\" \/>\n<link rel=\"canonical\" href=\"https:\/\/www.edifica.com.bo\/?p=1710\" \/>\n<meta property=\"og:locale\" content=\"es_ES\" \/>\n<meta property=\"og:type\" content=\"article\" \/>\n<meta property=\"og:title\" content=\"Repuntan los proyectos, pero faltan obras y nivelar precios - Edifica Press\" \/>\n<meta property=\"og:description\" content=\"El sector de la construcci\u00f3n muestra se\u00f1ales de reactivaci\u00f3n en proyectos privados, pero enfrenta crisis por falta de obra p\u00fablica y precios desactualizados. Con La conexi\u00f3n entre naturaleza y tecnolog\u00eda se ha consolidado como una alianza imprescindible para dise\u00f1ar espacios que prioricen la humanidad, la sostenibilidad y la eficiencia. Sebasti\u00e1n Fern\u00e1ndez de C\u00f3rdova, experto en &hellip;\" \/>\n<meta property=\"og:url\" content=\"https:\/\/www.edifica.com.bo\/?p=1710\" \/>\n<meta property=\"og:site_name\" content=\"Edifica Press\" \/>\n<meta property=\"article:publisher\" content=\"https:\/\/www.facebook.com\/NegociosPressBolivia\" \/>\n<meta property=\"article:published_time\" content=\"2026-02-10T21:25:24+00:00\" \/>\n<meta property=\"article:modified_time\" content=\"2026-02-10T21:25:27+00:00\" \/>\n<meta property=\"og:image\" content=\"https:\/\/www.edifica.com.bo\/wp-content\/uploads\/2026\/02\/cadecocruz-news-3701017828X.jpg\" \/>\n\t<meta property=\"og:image:width\" content=\"1000\" \/>\n\t<meta property=\"og:image:height\" content=\"750\" \/>\n\t<meta property=\"og:image:type\" content=\"image\/jpeg\" \/>\n<meta name=\"author\" content=\"Yandira Toledo\" \/>\n<meta name=\"twitter:card\" content=\"summary_large_image\" \/>\n<meta name=\"twitter:label1\" content=\"Escrito por\" \/>\n\t<meta name=\"twitter:data1\" content=\"Yandira Toledo\" \/>\n\t<meta name=\"twitter:label2\" content=\"Tiempo de lectura\" \/>\n\t<meta name=\"twitter:data2\" content=\"4 minutos\" \/>\n<script type=\"application\/ld+json\" class=\"yoast-schema-graph\">{\"@context\":\"https:\/\/schema.org\",\"@graph\":[{\"@type\":\"Article\",\"@id\":\"https:\/\/www.edifica.com.bo\/?p=1710#article\",\"isPartOf\":{\"@id\":\"https:\/\/www.edifica.com.bo\/?p=1710\"},\"author\":{\"name\":\"Yandira Toledo\",\"@id\":\"https:\/\/www.edifica.com.bo\/#\/schema\/person\/115d63d49a533166b9aed20f704f4c6c\"},\"headline\":\"Repuntan los proyectos, pero faltan obras y nivelar precios\",\"datePublished\":\"2026-02-10T21:25:24+00:00\",\"dateModified\":\"2026-02-10T21:25:27+00:00\",\"mainEntityOfPage\":{\"@id\":\"https:\/\/www.edifica.com.bo\/?p=1710\"},\"wordCount\":921,\"commentCount\":0,\"publisher\":{\"@id\":\"https:\/\/www.edifica.com.bo\/#organization\"},\"articleSection\":[\"CONSTRUCCI\u00d3N\"],\"inLanguage\":\"es\",\"potentialAction\":[{\"@type\":\"CommentAction\",\"name\":\"Comment\",\"target\":[\"https:\/\/www.edifica.com.bo\/?p=1710#respond\"]}]},{\"@type\":\"WebPage\",\"@id\":\"https:\/\/www.edifica.com.bo\/?p=1710\",\"url\":\"https:\/\/www.edifica.com.bo\/?p=1710\",\"name\":\"Repuntan los proyectos, pero faltan obras y nivelar precios - Edifica Press\",\"isPartOf\":{\"@id\":\"https:\/\/www.edifica.com.bo\/#website\"},\"datePublished\":\"2026-02-10T21:25:24+00:00\",\"dateModified\":\"2026-02-10T21:25:27+00:00\",\"breadcrumb\":{\"@id\":\"https:\/\/www.edifica.com.bo\/?p=1710#breadcrumb\"},\"inLanguage\":\"es\",\"potentialAction\":[{\"@type\":\"ReadAction\",\"target\":[\"https:\/\/www.edifica.com.bo\/?p=1710\"]}]},{\"@type\":\"BreadcrumbList\",\"@id\":\"https:\/\/www.edifica.com.bo\/?p=1710#breadcrumb\",\"itemListElement\":[{\"@type\":\"ListItem\",\"position\":1,\"name\":\"Portada\",\"item\":\"https:\/\/www.edifica.com.bo\/\"},{\"@type\":\"ListItem\",\"position\":2,\"name\":\"Repuntan los proyectos, pero faltan obras y nivelar precios\"}]},{\"@type\":\"WebSite\",\"@id\":\"https:\/\/www.edifica.com.bo\/#website\",\"url\":\"https:\/\/www.edifica.com.bo\/\",\"name\":\"Edifica Press\",\"description\":\"Revista Periodistica\",\"publisher\":{\"@id\":\"https:\/\/www.edifica.com.bo\/#organization\"},\"potentialAction\":[{\"@type\":\"SearchAction\",\"target\":{\"@type\":\"EntryPoint\",\"urlTemplate\":\"https:\/\/www.edifica.com.bo\/?s={search_term_string}\"},\"query-input\":\"required name=search_term_string\"}],\"inLanguage\":\"es\"},{\"@type\":\"Organization\",\"@id\":\"https:\/\/www.edifica.com.bo\/#organization\",\"name\":\"Edifica Press\",\"url\":\"https:\/\/www.edifica.com.bo\/\",\"logo\":{\"@type\":\"ImageObject\",\"inLanguage\":\"es\",\"@id\":\"https:\/\/www.edifica.com.bo\/#\/schema\/logo\/image\/\",\"url\":\"https:\/\/www.edifica.com.bo\/wp-content\/uploads\/2022\/04\/LOGO-EDIFICAPRESS2022.jpg\",\"contentUrl\":\"https:\/\/www.edifica.com.bo\/wp-content\/uploads\/2022\/04\/LOGO-EDIFICAPRESS2022.jpg\",\"width\":1200,\"height\":200,\"caption\":\"Edifica Press\"},\"image\":{\"@id\":\"https:\/\/www.edifica.com.bo\/#\/schema\/logo\/image\/\"},\"sameAs\":[\"https:\/\/www.facebook.com\/NegociosPressBolivia\"]},{\"@type\":\"Person\",\"@id\":\"https:\/\/www.edifica.com.bo\/#\/schema\/person\/115d63d49a533166b9aed20f704f4c6c\",\"name\":\"Yandira Toledo\",\"image\":{\"@type\":\"ImageObject\",\"inLanguage\":\"es\",\"@id\":\"https:\/\/www.edifica.com.bo\/#\/schema\/person\/image\/\",\"url\":\"https:\/\/secure.gravatar.com\/avatar\/ea966cd6bbbe46cf393468ac8bc1bdcc?s=96&d=mm&r=g\",\"contentUrl\":\"https:\/\/secure.gravatar.com\/avatar\/ea966cd6bbbe46cf393468ac8bc1bdcc?s=96&d=mm&r=g\",\"caption\":\"Yandira Toledo\"},\"sameAs\":[\"http:\/\/www.edifica.com.bo\"],\"url\":\"https:\/\/www.edifica.com.bo\/?author=3\"}]}<\/script>\n<!-- \/ Yoast SEO plugin. -->","yoast_head_json":{"title":"Repuntan los proyectos, pero faltan obras y nivelar precios - Edifica Press","robots":{"index":"index","follow":"follow","max-snippet":"max-snippet:-1","max-image-preview":"max-image-preview:large","max-video-preview":"max-video-preview:-1"},"canonical":"https:\/\/www.edifica.com.bo\/?p=1710","og_locale":"es_ES","og_type":"article","og_title":"Repuntan los proyectos, pero faltan obras y nivelar precios - Edifica Press","og_description":"El sector de la construcci\u00f3n muestra se\u00f1ales de reactivaci\u00f3n en proyectos privados, pero enfrenta crisis por falta de obra p\u00fablica y precios desactualizados. Con La conexi\u00f3n entre naturaleza y tecnolog\u00eda se ha consolidado como una alianza imprescindible para dise\u00f1ar espacios que prioricen la humanidad, la sostenibilidad y la eficiencia. Sebasti\u00e1n Fern\u00e1ndez de C\u00f3rdova, experto en &hellip;","og_url":"https:\/\/www.edifica.com.bo\/?p=1710","og_site_name":"Edifica Press","article_publisher":"https:\/\/www.facebook.com\/NegociosPressBolivia","article_published_time":"2026-02-10T21:25:24+00:00","article_modified_time":"2026-02-10T21:25:27+00:00","og_image":[{"width":1000,"height":750,"url":"https:\/\/www.edifica.com.bo\/wp-content\/uploads\/2026\/02\/cadecocruz-news-3701017828X.jpg","type":"image\/jpeg"}],"author":"Yandira Toledo","twitter_card":"summary_large_image","twitter_misc":{"Escrito por":"Yandira Toledo","Tiempo de lectura":"4 minutos"},"schema":{"@context":"https:\/\/schema.org","@graph":[{"@type":"Article","@id":"https:\/\/www.edifica.com.bo\/?p=1710#article","isPartOf":{"@id":"https:\/\/www.edifica.com.bo\/?p=1710"},"author":{"name":"Yandira Toledo","@id":"https:\/\/www.edifica.com.bo\/#\/schema\/person\/115d63d49a533166b9aed20f704f4c6c"},"headline":"Repuntan los proyectos, pero faltan obras y nivelar precios","datePublished":"2026-02-10T21:25:24+00:00","dateModified":"2026-02-10T21:25:27+00:00","mainEntityOfPage":{"@id":"https:\/\/www.edifica.com.bo\/?p=1710"},"wordCount":921,"commentCount":0,"publisher":{"@id":"https:\/\/www.edifica.com.bo\/#organization"},"articleSection":["CONSTRUCCI\u00d3N"],"inLanguage":"es","potentialAction":[{"@type":"CommentAction","name":"Comment","target":["https:\/\/www.edifica.com.bo\/?p=1710#respond"]}]},{"@type":"WebPage","@id":"https:\/\/www.edifica.com.bo\/?p=1710","url":"https:\/\/www.edifica.com.bo\/?p=1710","name":"Repuntan los proyectos, pero faltan obras y nivelar precios - Edifica Press","isPartOf":{"@id":"https:\/\/www.edifica.com.bo\/#website"},"datePublished":"2026-02-10T21:25:24+00:00","dateModified":"2026-02-10T21:25:27+00:00","breadcrumb":{"@id":"https:\/\/www.edifica.com.bo\/?p=1710#breadcrumb"},"inLanguage":"es","potentialAction":[{"@type":"ReadAction","target":["https:\/\/www.edifica.com.bo\/?p=1710"]}]},{"@type":"BreadcrumbList","@id":"https:\/\/www.edifica.com.bo\/?p=1710#breadcrumb","itemListElement":[{"@type":"ListItem","position":1,"name":"Portada","item":"https:\/\/www.edifica.com.bo\/"},{"@type":"ListItem","position":2,"name":"Repuntan los proyectos, pero faltan obras y nivelar precios"}]},{"@type":"WebSite","@id":"https:\/\/www.edifica.com.bo\/#website","url":"https:\/\/www.edifica.com.bo\/","name":"Edifica Press","description":"Revista Periodistica","publisher":{"@id":"https:\/\/www.edifica.com.bo\/#organization"},"potentialAction":[{"@type":"SearchAction","target":{"@type":"EntryPoint","urlTemplate":"https:\/\/www.edifica.com.bo\/?s={search_term_string}"},"query-input":"required name=search_term_string"}],"inLanguage":"es"},{"@type":"Organization","@id":"https:\/\/www.edifica.com.bo\/#organization","name":"Edifica Press","url":"https:\/\/www.edifica.com.bo\/","logo":{"@type":"ImageObject","inLanguage":"es","@id":"https:\/\/www.edifica.com.bo\/#\/schema\/logo\/image\/","url":"https:\/\/www.edifica.com.bo\/wp-content\/uploads\/2022\/04\/LOGO-EDIFICAPRESS2022.jpg","contentUrl":"https:\/\/www.edifica.com.bo\/wp-content\/uploads\/2022\/04\/LOGO-EDIFICAPRESS2022.jpg","width":1200,"height":200,"caption":"Edifica Press"},"image":{"@id":"https:\/\/www.edifica.com.bo\/#\/schema\/logo\/image\/"},"sameAs":["https:\/\/www.facebook.com\/NegociosPressBolivia"]},{"@type":"Person","@id":"https:\/\/www.edifica.com.bo\/#\/schema\/person\/115d63d49a533166b9aed20f704f4c6c","name":"Yandira Toledo","image":{"@type":"ImageObject","inLanguage":"es","@id":"https:\/\/www.edifica.com.bo\/#\/schema\/person\/image\/","url":"https:\/\/secure.gravatar.com\/avatar\/ea966cd6bbbe46cf393468ac8bc1bdcc?s=96&d=mm&r=g","contentUrl":"https:\/\/secure.gravatar.com\/avatar\/ea966cd6bbbe46cf393468ac8bc1bdcc?s=96&d=mm&r=g","caption":"Yandira Toledo"},"sameAs":["http:\/\/www.edifica.com.bo"],"url":"https:\/\/www.edifica.com.bo\/?author=3"}]}},"_links":{"self":[{"href":"https:\/\/www.edifica.com.bo\/index.php?rest_route=\/wp\/v2\/posts\/1710"}],"collection":[{"href":"https:\/\/www.edifica.com.bo\/index.php?rest_route=\/wp\/v2\/posts"}],"about":[{"href":"https:\/\/www.edifica.com.bo\/index.php?rest_route=\/wp\/v2\/types\/post"}],"author":[{"embeddable":true,"href":"https:\/\/www.edifica.com.bo\/index.php?rest_route=\/wp\/v2\/users\/3"}],"replies":[{"embeddable":true,"href":"https:\/\/www.edifica.com.bo\/index.php?rest_route=%2Fwp%2Fv2%2Fcomments&post=1710"}],"version-history":[{"count":1,"href":"https:\/\/www.edifica.com.bo\/index.php?rest_route=\/wp\/v2\/posts\/1710\/revisions"}],"predecessor-version":[{"id":1713,"href":"https:\/\/www.edifica.com.bo\/index.php?rest_route=\/wp\/v2\/posts\/1710\/revisions\/1713"}],"wp:featuredmedia":[{"embeddable":true,"href":"https:\/\/www.edifica.com.bo\/index.php?rest_route=\/wp\/v2\/media\/1712"}],"wp:attachment":[{"href":"https:\/\/www.edifica.com.bo\/index.php?rest_route=%2Fwp%2Fv2%2Fmedia&parent=1710"}],"wp:term":[{"taxonomy":"category","embeddable":true,"href":"https:\/\/www.edifica.com.bo\/index.php?rest_route=%2Fwp%2Fv2%2Fcategories&post=1710"},{"taxonomy":"post_tag","embeddable":true,"href":"https:\/\/www.edifica.com.bo\/index.php?rest_route=%2Fwp%2Fv2%2Ftags&post=1710"}],"curies":[{"name":"wp","href":"https:\/\/api.w.org\/{rel}","templated":true}]}}