{"id":1714,"date":"2026-02-13T21:08:15","date_gmt":"2026-02-13T21:08:15","guid":{"rendered":"https:\/\/www.edifica.com.bo\/?p=1714"},"modified":"2026-02-13T21:08:55","modified_gmt":"2026-02-13T21:08:55","slug":"yacuses-nueve-anos-fortaleciendo-la-produccion-de-cemento-en-bolivia","status":"publish","type":"post","link":"https:\/\/www.edifica.com.bo\/?p=1714","title":{"rendered":"Yacuses celebra nueve a\u00f1os fortaleciendo la producci\u00f3n de cemento en Bolivia"},"content":{"rendered":"\n<h2 class=\"wp-block-heading\">Con tecnolog\u00eda de punta, Yacuses se consolid\u00f3 como una pieza clave para el crecimiento de la infraestructura nacional.<\/h2>\n\n\n\n<p>La Planta Yacuses de Itacamba cumple nueve a\u00f1os de operaci\u00f3n, consolid\u00e1ndose como la primera planta integral de cemento del oriente boliviano, una infraestructura que marc\u00f3 un antes y un despu\u00e9s en la industria nacional al fortalecer la capacidad productiva del pa\u00eds y contribuir a la autosuficiencia en la provisi\u00f3n de cemento.<\/p>\n\n\n\n<p>Desde su inauguraci\u00f3n, Yacuses introdujo tecnolog\u00eda de \u00faltima generaci\u00f3n y procesos industriales modernos que impulsaron la competitividad y elevaron los est\u00e1ndares del sector cementero boliviano. En esta planta se produce Cemento Camba, presente en caminos, viviendas y grandes proyectos de infraestructura que acompa\u00f1an el crecimiento del pa\u00eds y llegan hoy a todos los departamentos, e incluso a mercados internacionales.<\/p>\n\n\n\n<p>A lo largo de estos nueve a\u00f1os, la empresa mantuvo un plan sostenible orientado a la innovaci\u00f3n y sostenibilidad, incorporando nuevos productos, ampliando l\u00edneas de negocios y diversificando sus operaciones hacia otros sectores, como el agro, en l\u00ednea con su estrategia de crecimiento responsable.<\/p>\n\n\n\n<p>\u201cLa planta de Yacuses naci\u00f3 para impulsar el desarrollo del oriente boliviano. A nueve a\u00f1os de su puesta en marca, seguimos construyendo con la misma convicci\u00f3n: acompa\u00f1ar el crecimiento de Bolivia y generar valor para nuestras comunidades, colaboradores y clientes, volviendo a la industria cementera en una m\u00e1s sostenible\u201d, declar\u00f3 Marcelo Morales, Gerente General de Itacamba Cemento S.A.<\/p>\n\n\n\n<p>Con este aniversario, Itacamba reafirma su compromiso con el desarrollo industrial de Bolivia, apostando por una producci\u00f3n eficiente, innovadora y sostenible, y proyectando nuevas inversiones que permitan seguir acompa\u00f1ando el crecimiento del pa\u00eds.<\/p>\n","protected":false},"excerpt":{"rendered":"<p>Con tecnolog\u00eda de punta, Yacuses se consolid\u00f3 como una pieza clave para el crecimiento de la infraestructura nacional. La Planta Yacuses de Itacamba cumple nueve a\u00f1os de operaci\u00f3n, consolid\u00e1ndose como la primera planta integral de cemento del oriente boliviano, una infraestructura que marc\u00f3 un antes y un despu\u00e9s en la industria nacional al fortalecer la &hellip;<\/p>\n","protected":false},"author":3,"featured_media":1716,"comment_status":"open","ping_status":"open","sticky":false,"template":"","format":"standard","meta":{"footnotes":""},"categories":[8],"tags":[],"yoast_head":"<!-- This site is optimized with the Yoast SEO plugin v21.9.1 - https:\/\/yoast.com\/wordpress\/plugins\/seo\/ -->\n<title>Yacuses celebra nueve a\u00f1os fortaleciendo la producci\u00f3n de cemento en Bolivia - Edifica Press<\/title>\n<meta name=\"robots\" content=\"index, follow, max-snippet:-1, max-image-preview:large, max-video-preview:-1\" \/>\n<link rel=\"canonical\" href=\"https:\/\/www.edifica.com.bo\/?p=1714\" \/>\n<meta property=\"og:locale\" content=\"es_ES\" \/>\n<meta property=\"og:type\" content=\"article\" \/>\n<meta property=\"og:title\" content=\"Yacuses celebra nueve a\u00f1os fortaleciendo la producci\u00f3n de cemento en Bolivia - Edifica Press\" \/>\n<meta property=\"og:description\" content=\"Con tecnolog\u00eda de punta, Yacuses se consolid\u00f3 como una pieza clave para el crecimiento de la infraestructura nacional. La Planta Yacuses de Itacamba cumple nueve a\u00f1os de operaci\u00f3n, consolid\u00e1ndose como la primera planta integral de cemento del oriente boliviano, una infraestructura que marc\u00f3 un antes y un despu\u00e9s en la industria nacional al fortalecer la &hellip;\" \/>\n<meta property=\"og:url\" content=\"https:\/\/www.edifica.com.bo\/?p=1714\" \/>\n<meta property=\"og:site_name\" content=\"Edifica Press\" \/>\n<meta property=\"article:publisher\" content=\"https:\/\/www.facebook.com\/NegociosPressBolivia\" \/>\n<meta property=\"article:published_time\" content=\"2026-02-13T21:08:15+00:00\" \/>\n<meta property=\"article:modified_time\" content=\"2026-02-13T21:08:55+00:00\" \/>\n<meta property=\"og:image\" content=\"https:\/\/www.edifica.com.bo\/wp-content\/uploads\/2026\/02\/IMG_5310.JPG.jpeg\" \/>\n\t<meta property=\"og:image:width\" content=\"1024\" \/>\n\t<meta property=\"og:image:height\" content=\"576\" \/>\n\t<meta property=\"og:image:type\" content=\"image\/jpeg\" \/>\n<meta name=\"author\" content=\"Yandira Toledo\" \/>\n<meta name=\"twitter:card\" content=\"summary_large_image\" \/>\n<meta name=\"twitter:label1\" content=\"Escrito por\" \/>\n\t<meta name=\"twitter:data1\" content=\"Yandira Toledo\" \/>\n\t<meta name=\"twitter:label2\" content=\"Tiempo de lectura\" \/>\n\t<meta name=\"twitter:data2\" content=\"2 minutos\" \/>\n<script type=\"application\/ld+json\" class=\"yoast-schema-graph\">{\"@context\":\"https:\/\/schema.org\",\"@graph\":[{\"@type\":\"Article\",\"@id\":\"https:\/\/www.edifica.com.bo\/?p=1714#article\",\"isPartOf\":{\"@id\":\"https:\/\/www.edifica.com.bo\/?p=1714\"},\"author\":{\"name\":\"Yandira Toledo\",\"@id\":\"https:\/\/www.edifica.com.bo\/#\/schema\/person\/115d63d49a533166b9aed20f704f4c6c\"},\"headline\":\"Yacuses celebra nueve a\u00f1os fortaleciendo la producci\u00f3n de cemento en Bolivia\",\"datePublished\":\"2026-02-13T21:08:15+00:00\",\"dateModified\":\"2026-02-13T21:08:55+00:00\",\"mainEntityOfPage\":{\"@id\":\"https:\/\/www.edifica.com.bo\/?p=1714\"},\"wordCount\":301,\"commentCount\":0,\"publisher\":{\"@id\":\"https:\/\/www.edifica.com.bo\/#organization\"},\"articleSection\":[\"EMPRESA\"],\"inLanguage\":\"es\",\"potentialAction\":[{\"@type\":\"CommentAction\",\"name\":\"Comment\",\"target\":[\"https:\/\/www.edifica.com.bo\/?p=1714#respond\"]}]},{\"@type\":\"WebPage\",\"@id\":\"https:\/\/www.edifica.com.bo\/?p=1714\",\"url\":\"https:\/\/www.edifica.com.bo\/?p=1714\",\"name\":\"Yacuses celebra nueve a\u00f1os fortaleciendo la producci\u00f3n de cemento en Bolivia - Edifica Press\",\"isPartOf\":{\"@id\":\"https:\/\/www.edifica.com.bo\/#website\"},\"datePublished\":\"2026-02-13T21:08:15+00:00\",\"dateModified\":\"2026-02-13T21:08:55+00:00\",\"breadcrumb\":{\"@id\":\"https:\/\/www.edifica.com.bo\/?p=1714#breadcrumb\"},\"inLanguage\":\"es\",\"potentialAction\":[{\"@type\":\"ReadAction\",\"target\":[\"https:\/\/www.edifica.com.bo\/?p=1714\"]}]},{\"@type\":\"BreadcrumbList\",\"@id\":\"https:\/\/www.edifica.com.bo\/?p=1714#breadcrumb\",\"itemListElement\":[{\"@type\":\"ListItem\",\"position\":1,\"name\":\"Portada\",\"item\":\"https:\/\/www.edifica.com.bo\/\"},{\"@type\":\"ListItem\",\"position\":2,\"name\":\"Yacuses celebra nueve a\u00f1os fortaleciendo la producci\u00f3n de cemento en Bolivia\"}]},{\"@type\":\"WebSite\",\"@id\":\"https:\/\/www.edifica.com.bo\/#website\",\"url\":\"https:\/\/www.edifica.com.bo\/\",\"name\":\"Edifica Press\",\"description\":\"Revista Periodistica\",\"publisher\":{\"@id\":\"https:\/\/www.edifica.com.bo\/#organization\"},\"potentialAction\":[{\"@type\":\"SearchAction\",\"target\":{\"@type\":\"EntryPoint\",\"urlTemplate\":\"https:\/\/www.edifica.com.bo\/?s={search_term_string}\"},\"query-input\":\"required name=search_term_string\"}],\"inLanguage\":\"es\"},{\"@type\":\"Organization\",\"@id\":\"https:\/\/www.edifica.com.bo\/#organization\",\"name\":\"Edifica Press\",\"url\":\"https:\/\/www.edifica.com.bo\/\",\"logo\":{\"@type\":\"ImageObject\",\"inLanguage\":\"es\",\"@id\":\"https:\/\/www.edifica.com.bo\/#\/schema\/logo\/image\/\",\"url\":\"https:\/\/www.edifica.com.bo\/wp-content\/uploads\/2022\/04\/LOGO-EDIFICAPRESS2022.jpg\",\"contentUrl\":\"https:\/\/www.edifica.com.bo\/wp-content\/uploads\/2022\/04\/LOGO-EDIFICAPRESS2022.jpg\",\"width\":1200,\"height\":200,\"caption\":\"Edifica Press\"},\"image\":{\"@id\":\"https:\/\/www.edifica.com.bo\/#\/schema\/logo\/image\/\"},\"sameAs\":[\"https:\/\/www.facebook.com\/NegociosPressBolivia\"]},{\"@type\":\"Person\",\"@id\":\"https:\/\/www.edifica.com.bo\/#\/schema\/person\/115d63d49a533166b9aed20f704f4c6c\",\"name\":\"Yandira Toledo\",\"image\":{\"@type\":\"ImageObject\",\"inLanguage\":\"es\",\"@id\":\"https:\/\/www.edifica.com.bo\/#\/schema\/person\/image\/\",\"url\":\"https:\/\/secure.gravatar.com\/avatar\/ea966cd6bbbe46cf393468ac8bc1bdcc?s=96&d=mm&r=g\",\"contentUrl\":\"https:\/\/secure.gravatar.com\/avatar\/ea966cd6bbbe46cf393468ac8bc1bdcc?s=96&d=mm&r=g\",\"caption\":\"Yandira Toledo\"},\"sameAs\":[\"http:\/\/www.edifica.com.bo\"],\"url\":\"https:\/\/www.edifica.com.bo\/?author=3\"}]}<\/script>\n<!-- \/ Yoast SEO plugin. -->","yoast_head_json":{"title":"Yacuses celebra nueve a\u00f1os fortaleciendo la producci\u00f3n de cemento en Bolivia - Edifica Press","robots":{"index":"index","follow":"follow","max-snippet":"max-snippet:-1","max-image-preview":"max-image-preview:large","max-video-preview":"max-video-preview:-1"},"canonical":"https:\/\/www.edifica.com.bo\/?p=1714","og_locale":"es_ES","og_type":"article","og_title":"Yacuses celebra nueve a\u00f1os fortaleciendo la producci\u00f3n de cemento en Bolivia - Edifica Press","og_description":"Con tecnolog\u00eda de punta, Yacuses se consolid\u00f3 como una pieza clave para el crecimiento de la infraestructura nacional. La Planta Yacuses de Itacamba cumple nueve a\u00f1os de operaci\u00f3n, consolid\u00e1ndose como la primera planta integral de cemento del oriente boliviano, una infraestructura que marc\u00f3 un antes y un despu\u00e9s en la industria nacional al fortalecer la &hellip;","og_url":"https:\/\/www.edifica.com.bo\/?p=1714","og_site_name":"Edifica Press","article_publisher":"https:\/\/www.facebook.com\/NegociosPressBolivia","article_published_time":"2026-02-13T21:08:15+00:00","article_modified_time":"2026-02-13T21:08:55+00:00","og_image":[{"width":1024,"height":576,"url":"https:\/\/www.edifica.com.bo\/wp-content\/uploads\/2026\/02\/IMG_5310.JPG.jpeg","type":"image\/jpeg"}],"author":"Yandira Toledo","twitter_card":"summary_large_image","twitter_misc":{"Escrito por":"Yandira Toledo","Tiempo de lectura":"2 minutos"},"schema":{"@context":"https:\/\/schema.org","@graph":[{"@type":"Article","@id":"https:\/\/www.edifica.com.bo\/?p=1714#article","isPartOf":{"@id":"https:\/\/www.edifica.com.bo\/?p=1714"},"author":{"name":"Yandira Toledo","@id":"https:\/\/www.edifica.com.bo\/#\/schema\/person\/115d63d49a533166b9aed20f704f4c6c"},"headline":"Yacuses celebra nueve a\u00f1os fortaleciendo la producci\u00f3n de cemento en Bolivia","datePublished":"2026-02-13T21:08:15+00:00","dateModified":"2026-02-13T21:08:55+00:00","mainEntityOfPage":{"@id":"https:\/\/www.edifica.com.bo\/?p=1714"},"wordCount":301,"commentCount":0,"publisher":{"@id":"https:\/\/www.edifica.com.bo\/#organization"},"articleSection":["EMPRESA"],"inLanguage":"es","potentialAction":[{"@type":"CommentAction","name":"Comment","target":["https:\/\/www.edifica.com.bo\/?p=1714#respond"]}]},{"@type":"WebPage","@id":"https:\/\/www.edifica.com.bo\/?p=1714","url":"https:\/\/www.edifica.com.bo\/?p=1714","name":"Yacuses celebra nueve a\u00f1os fortaleciendo la producci\u00f3n de cemento en Bolivia - Edifica Press","isPartOf":{"@id":"https:\/\/www.edifica.com.bo\/#website"},"datePublished":"2026-02-13T21:08:15+00:00","dateModified":"2026-02-13T21:08:55+00:00","breadcrumb":{"@id":"https:\/\/www.edifica.com.bo\/?p=1714#breadcrumb"},"inLanguage":"es","potentialAction":[{"@type":"ReadAction","target":["https:\/\/www.edifica.com.bo\/?p=1714"]}]},{"@type":"BreadcrumbList","@id":"https:\/\/www.edifica.com.bo\/?p=1714#breadcrumb","itemListElement":[{"@type":"ListItem","position":1,"name":"Portada","item":"https:\/\/www.edifica.com.bo\/"},{"@type":"ListItem","position":2,"name":"Yacuses celebra nueve a\u00f1os fortaleciendo la producci\u00f3n de cemento en Bolivia"}]},{"@type":"WebSite","@id":"https:\/\/www.edifica.com.bo\/#website","url":"https:\/\/www.edifica.com.bo\/","name":"Edifica Press","description":"Revista Periodistica","publisher":{"@id":"https:\/\/www.edifica.com.bo\/#organization"},"potentialAction":[{"@type":"SearchAction","target":{"@type":"EntryPoint","urlTemplate":"https:\/\/www.edifica.com.bo\/?s={search_term_string}"},"query-input":"required name=search_term_string"}],"inLanguage":"es"},{"@type":"Organization","@id":"https:\/\/www.edifica.com.bo\/#organization","name":"Edifica Press","url":"https:\/\/www.edifica.com.bo\/","logo":{"@type":"ImageObject","inLanguage":"es","@id":"https:\/\/www.edifica.com.bo\/#\/schema\/logo\/image\/","url":"https:\/\/www.edifica.com.bo\/wp-content\/uploads\/2022\/04\/LOGO-EDIFICAPRESS2022.jpg","contentUrl":"https:\/\/www.edifica.com.bo\/wp-content\/uploads\/2022\/04\/LOGO-EDIFICAPRESS2022.jpg","width":1200,"height":200,"caption":"Edifica Press"},"image":{"@id":"https:\/\/www.edifica.com.bo\/#\/schema\/logo\/image\/"},"sameAs":["https:\/\/www.facebook.com\/NegociosPressBolivia"]},{"@type":"Person","@id":"https:\/\/www.edifica.com.bo\/#\/schema\/person\/115d63d49a533166b9aed20f704f4c6c","name":"Yandira Toledo","image":{"@type":"ImageObject","inLanguage":"es","@id":"https:\/\/www.edifica.com.bo\/#\/schema\/person\/image\/","url":"https:\/\/secure.gravatar.com\/avatar\/ea966cd6bbbe46cf393468ac8bc1bdcc?s=96&d=mm&r=g","contentUrl":"https:\/\/secure.gravatar.com\/avatar\/ea966cd6bbbe46cf393468ac8bc1bdcc?s=96&d=mm&r=g","caption":"Yandira Toledo"},"sameAs":["http:\/\/www.edifica.com.bo"],"url":"https:\/\/www.edifica.com.bo\/?author=3"}]}},"_links":{"self":[{"href":"https:\/\/www.edifica.com.bo\/index.php?rest_route=\/wp\/v2\/posts\/1714"}],"collection":[{"href":"https:\/\/www.edifica.com.bo\/index.php?rest_route=\/wp\/v2\/posts"}],"about":[{"href":"https:\/\/www.edifica.com.bo\/index.php?rest_route=\/wp\/v2\/types\/post"}],"author":[{"embeddable":true,"href":"https:\/\/www.edifica.com.bo\/index.php?rest_route=\/wp\/v2\/users\/3"}],"replies":[{"embeddable":true,"href":"https:\/\/www.edifica.com.bo\/index.php?rest_route=%2Fwp%2Fv2%2Fcomments&post=1714"}],"version-history":[{"count":2,"href":"https:\/\/www.edifica.com.bo\/index.php?rest_route=\/wp\/v2\/posts\/1714\/revisions"}],"predecessor-version":[{"id":1718,"href":"https:\/\/www.edifica.com.bo\/index.php?rest_route=\/wp\/v2\/posts\/1714\/revisions\/1718"}],"wp:featuredmedia":[{"embeddable":true,"href":"https:\/\/www.edifica.com.bo\/index.php?rest_route=\/wp\/v2\/media\/1716"}],"wp:attachment":[{"href":"https:\/\/www.edifica.com.bo\/index.php?rest_route=%2Fwp%2Fv2%2Fmedia&parent=1714"}],"wp:term":[{"taxonomy":"category","embeddable":true,"href":"https:\/\/www.edifica.com.bo\/index.php?rest_route=%2Fwp%2Fv2%2Fcategories&post=1714"},{"taxonomy":"post_tag","embeddable":true,"href":"https:\/\/www.edifica.com.bo\/index.php?rest_route=%2Fwp%2Fv2%2Ftags&post=1714"}],"curies":[{"name":"wp","href":"https:\/\/api.w.org\/{rel}","templated":true}]}}