{"id":1723,"date":"2026-03-17T03:43:39","date_gmt":"2026-03-17T03:43:39","guid":{"rendered":"https:\/\/www.edifica.com.bo\/?p=1723"},"modified":"2026-03-17T03:43:45","modified_gmt":"2026-03-17T03:43:45","slug":"constructores-exigen-reajuste-de-precios-en-la-obra-publica","status":"publish","type":"post","link":"https:\/\/www.edifica.com.bo\/?p=1723","title":{"rendered":"Constructores exigen reajuste de precios en la obra p\u00fablica"},"content":{"rendered":"\n<p>La C\u00e1mara de la Construcci\u00f3n de Santa Cruz y sus empresas asociados, se movilizaron en las inmediaciones del monumento al Cristo Redentor, en un TRACTORAZO para exigir al Gobierno central la promulgaci\u00f3n del Decreto de Reajuste de Precios en la obra p\u00fablica, como medida imprescindible y urgente para garantizar la continuidad de las obras, la sostenibilidad de miles de fuentes de empleo y de las empresas.<\/p>\n\n\n\n<p>Las empresas movilizaron maquinaria y veh\u00edculos y contaron con el respaldo de los ejecutivos de la Federaci\u00f3n Sindical de Trabajadores en Construcci\u00f3n de Santa Cruz, para demandar al gobierno que no demore m\u00e1s la promulgaci\u00f3n del Decreto de Reajuste que ya lleva varias semanas de an\u00e1lisis en mesas t\u00e9cnicas de trabajo entre los constructores y el Gobierno y que a la fecha est\u00e1 trabado en el Ministerio de Econom\u00eda.<\/p>\n\n\n\n<p>\u201cLa movilizaci\u00f3n de los constructores es a nivel nacional, necesitamos una nivelaci\u00f3n urgente en los costos de insumos, materiales, equipos, salarios en la construcci\u00f3n que han quedado totalmente desfasados debido a las recientes pol\u00edticas econ\u00f3micas. El impacto es severo, exigimos una normativa que reconozca que es inviable cumplir contratos que nacieron bajo una realidad econ\u00f3mica hoy inexistente\u201d, afirm\u00f3 el Gerente General de CADECOCRUZ, Javier Arze Justiniano.<\/p>\n\n\n\n<p>Afirm\u00f3 que los datos oficiales del INE revelan la gravedad de la situaci\u00f3n, con un \u00cdndice de Precios de la Construcci\u00f3n que registr\u00f3 un incremento promedio del 30% el 2025, y con materiales e insumos que subieron de precio en un rango de 40% hasta 100%.<\/p>\n\n\n\n<p>\u201cNuestro sector ya no puede seguir esperando la respuesta del Gobierno, el TRACTORAZO en Santa Cruz y en todas las ciudades del pa\u00eds, es para reiterar al gobierno que el Reajuste de Precios es un derecho contractual y t\u00e9cnico, porque es inviable cumplir contratos que nacieron bajo una realidad econ\u00f3mica hoy inexistente\u201d, ratific\u00f3 el ejecutivo.<\/p>\n","protected":false},"excerpt":{"rendered":"<p>La C\u00e1mara de la Construcci\u00f3n de Santa Cruz y sus empresas asociados, se movilizaron en las inmediaciones del monumento al Cristo Redentor, en un TRACTORAZO para exigir al Gobierno central la promulgaci\u00f3n del Decreto de Reajuste de Precios en la obra p\u00fablica, como medida imprescindible y urgente para garantizar la continuidad de las obras, la &hellip;<\/p>\n","protected":false},"author":3,"featured_media":1724,"comment_status":"open","ping_status":"open","sticky":false,"template":"","format":"standard","meta":{"footnotes":""},"categories":[3],"tags":[],"yoast_head":"<!-- This site is optimized with the Yoast SEO plugin v21.9.1 - https:\/\/yoast.com\/wordpress\/plugins\/seo\/ -->\n<title>Constructores exigen reajuste de precios en la obra p\u00fablica - Edifica Press<\/title>\n<meta name=\"robots\" content=\"index, follow, max-snippet:-1, max-image-preview:large, max-video-preview:-1\" \/>\n<link rel=\"canonical\" href=\"https:\/\/www.edifica.com.bo\/?p=1723\" \/>\n<meta property=\"og:locale\" content=\"es_ES\" \/>\n<meta property=\"og:type\" content=\"article\" \/>\n<meta property=\"og:title\" content=\"Constructores exigen reajuste de precios en la obra p\u00fablica - Edifica Press\" \/>\n<meta property=\"og:description\" content=\"La C\u00e1mara de la Construcci\u00f3n de Santa Cruz y sus empresas asociados, se movilizaron en las inmediaciones del monumento al Cristo Redentor, en un TRACTORAZO para exigir al Gobierno central la promulgaci\u00f3n del Decreto de Reajuste de Precios en la obra p\u00fablica, como medida imprescindible y urgente para garantizar la continuidad de las obras, la &hellip;\" \/>\n<meta property=\"og:url\" content=\"https:\/\/www.edifica.com.bo\/?p=1723\" \/>\n<meta property=\"og:site_name\" content=\"Edifica Press\" \/>\n<meta property=\"article:publisher\" content=\"https:\/\/www.facebook.com\/NegociosPressBolivia\" \/>\n<meta property=\"article:published_time\" content=\"2026-03-17T03:43:39+00:00\" \/>\n<meta property=\"article:modified_time\" content=\"2026-03-17T03:43:45+00:00\" \/>\n<meta property=\"og:image\" content=\"https:\/\/www.edifica.com.bo\/wp-content\/uploads\/2026\/03\/tractorazo.jpg\" \/>\n\t<meta property=\"og:image:width\" content=\"2048\" \/>\n\t<meta property=\"og:image:height\" content=\"1536\" \/>\n\t<meta property=\"og:image:type\" content=\"image\/jpeg\" \/>\n<meta name=\"author\" content=\"Yandira Toledo\" \/>\n<meta name=\"twitter:card\" content=\"summary_large_image\" \/>\n<meta name=\"twitter:label1\" content=\"Escrito por\" \/>\n\t<meta name=\"twitter:data1\" content=\"Yandira Toledo\" \/>\n\t<meta name=\"twitter:label2\" content=\"Tiempo de lectura\" \/>\n\t<meta name=\"twitter:data2\" content=\"2 minutos\" \/>\n<script type=\"application\/ld+json\" class=\"yoast-schema-graph\">{\"@context\":\"https:\/\/schema.org\",\"@graph\":[{\"@type\":\"Article\",\"@id\":\"https:\/\/www.edifica.com.bo\/?p=1723#article\",\"isPartOf\":{\"@id\":\"https:\/\/www.edifica.com.bo\/?p=1723\"},\"author\":{\"name\":\"Yandira Toledo\",\"@id\":\"https:\/\/www.edifica.com.bo\/#\/schema\/person\/115d63d49a533166b9aed20f704f4c6c\"},\"headline\":\"Constructores exigen reajuste de precios en la obra p\u00fablica\",\"datePublished\":\"2026-03-17T03:43:39+00:00\",\"dateModified\":\"2026-03-17T03:43:45+00:00\",\"mainEntityOfPage\":{\"@id\":\"https:\/\/www.edifica.com.bo\/?p=1723\"},\"wordCount\":331,\"commentCount\":0,\"publisher\":{\"@id\":\"https:\/\/www.edifica.com.bo\/#organization\"},\"articleSection\":[\"CONSTRUCCI\u00d3N\"],\"inLanguage\":\"es\",\"potentialAction\":[{\"@type\":\"CommentAction\",\"name\":\"Comment\",\"target\":[\"https:\/\/www.edifica.com.bo\/?p=1723#respond\"]}]},{\"@type\":\"WebPage\",\"@id\":\"https:\/\/www.edifica.com.bo\/?p=1723\",\"url\":\"https:\/\/www.edifica.com.bo\/?p=1723\",\"name\":\"Constructores exigen reajuste de precios en la obra p\u00fablica - Edifica Press\",\"isPartOf\":{\"@id\":\"https:\/\/www.edifica.com.bo\/#website\"},\"datePublished\":\"2026-03-17T03:43:39+00:00\",\"dateModified\":\"2026-03-17T03:43:45+00:00\",\"breadcrumb\":{\"@id\":\"https:\/\/www.edifica.com.bo\/?p=1723#breadcrumb\"},\"inLanguage\":\"es\",\"potentialAction\":[{\"@type\":\"ReadAction\",\"target\":[\"https:\/\/www.edifica.com.bo\/?p=1723\"]}]},{\"@type\":\"BreadcrumbList\",\"@id\":\"https:\/\/www.edifica.com.bo\/?p=1723#breadcrumb\",\"itemListElement\":[{\"@type\":\"ListItem\",\"position\":1,\"name\":\"Portada\",\"item\":\"https:\/\/www.edifica.com.bo\/\"},{\"@type\":\"ListItem\",\"position\":2,\"name\":\"Constructores exigen reajuste de precios en la obra p\u00fablica\"}]},{\"@type\":\"WebSite\",\"@id\":\"https:\/\/www.edifica.com.bo\/#website\",\"url\":\"https:\/\/www.edifica.com.bo\/\",\"name\":\"Edifica Press\",\"description\":\"Revista Periodistica\",\"publisher\":{\"@id\":\"https:\/\/www.edifica.com.bo\/#organization\"},\"potentialAction\":[{\"@type\":\"SearchAction\",\"target\":{\"@type\":\"EntryPoint\",\"urlTemplate\":\"https:\/\/www.edifica.com.bo\/?s={search_term_string}\"},\"query-input\":\"required name=search_term_string\"}],\"inLanguage\":\"es\"},{\"@type\":\"Organization\",\"@id\":\"https:\/\/www.edifica.com.bo\/#organization\",\"name\":\"Edifica Press\",\"url\":\"https:\/\/www.edifica.com.bo\/\",\"logo\":{\"@type\":\"ImageObject\",\"inLanguage\":\"es\",\"@id\":\"https:\/\/www.edifica.com.bo\/#\/schema\/logo\/image\/\",\"url\":\"https:\/\/www.edifica.com.bo\/wp-content\/uploads\/2022\/04\/LOGO-EDIFICAPRESS2022.jpg\",\"contentUrl\":\"https:\/\/www.edifica.com.bo\/wp-content\/uploads\/2022\/04\/LOGO-EDIFICAPRESS2022.jpg\",\"width\":1200,\"height\":200,\"caption\":\"Edifica Press\"},\"image\":{\"@id\":\"https:\/\/www.edifica.com.bo\/#\/schema\/logo\/image\/\"},\"sameAs\":[\"https:\/\/www.facebook.com\/NegociosPressBolivia\"]},{\"@type\":\"Person\",\"@id\":\"https:\/\/www.edifica.com.bo\/#\/schema\/person\/115d63d49a533166b9aed20f704f4c6c\",\"name\":\"Yandira Toledo\",\"image\":{\"@type\":\"ImageObject\",\"inLanguage\":\"es\",\"@id\":\"https:\/\/www.edifica.com.bo\/#\/schema\/person\/image\/\",\"url\":\"https:\/\/secure.gravatar.com\/avatar\/ea966cd6bbbe46cf393468ac8bc1bdcc?s=96&d=mm&r=g\",\"contentUrl\":\"https:\/\/secure.gravatar.com\/avatar\/ea966cd6bbbe46cf393468ac8bc1bdcc?s=96&d=mm&r=g\",\"caption\":\"Yandira Toledo\"},\"sameAs\":[\"http:\/\/www.edifica.com.bo\"],\"url\":\"https:\/\/www.edifica.com.bo\/?author=3\"}]}<\/script>\n<!-- \/ Yoast SEO plugin. -->","yoast_head_json":{"title":"Constructores exigen reajuste de precios en la obra p\u00fablica - Edifica Press","robots":{"index":"index","follow":"follow","max-snippet":"max-snippet:-1","max-image-preview":"max-image-preview:large","max-video-preview":"max-video-preview:-1"},"canonical":"https:\/\/www.edifica.com.bo\/?p=1723","og_locale":"es_ES","og_type":"article","og_title":"Constructores exigen reajuste de precios en la obra p\u00fablica - Edifica Press","og_description":"La C\u00e1mara de la Construcci\u00f3n de Santa Cruz y sus empresas asociados, se movilizaron en las inmediaciones del monumento al Cristo Redentor, en un TRACTORAZO para exigir al Gobierno central la promulgaci\u00f3n del Decreto de Reajuste de Precios en la obra p\u00fablica, como medida imprescindible y urgente para garantizar la continuidad de las obras, la &hellip;","og_url":"https:\/\/www.edifica.com.bo\/?p=1723","og_site_name":"Edifica Press","article_publisher":"https:\/\/www.facebook.com\/NegociosPressBolivia","article_published_time":"2026-03-17T03:43:39+00:00","article_modified_time":"2026-03-17T03:43:45+00:00","og_image":[{"width":2048,"height":1536,"url":"https:\/\/www.edifica.com.bo\/wp-content\/uploads\/2026\/03\/tractorazo.jpg","type":"image\/jpeg"}],"author":"Yandira Toledo","twitter_card":"summary_large_image","twitter_misc":{"Escrito por":"Yandira Toledo","Tiempo de lectura":"2 minutos"},"schema":{"@context":"https:\/\/schema.org","@graph":[{"@type":"Article","@id":"https:\/\/www.edifica.com.bo\/?p=1723#article","isPartOf":{"@id":"https:\/\/www.edifica.com.bo\/?p=1723"},"author":{"name":"Yandira Toledo","@id":"https:\/\/www.edifica.com.bo\/#\/schema\/person\/115d63d49a533166b9aed20f704f4c6c"},"headline":"Constructores exigen reajuste de precios en la obra p\u00fablica","datePublished":"2026-03-17T03:43:39+00:00","dateModified":"2026-03-17T03:43:45+00:00","mainEntityOfPage":{"@id":"https:\/\/www.edifica.com.bo\/?p=1723"},"wordCount":331,"commentCount":0,"publisher":{"@id":"https:\/\/www.edifica.com.bo\/#organization"},"articleSection":["CONSTRUCCI\u00d3N"],"inLanguage":"es","potentialAction":[{"@type":"CommentAction","name":"Comment","target":["https:\/\/www.edifica.com.bo\/?p=1723#respond"]}]},{"@type":"WebPage","@id":"https:\/\/www.edifica.com.bo\/?p=1723","url":"https:\/\/www.edifica.com.bo\/?p=1723","name":"Constructores exigen reajuste de precios en la obra p\u00fablica - Edifica Press","isPartOf":{"@id":"https:\/\/www.edifica.com.bo\/#website"},"datePublished":"2026-03-17T03:43:39+00:00","dateModified":"2026-03-17T03:43:45+00:00","breadcrumb":{"@id":"https:\/\/www.edifica.com.bo\/?p=1723#breadcrumb"},"inLanguage":"es","potentialAction":[{"@type":"ReadAction","target":["https:\/\/www.edifica.com.bo\/?p=1723"]}]},{"@type":"BreadcrumbList","@id":"https:\/\/www.edifica.com.bo\/?p=1723#breadcrumb","itemListElement":[{"@type":"ListItem","position":1,"name":"Portada","item":"https:\/\/www.edifica.com.bo\/"},{"@type":"ListItem","position":2,"name":"Constructores exigen reajuste de precios en la obra p\u00fablica"}]},{"@type":"WebSite","@id":"https:\/\/www.edifica.com.bo\/#website","url":"https:\/\/www.edifica.com.bo\/","name":"Edifica Press","description":"Revista Periodistica","publisher":{"@id":"https:\/\/www.edifica.com.bo\/#organization"},"potentialAction":[{"@type":"SearchAction","target":{"@type":"EntryPoint","urlTemplate":"https:\/\/www.edifica.com.bo\/?s={search_term_string}"},"query-input":"required name=search_term_string"}],"inLanguage":"es"},{"@type":"Organization","@id":"https:\/\/www.edifica.com.bo\/#organization","name":"Edifica Press","url":"https:\/\/www.edifica.com.bo\/","logo":{"@type":"ImageObject","inLanguage":"es","@id":"https:\/\/www.edifica.com.bo\/#\/schema\/logo\/image\/","url":"https:\/\/www.edifica.com.bo\/wp-content\/uploads\/2022\/04\/LOGO-EDIFICAPRESS2022.jpg","contentUrl":"https:\/\/www.edifica.com.bo\/wp-content\/uploads\/2022\/04\/LOGO-EDIFICAPRESS2022.jpg","width":1200,"height":200,"caption":"Edifica Press"},"image":{"@id":"https:\/\/www.edifica.com.bo\/#\/schema\/logo\/image\/"},"sameAs":["https:\/\/www.facebook.com\/NegociosPressBolivia"]},{"@type":"Person","@id":"https:\/\/www.edifica.com.bo\/#\/schema\/person\/115d63d49a533166b9aed20f704f4c6c","name":"Yandira Toledo","image":{"@type":"ImageObject","inLanguage":"es","@id":"https:\/\/www.edifica.com.bo\/#\/schema\/person\/image\/","url":"https:\/\/secure.gravatar.com\/avatar\/ea966cd6bbbe46cf393468ac8bc1bdcc?s=96&d=mm&r=g","contentUrl":"https:\/\/secure.gravatar.com\/avatar\/ea966cd6bbbe46cf393468ac8bc1bdcc?s=96&d=mm&r=g","caption":"Yandira Toledo"},"sameAs":["http:\/\/www.edifica.com.bo"],"url":"https:\/\/www.edifica.com.bo\/?author=3"}]}},"_links":{"self":[{"href":"https:\/\/www.edifica.com.bo\/index.php?rest_route=\/wp\/v2\/posts\/1723"}],"collection":[{"href":"https:\/\/www.edifica.com.bo\/index.php?rest_route=\/wp\/v2\/posts"}],"about":[{"href":"https:\/\/www.edifica.com.bo\/index.php?rest_route=\/wp\/v2\/types\/post"}],"author":[{"embeddable":true,"href":"https:\/\/www.edifica.com.bo\/index.php?rest_route=\/wp\/v2\/users\/3"}],"replies":[{"embeddable":true,"href":"https:\/\/www.edifica.com.bo\/index.php?rest_route=%2Fwp%2Fv2%2Fcomments&post=1723"}],"version-history":[{"count":1,"href":"https:\/\/www.edifica.com.bo\/index.php?rest_route=\/wp\/v2\/posts\/1723\/revisions"}],"predecessor-version":[{"id":1725,"href":"https:\/\/www.edifica.com.bo\/index.php?rest_route=\/wp\/v2\/posts\/1723\/revisions\/1725"}],"wp:featuredmedia":[{"embeddable":true,"href":"https:\/\/www.edifica.com.bo\/index.php?rest_route=\/wp\/v2\/media\/1724"}],"wp:attachment":[{"href":"https:\/\/www.edifica.com.bo\/index.php?rest_route=%2Fwp%2Fv2%2Fmedia&parent=1723"}],"wp:term":[{"taxonomy":"category","embeddable":true,"href":"https:\/\/www.edifica.com.bo\/index.php?rest_route=%2Fwp%2Fv2%2Fcategories&post=1723"},{"taxonomy":"post_tag","embeddable":true,"href":"https:\/\/www.edifica.com.bo\/index.php?rest_route=%2Fwp%2Fv2%2Ftags&post=1723"}],"curies":[{"name":"wp","href":"https:\/\/api.w.org\/{rel}","templated":true}]}}