{"id":703,"date":"2020-01-09T13:06:27","date_gmt":"2020-01-09T13:06:27","guid":{"rendered":"http:\/\/www.edifica.com.bo\/?p=703"},"modified":"2020-01-09T13:06:33","modified_gmt":"2020-01-09T13:06:33","slug":"proponen-orientar-la-inversion-publica-para-generar-empleos","status":"publish","type":"post","link":"https:\/\/www.edifica.com.bo\/?p=703","title":{"rendered":"Proponen orientar la inversi\u00f3n p\u00fablica para generar empleos"},"content":{"rendered":"\n<h2 class=\"wp-block-heading\">E<strong>l crecimiento proyectado para el pr\u00f3ximo a\u00f1o no superar\u00e1 el 2%, en caso de mantenerse el panorama. <\/strong><\/h2>\n\n\n\n<p>Aunque no existen datos ofciales de la gesti\u00f3n 2019, la \u00a0 C\u00e1mara de la Construcci\u00f3n de Santa Cruz (CADECOCRUZ) afirm\u00f3 que en el \u00faltimo a\u00f1o el ritmo de crecimiento del Producto Interno Bruto (PIB) de la Construcci\u00f3n ha disminuido un 54,40%. \u201cUna cifra muy preocupante y una se\u00f1al de la r\u00e1pida desaceleraci\u00f3n\u201d, dijo V\u00edctor Hugo Su\u00e1rez, presidente de esta instituci\u00f3n.<\/p>\n\n\n\n<p>De acuerdo al informe de Cadecocruz, el crecimiento anualizado del PIB de la Construcci\u00f3n para el II Trimestre de 2019 (al 30 de junio), fue de 2,82%, la tasa m\u00e1s baja de los \u00faltimos 14 a\u00f1os, inferior al crecimiento promedio de la econom\u00eda de Bolivia que fue de 3,38% en ese per\u00edodo.&nbsp;<\/p>\n\n\n\n<p>El mismo per\u00edodo del a\u00f1o 2018, el \u00edndice de crecimiento del sector fue de 6,14%, indicador que muestra que el \u00faltimo a\u00f1o el ritmo de crecimiento del PIB de la construcci\u00f3n ha disminuido un 54,40%, se\u00f1al\u00f3 Su\u00e1rez.<\/p>\n\n\n\n<p>Utilizando el \u00faltimo dato del PIB disponible, que corresponde al II Trimestre de 2019 la construcci\u00f3n representa el 3,22% del total de la econom\u00eda de Bolivia, cifra muy similar al mismo per\u00edodo de 2018 cuando alcanz\u00f3 un 3,19%, y a la del per\u00edodo 2017 cuando lleg\u00f3 al 3,17%,. \u201cEstas cifras igualmente reflejan una tendencia a la desaceleraci\u00f3n y estancamiento de la construcci\u00f3n en Bolivia, a\u00f1adi\u00f3 el ejecutivo de esta organizaci\u00f3n que aglutina al sector de la construcci\u00f3n\u201d, dijo el presidente de CADECOCRUZ.<\/p>\n\n\n\n<p>En ese sentido, Su\u00e1rez considera que hay cuellos de botella que deber\u00edan de ser atendidos para que la construcci\u00f3n registre tasas de crecimiento como las que se ten\u00edan hasta el a\u00f1o 2016, y que se han identificado en la Agenda de Temas elaborado por la CADECOCRUZ y que se hicieron conocer ante las autoridades gubernamentales en diferentes oportunidades.<\/p>\n\n\n\n<figure class=\"wp-block-image is-resized\"><img loading=\"lazy\" decoding=\"async\" src=\"https:\/\/www.edifica.com.bo\/wp-content\/uploads\/2020\/01\/Captura-de-pantalla-2020-01-09-a-las-09.04.58.png\" alt=\"\" class=\"wp-image-709\" width=\"411\" height=\"476\" srcset=\"https:\/\/www.edifica.com.bo\/wp-content\/uploads\/2020\/01\/Captura-de-pantalla-2020-01-09-a-las-09.04.58.png 665w, https:\/\/www.edifica.com.bo\/wp-content\/uploads\/2020\/01\/Captura-de-pantalla-2020-01-09-a-las-09.04.58-259x300.png 259w\" sizes=\"(max-width: 411px) 100vw, 411px\" \/><\/figure>\n\n\n\n<p>La Agenda de Tema propone anular la Resoluci\u00f3n Normativa de Directorio N\u00b0 101800000036 de diciembre de 2018 del Servicio de Impuestos Nacionales, que supone unas exigencias injustificadas a las empresas constructoras, especialmente a las peque\u00f1as y medianas.<\/p>\n\n\n\n<p>Asimismo, exige la participaci\u00f3n de las empresas extranjeras en los procesos de licitaci\u00f3n p\u00fablica de las entidades del Estado, estableciendo que deben asociarse con constructoras bolivianas y que estas \u00faltimas tengan como m\u00ednimo un 30% de participaci\u00f3n en la sociedad, lo que aumentar\u00eda la carga de trabajo para las empresas y las fortalecer\u00eda de cara al futuro.<\/p>\n\n\n\n<p>Adem\u00e1s pide convertir la planilla de avance de obra en un T\u00edtulo Valor que sea transado en las entidades del sistema financiero nacional mediante un descuento, lo que permitir\u00eda a las empresas mejorar su flujo de caja y obtener liquidez ante los retrasos en los pagos por parte de las instituciones p\u00fablicas.<\/p>\n\n\n\n<p>Adem\u00e1s propone orientar la inversi\u00f3n p\u00fablica hacia proyectos que demanden una mayor cantidad de mano de obra y sean m\u00e1s eficientes para hacer de esta variable un tractor de la econom\u00eda nacional.<\/p>\n\n\n\n<p>Su\u00e1rez advirti\u00f3 que de no adoptarse estas medidas mencionadas, y otras complementarias que forman parte de la agenda de CADECOCRUZ y de los constructores bolivianos, ser\u00e1 muy dif\u00edcil revertir la tendencia de desaceleraci\u00f3n en la que se encuentra el sector constructor del pa\u00eds.<\/p>\n\n\n\n<p>Por otro lado, el directivo de CADECOCRUZ indic\u00f3 que las principales dificultades que arrastra el sector constructor, hace varios a\u00f1os, no permiten el desarrollo de sus capacidades instaladas y el fortalecimiento del tejido empresarial boliviano existente.<\/p>\n\n\n\n<p>Adicionalmente, apunt\u00f3 el ejecutivo, los conflicto sociales y pol\u00edticos que paralizaron por 21 d\u00edas al pa\u00eds, como consecuencia del fraude en las Elecciones Generales de 20 de octubre, afectaron el nivel de actividad del sector, que particip\u00f3 de las movilizaciones con la consiguiente paralizaci\u00f3n de los trabajos que estaban en curso.<\/p>\n\n\n\n<figure class=\"wp-block-image\"><img loading=\"lazy\" decoding=\"async\" width=\"843\" height=\"585\" src=\"https:\/\/www.edifica.com.bo\/wp-content\/uploads\/2020\/01\/Captura-de-pantalla-2020-01-09-a-las-09.00.51.png\" alt=\"\" class=\"wp-image-707\" srcset=\"https:\/\/www.edifica.com.bo\/wp-content\/uploads\/2020\/01\/Captura-de-pantalla-2020-01-09-a-las-09.00.51.png 843w, https:\/\/www.edifica.com.bo\/wp-content\/uploads\/2020\/01\/Captura-de-pantalla-2020-01-09-a-las-09.00.51-300x208.png 300w, https:\/\/www.edifica.com.bo\/wp-content\/uploads\/2020\/01\/Captura-de-pantalla-2020-01-09-a-las-09.00.51-768x533.png 768w\" sizes=\"(max-width: 843px) 100vw, 843px\" \/><\/figure>\n\n\n\n<p><strong>Perspectivas y desaf\u00edos&nbsp;<\/strong><\/p>\n\n\n\n<p>Su\u00e1rez insisti\u00f3 en que, si no se adoptan medidas correctivas de manera urgente, el futuro se muestra preocupante para el sector constructor y sus empresas, pues la tendencia de desaceleraci\u00f3n no s\u00f3lo se mantendr\u00e1, sino que se acentuar\u00e1 con las consecuencias que esto implica para el crecimiento del pa\u00eds y de las fuentes de trabajo.<\/p>\n\n\n\n<p>De acuerdo a las proyecciones del Centro de Estudios Econ\u00f3micos y Desarrollo (CEED) de CADECOCRUZ, el crecimiento de la construcci\u00f3n no superar\u00e1 el 2% para el a\u00f1o 2020, en caso de mantenerse el panorama actual.<\/p>\n\n\n\n<p>En esa l\u00ednea, el sector tiene como principal desaf\u00edo concretar la agenda de los constructores del pa\u00eds, mediante gestiones ante las autoridades gubernamentales, tanto de la actual Administraci\u00f3n de Transici\u00f3n como del Gobierno que asuma el 2020. As\u00ed podremos dinamizar el sector, apunt\u00f3 el directivo de la entidad que aglutina al rubro constructor.&nbsp;<\/p>\n\n\n\n<p>\u201cComo CADECOCRUZ enviamos cartas a las nuevas autoridades de Gobierno para hacerles conocer los temas de nuestra agenda y solicitar reuniones para explicarlos y analizarlos\u201d, explic\u00f3 Su\u00e1rez.<\/p>\n\n\n\n<p>De manera simult\u00e1nea, dijo, CADECOCRUZ y sus empresas asociadas trabajan para aplicar tecnolog\u00edas y sistemas constructivos de avanzada, la capacitaci\u00f3n permanente de sus trabajadores en las diferentes especialidades, la formalizaci\u00f3n y la seguridad laboral, la b\u00fasqueda constante de la mejora continua y de oportunidades de negocios, por se\u00f1alar algunos aspectos.<\/p>\n\n\n\n<p>Con respecto al desarrollo de las obras p\u00fablicas y privadas en diferentes \u00e1reas (viales, inmobiliarias y de infraestructura, por ejemplo) durante la gesti\u00f3n 2019, se logr\u00f3 la viabilizaron de proyectos estrat\u00e9gicos para el desarrollo del departamento de Santa Cruz y del pa\u00eds: la construcci\u00f3n de Puerto Busch como salida soberana al Oc\u00e9ano Atl\u00e1ntico y el Hub de Viru Viru, que una vez concretados tendr\u00e1n una incidencia importante en el crecimiento de la econom\u00eda y del sector.<\/p>\n\n\n\n<p>LOGROS EN ESTA GESTI\u00d3N<\/p>\n\n\n\n<p>El presidente de CADECOCRUZ destac\u00f3 que en los casi dos a\u00f1os de trabajo al frente a la instituci\u00f3n han sido intensos y fecundos. \u201cNuestra instituci\u00f3n continu\u00f3 fortaleci\u00e9ndose de manera integral como resultado de una diversidad de programas, actividades y gestiones\u201d, apunt\u00f3 Su\u00e1rez a tiempo de remarcar:<\/p>\n\n\n\n<p>La promulgaci\u00f3n de dos Decretos Supremos: el primero que modifica las Normas B\u00e1sicas del Sistema de Administraci\u00f3n de Bienes y Servicios para mejorar las condiciones en las que las empresas privadas nacionales participan en los procesos licitatorios de las entidades p\u00fablicas.<\/p>\n\n\n\n<p>El segundo, donde se reconoce a la Planilla de Avance de Obra como garant\u00eda no convencional ante el sistema financiero, lo que es una alternativa para las empresas con problemas de liquidez.<\/p>\n\n\n\n<p>Conform\u00f3 tambi\u00e9n el bloque de Unidad del Sector Constructor de Bolivia, aglutinando a c\u00e1maras, trabajadores y profesionales para rechazar la Resoluci\u00f3n Normativa de Directorio que exige una serie de informaci\u00f3n y requisitos a las empresas que construyen bienes inmuebles pr\u00e1cticamente imposibles de cumplir. Con la actitud propositiva que caracteriza a CADECOCRUZ y al sector, se cuestion\u00f3 la Resoluci\u00f3n con argumentos t\u00e9cnico-jur\u00eddicos y se present\u00f3 una propuesta alternativa que actualmente est\u00e1 en consideraci\u00f3n del Poder Ejecutivo. Entre tanto, la aplicaci\u00f3n de la RND qued\u00f3 en suspenso hasta febrero del 2020.<\/p>\n\n\n\n<p>Organiz\u00f3 por primera vez en Bolivia el Encuentro Inmobiliario Internacional, donde participaron las misiones institucionales y empresariales de cinco pa\u00edses.<\/p>\n","protected":false},"excerpt":{"rendered":"<p>El crecimiento proyectado para el pr\u00f3ximo a\u00f1o no superar\u00e1 el 2%, en caso de mantenerse el panorama. Aunque no existen datos ofciales de la gesti\u00f3n 2019, la \u00a0 C\u00e1mara de la Construcci\u00f3n de Santa Cruz (CADECOCRUZ) afirm\u00f3 que en el \u00faltimo a\u00f1o el ritmo de crecimiento del Producto Interno Bruto (PIB) de la Construcci\u00f3n ha &hellip;<\/p>\n","protected":false},"author":2,"featured_media":706,"comment_status":"open","ping_status":"open","sticky":false,"template":"","format":"standard","meta":{"footnotes":""},"categories":[3],"tags":[],"yoast_head":"<!-- This site is optimized with the Yoast SEO plugin v21.9.1 - https:\/\/yoast.com\/wordpress\/plugins\/seo\/ -->\n<title>Proponen orientar la inversi\u00f3n p\u00fablica para generar empleos - Edifica Press<\/title>\n<meta name=\"robots\" content=\"index, follow, max-snippet:-1, max-image-preview:large, max-video-preview:-1\" \/>\n<link rel=\"canonical\" href=\"https:\/\/www.edifica.com.bo\/?p=703\" \/>\n<meta property=\"og:locale\" content=\"es_ES\" \/>\n<meta property=\"og:type\" content=\"article\" \/>\n<meta property=\"og:title\" content=\"Proponen orientar la inversi\u00f3n p\u00fablica para generar empleos - Edifica Press\" \/>\n<meta property=\"og:description\" content=\"El crecimiento proyectado para el pr\u00f3ximo a\u00f1o no superar\u00e1 el 2%, en caso de mantenerse el panorama. Aunque no existen datos ofciales de la gesti\u00f3n 2019, la \u00a0 C\u00e1mara de la Construcci\u00f3n de Santa Cruz (CADECOCRUZ) afirm\u00f3 que en el \u00faltimo a\u00f1o el ritmo de crecimiento del Producto Interno Bruto (PIB) de la Construcci\u00f3n ha &hellip;\" \/>\n<meta property=\"og:url\" content=\"https:\/\/www.edifica.com.bo\/?p=703\" \/>\n<meta property=\"og:site_name\" content=\"Edifica Press\" \/>\n<meta property=\"article:publisher\" content=\"https:\/\/www.facebook.com\/NegociosPressBolivia\" \/>\n<meta property=\"article:published_time\" content=\"2020-01-09T13:06:27+00:00\" \/>\n<meta property=\"article:modified_time\" content=\"2020-01-09T13:06:33+00:00\" \/>\n<meta property=\"og:image\" content=\"https:\/\/www.edifica.com.bo\/wp-content\/uploads\/2020\/01\/cropped-Captura-de-pantalla-2020-01-09-a-las-08.58.30.png\" \/>\n\t<meta property=\"og:image:width\" content=\"594\" \/>\n\t<meta property=\"og:image:height\" content=\"334\" \/>\n\t<meta property=\"og:image:type\" content=\"image\/png\" \/>\n<meta name=\"author\" content=\"Franco Garcia\" \/>\n<meta name=\"twitter:card\" content=\"summary_large_image\" \/>\n<meta name=\"twitter:label1\" content=\"Escrito por\" \/>\n\t<meta name=\"twitter:data1\" content=\"Franco Garcia\" \/>\n\t<meta name=\"twitter:label2\" content=\"Tiempo de lectura\" \/>\n\t<meta name=\"twitter:data2\" content=\"6 minutos\" \/>\n<script type=\"application\/ld+json\" class=\"yoast-schema-graph\">{\"@context\":\"https:\/\/schema.org\",\"@graph\":[{\"@type\":\"Article\",\"@id\":\"https:\/\/www.edifica.com.bo\/?p=703#article\",\"isPartOf\":{\"@id\":\"https:\/\/www.edifica.com.bo\/?p=703\"},\"author\":{\"name\":\"Franco Garcia\",\"@id\":\"https:\/\/www.edifica.com.bo\/#\/schema\/person\/23e4d6889b9fe38932c67e0ceb7445ba\"},\"headline\":\"Proponen orientar la inversi\u00f3n p\u00fablica para generar empleos\",\"datePublished\":\"2020-01-09T13:06:27+00:00\",\"dateModified\":\"2020-01-09T13:06:33+00:00\",\"mainEntityOfPage\":{\"@id\":\"https:\/\/www.edifica.com.bo\/?p=703\"},\"wordCount\":1245,\"commentCount\":0,\"publisher\":{\"@id\":\"https:\/\/www.edifica.com.bo\/#organization\"},\"articleSection\":[\"CONSTRUCCI\u00d3N\"],\"inLanguage\":\"es\",\"potentialAction\":[{\"@type\":\"CommentAction\",\"name\":\"Comment\",\"target\":[\"https:\/\/www.edifica.com.bo\/?p=703#respond\"]}]},{\"@type\":\"WebPage\",\"@id\":\"https:\/\/www.edifica.com.bo\/?p=703\",\"url\":\"https:\/\/www.edifica.com.bo\/?p=703\",\"name\":\"Proponen orientar la inversi\u00f3n p\u00fablica para generar empleos - Edifica Press\",\"isPartOf\":{\"@id\":\"https:\/\/www.edifica.com.bo\/#website\"},\"datePublished\":\"2020-01-09T13:06:27+00:00\",\"dateModified\":\"2020-01-09T13:06:33+00:00\",\"breadcrumb\":{\"@id\":\"https:\/\/www.edifica.com.bo\/?p=703#breadcrumb\"},\"inLanguage\":\"es\",\"potentialAction\":[{\"@type\":\"ReadAction\",\"target\":[\"https:\/\/www.edifica.com.bo\/?p=703\"]}]},{\"@type\":\"BreadcrumbList\",\"@id\":\"https:\/\/www.edifica.com.bo\/?p=703#breadcrumb\",\"itemListElement\":[{\"@type\":\"ListItem\",\"position\":1,\"name\":\"Portada\",\"item\":\"https:\/\/www.edifica.com.bo\/\"},{\"@type\":\"ListItem\",\"position\":2,\"name\":\"Proponen orientar la inversi\u00f3n p\u00fablica para generar empleos\"}]},{\"@type\":\"WebSite\",\"@id\":\"https:\/\/www.edifica.com.bo\/#website\",\"url\":\"https:\/\/www.edifica.com.bo\/\",\"name\":\"Edifica Press\",\"description\":\"Revista Periodistica\",\"publisher\":{\"@id\":\"https:\/\/www.edifica.com.bo\/#organization\"},\"potentialAction\":[{\"@type\":\"SearchAction\",\"target\":{\"@type\":\"EntryPoint\",\"urlTemplate\":\"https:\/\/www.edifica.com.bo\/?s={search_term_string}\"},\"query-input\":\"required name=search_term_string\"}],\"inLanguage\":\"es\"},{\"@type\":\"Organization\",\"@id\":\"https:\/\/www.edifica.com.bo\/#organization\",\"name\":\"Edifica Press\",\"url\":\"https:\/\/www.edifica.com.bo\/\",\"logo\":{\"@type\":\"ImageObject\",\"inLanguage\":\"es\",\"@id\":\"https:\/\/www.edifica.com.bo\/#\/schema\/logo\/image\/\",\"url\":\"https:\/\/www.edifica.com.bo\/wp-content\/uploads\/2022\/04\/LOGO-EDIFICAPRESS2022.jpg\",\"contentUrl\":\"https:\/\/www.edifica.com.bo\/wp-content\/uploads\/2022\/04\/LOGO-EDIFICAPRESS2022.jpg\",\"width\":1200,\"height\":200,\"caption\":\"Edifica Press\"},\"image\":{\"@id\":\"https:\/\/www.edifica.com.bo\/#\/schema\/logo\/image\/\"},\"sameAs\":[\"https:\/\/www.facebook.com\/NegociosPressBolivia\"]},{\"@type\":\"Person\",\"@id\":\"https:\/\/www.edifica.com.bo\/#\/schema\/person\/23e4d6889b9fe38932c67e0ceb7445ba\",\"name\":\"Franco Garcia\",\"image\":{\"@type\":\"ImageObject\",\"inLanguage\":\"es\",\"@id\":\"https:\/\/www.edifica.com.bo\/#\/schema\/person\/image\/\",\"url\":\"https:\/\/secure.gravatar.com\/avatar\/2b0dfe36d13a20f53259310425c4d98c?s=96&d=mm&r=g\",\"contentUrl\":\"https:\/\/secure.gravatar.com\/avatar\/2b0dfe36d13a20f53259310425c4d98c?s=96&d=mm&r=g\",\"caption\":\"Franco Garcia\"},\"sameAs\":[\"http:\/\/www.edifica.com.bo\"],\"url\":\"https:\/\/www.edifica.com.bo\/?author=2\"}]}<\/script>\n<!-- \/ Yoast SEO plugin. -->","yoast_head_json":{"title":"Proponen orientar la inversi\u00f3n p\u00fablica para generar empleos - Edifica Press","robots":{"index":"index","follow":"follow","max-snippet":"max-snippet:-1","max-image-preview":"max-image-preview:large","max-video-preview":"max-video-preview:-1"},"canonical":"https:\/\/www.edifica.com.bo\/?p=703","og_locale":"es_ES","og_type":"article","og_title":"Proponen orientar la inversi\u00f3n p\u00fablica para generar empleos - Edifica Press","og_description":"El crecimiento proyectado para el pr\u00f3ximo a\u00f1o no superar\u00e1 el 2%, en caso de mantenerse el panorama. Aunque no existen datos ofciales de la gesti\u00f3n 2019, la \u00a0 C\u00e1mara de la Construcci\u00f3n de Santa Cruz (CADECOCRUZ) afirm\u00f3 que en el \u00faltimo a\u00f1o el ritmo de crecimiento del Producto Interno Bruto (PIB) de la Construcci\u00f3n ha &hellip;","og_url":"https:\/\/www.edifica.com.bo\/?p=703","og_site_name":"Edifica Press","article_publisher":"https:\/\/www.facebook.com\/NegociosPressBolivia","article_published_time":"2020-01-09T13:06:27+00:00","article_modified_time":"2020-01-09T13:06:33+00:00","og_image":[{"width":594,"height":334,"url":"https:\/\/www.edifica.com.bo\/wp-content\/uploads\/2020\/01\/cropped-Captura-de-pantalla-2020-01-09-a-las-08.58.30.png","type":"image\/png"}],"author":"Franco Garcia","twitter_card":"summary_large_image","twitter_misc":{"Escrito por":"Franco Garcia","Tiempo de lectura":"6 minutos"},"schema":{"@context":"https:\/\/schema.org","@graph":[{"@type":"Article","@id":"https:\/\/www.edifica.com.bo\/?p=703#article","isPartOf":{"@id":"https:\/\/www.edifica.com.bo\/?p=703"},"author":{"name":"Franco Garcia","@id":"https:\/\/www.edifica.com.bo\/#\/schema\/person\/23e4d6889b9fe38932c67e0ceb7445ba"},"headline":"Proponen orientar la inversi\u00f3n p\u00fablica para generar empleos","datePublished":"2020-01-09T13:06:27+00:00","dateModified":"2020-01-09T13:06:33+00:00","mainEntityOfPage":{"@id":"https:\/\/www.edifica.com.bo\/?p=703"},"wordCount":1245,"commentCount":0,"publisher":{"@id":"https:\/\/www.edifica.com.bo\/#organization"},"articleSection":["CONSTRUCCI\u00d3N"],"inLanguage":"es","potentialAction":[{"@type":"CommentAction","name":"Comment","target":["https:\/\/www.edifica.com.bo\/?p=703#respond"]}]},{"@type":"WebPage","@id":"https:\/\/www.edifica.com.bo\/?p=703","url":"https:\/\/www.edifica.com.bo\/?p=703","name":"Proponen orientar la inversi\u00f3n p\u00fablica para generar empleos - Edifica Press","isPartOf":{"@id":"https:\/\/www.edifica.com.bo\/#website"},"datePublished":"2020-01-09T13:06:27+00:00","dateModified":"2020-01-09T13:06:33+00:00","breadcrumb":{"@id":"https:\/\/www.edifica.com.bo\/?p=703#breadcrumb"},"inLanguage":"es","potentialAction":[{"@type":"ReadAction","target":["https:\/\/www.edifica.com.bo\/?p=703"]}]},{"@type":"BreadcrumbList","@id":"https:\/\/www.edifica.com.bo\/?p=703#breadcrumb","itemListElement":[{"@type":"ListItem","position":1,"name":"Portada","item":"https:\/\/www.edifica.com.bo\/"},{"@type":"ListItem","position":2,"name":"Proponen orientar la inversi\u00f3n p\u00fablica para generar empleos"}]},{"@type":"WebSite","@id":"https:\/\/www.edifica.com.bo\/#website","url":"https:\/\/www.edifica.com.bo\/","name":"Edifica Press","description":"Revista Periodistica","publisher":{"@id":"https:\/\/www.edifica.com.bo\/#organization"},"potentialAction":[{"@type":"SearchAction","target":{"@type":"EntryPoint","urlTemplate":"https:\/\/www.edifica.com.bo\/?s={search_term_string}"},"query-input":"required name=search_term_string"}],"inLanguage":"es"},{"@type":"Organization","@id":"https:\/\/www.edifica.com.bo\/#organization","name":"Edifica Press","url":"https:\/\/www.edifica.com.bo\/","logo":{"@type":"ImageObject","inLanguage":"es","@id":"https:\/\/www.edifica.com.bo\/#\/schema\/logo\/image\/","url":"https:\/\/www.edifica.com.bo\/wp-content\/uploads\/2022\/04\/LOGO-EDIFICAPRESS2022.jpg","contentUrl":"https:\/\/www.edifica.com.bo\/wp-content\/uploads\/2022\/04\/LOGO-EDIFICAPRESS2022.jpg","width":1200,"height":200,"caption":"Edifica Press"},"image":{"@id":"https:\/\/www.edifica.com.bo\/#\/schema\/logo\/image\/"},"sameAs":["https:\/\/www.facebook.com\/NegociosPressBolivia"]},{"@type":"Person","@id":"https:\/\/www.edifica.com.bo\/#\/schema\/person\/23e4d6889b9fe38932c67e0ceb7445ba","name":"Franco Garcia","image":{"@type":"ImageObject","inLanguage":"es","@id":"https:\/\/www.edifica.com.bo\/#\/schema\/person\/image\/","url":"https:\/\/secure.gravatar.com\/avatar\/2b0dfe36d13a20f53259310425c4d98c?s=96&d=mm&r=g","contentUrl":"https:\/\/secure.gravatar.com\/avatar\/2b0dfe36d13a20f53259310425c4d98c?s=96&d=mm&r=g","caption":"Franco Garcia"},"sameAs":["http:\/\/www.edifica.com.bo"],"url":"https:\/\/www.edifica.com.bo\/?author=2"}]}},"_links":{"self":[{"href":"https:\/\/www.edifica.com.bo\/index.php?rest_route=\/wp\/v2\/posts\/703"}],"collection":[{"href":"https:\/\/www.edifica.com.bo\/index.php?rest_route=\/wp\/v2\/posts"}],"about":[{"href":"https:\/\/www.edifica.com.bo\/index.php?rest_route=\/wp\/v2\/types\/post"}],"author":[{"embeddable":true,"href":"https:\/\/www.edifica.com.bo\/index.php?rest_route=\/wp\/v2\/users\/2"}],"replies":[{"embeddable":true,"href":"https:\/\/www.edifica.com.bo\/index.php?rest_route=%2Fwp%2Fv2%2Fcomments&post=703"}],"version-history":[{"count":2,"href":"https:\/\/www.edifica.com.bo\/index.php?rest_route=\/wp\/v2\/posts\/703\/revisions"}],"predecessor-version":[{"id":710,"href":"https:\/\/www.edifica.com.bo\/index.php?rest_route=\/wp\/v2\/posts\/703\/revisions\/710"}],"wp:featuredmedia":[{"embeddable":true,"href":"https:\/\/www.edifica.com.bo\/index.php?rest_route=\/wp\/v2\/media\/706"}],"wp:attachment":[{"href":"https:\/\/www.edifica.com.bo\/index.php?rest_route=%2Fwp%2Fv2%2Fmedia&parent=703"}],"wp:term":[{"taxonomy":"category","embeddable":true,"href":"https:\/\/www.edifica.com.bo\/index.php?rest_route=%2Fwp%2Fv2%2Fcategories&post=703"},{"taxonomy":"post_tag","embeddable":true,"href":"https:\/\/www.edifica.com.bo\/index.php?rest_route=%2Fwp%2Fv2%2Ftags&post=703"}],"curies":[{"name":"wp","href":"https:\/\/api.w.org\/{rel}","templated":true}]}}