{"id":782,"date":"2021-01-06T21:33:38","date_gmt":"2021-01-06T21:33:38","guid":{"rendered":"https:\/\/www.edifica.com.bo\/?p=782"},"modified":"2021-01-06T21:33:44","modified_gmt":"2021-01-06T21:33:44","slug":"mobiliario-y-decoracionun-sector-que-se-levanta","status":"publish","type":"post","link":"https:\/\/www.edifica.com.bo\/?p=782","title":{"rendered":"Mobiliario y decoraci\u00f3n,un sector que se levanta"},"content":{"rendered":"\n<h2 class=\"wp-block-heading\">La cuarentena modific\u00f3 los h\u00e1bitos de convivencia de las personas. Las actividades cotidianas y laborales se volcaron al hogar, fue momento de adaptar cada rinc\u00f3n. Las empresas del rubro pusieron especial atenci\u00f3n en la llegada a los clientes y con alternativas para lograr sus objetivos comerciales.<\/h2>\n\n\n\n<p>El aislamiento obligatorio trajo consigo muchos desaf\u00edos, uno de ellos fue adaptar cada rinc\u00f3n de la casa para que cumpla las funciones de oficina, sal\u00f3n de clases, sala de reuniones y hasta gimnasio. El inicio de la cuarentena y la nueva realidad golpe\u00f3 a este sector, porque las empresas cerraron sus puertas durante tres meses.<br>Con la flexibilizaci\u00f3n de las restricciones, el mercado mobiliario y de la decoraci\u00f3n reanud\u00f3 sus actividades. En ese momento, las personas empezaron a buscar lo que se necesitaba para trabajar y\/o estudiar de manera m\u00e1s c\u00f3moda. La demanda por muebles para living, jard\u00edn y, principalmente, oficina, por la implementaci\u00f3n del home office empez\u00f3 a crecer, indic\u00f3 Melissa Guereca, jefe de ventas de Multicenter.<br>\u201cLos clientes, en algunos segmentos, readecuaron sus ambientes o los renovaron, por lo que esta pandemia fue una oportunidad para adaptarse al cambio, no solo de parte de los clientes sino de las empresas\u201d, dijo Francisco Roda Vaca, gerente comercial de ROHO.<\/p>\n\n\n\n<p>Hacia lo digital<br>En este contexto, las empresas del rubro tuvieron que digitalizar sus operaciones. El uso de redes sociales, el contacto directo v\u00eda Whatsapp y las ventas on line, fueron las herramientas que utilizaron para fidelizar a los clientes, llegar a los nuevos y reactivar sus negocios.<br>\u201cEn este periodo usamos mucho Facebook, Instagram, empezamos a interactuar m\u00e1s, mostramos nuestros cat\u00e1logos, hicimos paquetes de descuento y los enviamos por Whatsapp a nuestros clientes, porque eso les gusta, la cercan\u00eda, que estemos atentos a ellos\u201d, explic\u00f3 Liliana Rivero, gerente comercial de Chinga Decoraciones.<br>La din\u00e1mica de venta sucedi\u00f3 on line. Enviaban cat\u00e1logos por internet, los clientes hac\u00edan sus pedidos, el pago se empez\u00f3 a realizar mediante transferencia bancaria y los productos se entregaron puerta a puerta.<\/p>\n\n\n\n<p>Bioseguridad<br>Las alternativas para respetar el distanciamiento social fueron, la implementaci\u00f3n del servicio de entrega a domicilio y la programaci\u00f3n de horarios de entrega para que el cliente pase por la tienda, recoja su mueble y as\u00ed evitar el c\u00famulo de personas en un solo ambiente.<br>Roda afirm\u00f3 que la premisa fue \u201cbrindar una compra segura, porque se dio calidad en el servicio de entrega, no solo por la rapidez sino en el cumplimiento de las normas de bioseguridad, por eso la venta digital se constituy\u00f3 en otra manera m\u00e1s de resguardar a los clientes, as\u00ed dimos cobertura absoluta a sus necesidades\u201d.<\/p>\n\n\n\n<p>Reactivaci\u00f3n del sector<br>Despu\u00e9s de estar en pausa por varios meses, cada empresa vio la mejor manera para lograr estabilidad en sus ventas, Multicenter desarroll\u00f3 campa\u00f1as con ofertas de mayor duraci\u00f3n, tomando en cuenta la temporada, sin descuidar las necesidades de los clientes.<br>Por su parte, Rivero mencion\u00f3, que lograron sus objetivos comerciales, gracias a la implementaci\u00f3n de descuentos. Vendieron todo lo que ten\u00edan en stock, de igual manera, cumplieron con la entrega de pedidos especiales.<br>Si bien el sector logr\u00f3 cierta estabilidad, la debilitada econom\u00eda del pa\u00eds gener\u00f3 incertidumbre en el accionar de las empresas. A pesar de ello, conf\u00edan que la realidad se revertir\u00e1 de manera positiva, es as\u00ed que muchas ya tienen proyectos de expansi\u00f3n para ejecutar el siguiente a\u00f1o.<\/p>\n","protected":false},"excerpt":{"rendered":"<p>La cuarentena modific\u00f3 los h\u00e1bitos de convivencia de las personas. Las actividades cotidianas y laborales se volcaron al hogar, fue momento de adaptar cada rinc\u00f3n. Las empresas del rubro pusieron especial atenci\u00f3n en la llegada a los clientes y con alternativas para lograr sus objetivos comerciales. El aislamiento obligatorio trajo consigo muchos desaf\u00edos, uno de &hellip;<\/p>\n","protected":false},"author":3,"featured_media":784,"comment_status":"open","ping_status":"open","sticky":false,"template":"","format":"standard","meta":{"footnotes":""},"categories":[1],"tags":[],"yoast_head":"<!-- This site is optimized with the Yoast SEO plugin v21.9.1 - https:\/\/yoast.com\/wordpress\/plugins\/seo\/ -->\n<title>Mobiliario y decoraci\u00f3n,un sector que se levanta - Edifica Press<\/title>\n<meta name=\"robots\" content=\"index, follow, max-snippet:-1, max-image-preview:large, max-video-preview:-1\" \/>\n<link rel=\"canonical\" href=\"https:\/\/www.edifica.com.bo\/?p=782\" \/>\n<meta property=\"og:locale\" content=\"es_ES\" \/>\n<meta property=\"og:type\" content=\"article\" \/>\n<meta property=\"og:title\" content=\"Mobiliario y decoraci\u00f3n,un sector que se levanta - Edifica Press\" \/>\n<meta property=\"og:description\" content=\"La cuarentena modific\u00f3 los h\u00e1bitos de convivencia de las personas. Las actividades cotidianas y laborales se volcaron al hogar, fue momento de adaptar cada rinc\u00f3n. Las empresas del rubro pusieron especial atenci\u00f3n en la llegada a los clientes y con alternativas para lograr sus objetivos comerciales. El aislamiento obligatorio trajo consigo muchos desaf\u00edos, uno de &hellip;\" \/>\n<meta property=\"og:url\" content=\"https:\/\/www.edifica.com.bo\/?p=782\" \/>\n<meta property=\"og:site_name\" content=\"Edifica Press\" \/>\n<meta property=\"article:publisher\" content=\"https:\/\/www.facebook.com\/NegociosPressBolivia\" \/>\n<meta property=\"article:published_time\" content=\"2021-01-06T21:33:38+00:00\" \/>\n<meta property=\"article:modified_time\" content=\"2021-01-06T21:33:44+00:00\" \/>\n<meta property=\"og:image\" content=\"https:\/\/www.edifica.com.bo\/wp-content\/uploads\/2021\/01\/Mobiliario.jpg\" \/>\n\t<meta property=\"og:image:width\" content=\"600\" \/>\n\t<meta property=\"og:image:height\" content=\"400\" \/>\n\t<meta property=\"og:image:type\" content=\"image\/jpeg\" \/>\n<meta name=\"author\" content=\"Yandira Toledo\" \/>\n<meta name=\"twitter:card\" content=\"summary_large_image\" \/>\n<meta name=\"twitter:label1\" content=\"Escrito por\" \/>\n\t<meta name=\"twitter:data1\" content=\"Yandira Toledo\" \/>\n\t<meta name=\"twitter:label2\" content=\"Tiempo de lectura\" \/>\n\t<meta name=\"twitter:data2\" content=\"3 minutos\" \/>\n<script type=\"application\/ld+json\" class=\"yoast-schema-graph\">{\"@context\":\"https:\/\/schema.org\",\"@graph\":[{\"@type\":\"Article\",\"@id\":\"https:\/\/www.edifica.com.bo\/?p=782#article\",\"isPartOf\":{\"@id\":\"https:\/\/www.edifica.com.bo\/?p=782\"},\"author\":{\"name\":\"Yandira Toledo\",\"@id\":\"https:\/\/www.edifica.com.bo\/#\/schema\/person\/115d63d49a533166b9aed20f704f4c6c\"},\"headline\":\"Mobiliario y decoraci\u00f3n,un sector que se levanta\",\"datePublished\":\"2021-01-06T21:33:38+00:00\",\"dateModified\":\"2021-01-06T21:33:44+00:00\",\"mainEntityOfPage\":{\"@id\":\"https:\/\/www.edifica.com.bo\/?p=782\"},\"wordCount\":598,\"commentCount\":0,\"publisher\":{\"@id\":\"https:\/\/www.edifica.com.bo\/#organization\"},\"articleSection\":[\"DECORACI\u00d3N\"],\"inLanguage\":\"es\",\"potentialAction\":[{\"@type\":\"CommentAction\",\"name\":\"Comment\",\"target\":[\"https:\/\/www.edifica.com.bo\/?p=782#respond\"]}]},{\"@type\":\"WebPage\",\"@id\":\"https:\/\/www.edifica.com.bo\/?p=782\",\"url\":\"https:\/\/www.edifica.com.bo\/?p=782\",\"name\":\"Mobiliario y decoraci\u00f3n,un sector que se levanta - Edifica Press\",\"isPartOf\":{\"@id\":\"https:\/\/www.edifica.com.bo\/#website\"},\"datePublished\":\"2021-01-06T21:33:38+00:00\",\"dateModified\":\"2021-01-06T21:33:44+00:00\",\"breadcrumb\":{\"@id\":\"https:\/\/www.edifica.com.bo\/?p=782#breadcrumb\"},\"inLanguage\":\"es\",\"potentialAction\":[{\"@type\":\"ReadAction\",\"target\":[\"https:\/\/www.edifica.com.bo\/?p=782\"]}]},{\"@type\":\"BreadcrumbList\",\"@id\":\"https:\/\/www.edifica.com.bo\/?p=782#breadcrumb\",\"itemListElement\":[{\"@type\":\"ListItem\",\"position\":1,\"name\":\"Portada\",\"item\":\"https:\/\/www.edifica.com.bo\/\"},{\"@type\":\"ListItem\",\"position\":2,\"name\":\"Mobiliario y decoraci\u00f3n,un sector que se levanta\"}]},{\"@type\":\"WebSite\",\"@id\":\"https:\/\/www.edifica.com.bo\/#website\",\"url\":\"https:\/\/www.edifica.com.bo\/\",\"name\":\"Edifica Press\",\"description\":\"Revista Periodistica\",\"publisher\":{\"@id\":\"https:\/\/www.edifica.com.bo\/#organization\"},\"potentialAction\":[{\"@type\":\"SearchAction\",\"target\":{\"@type\":\"EntryPoint\",\"urlTemplate\":\"https:\/\/www.edifica.com.bo\/?s={search_term_string}\"},\"query-input\":\"required name=search_term_string\"}],\"inLanguage\":\"es\"},{\"@type\":\"Organization\",\"@id\":\"https:\/\/www.edifica.com.bo\/#organization\",\"name\":\"Edifica Press\",\"url\":\"https:\/\/www.edifica.com.bo\/\",\"logo\":{\"@type\":\"ImageObject\",\"inLanguage\":\"es\",\"@id\":\"https:\/\/www.edifica.com.bo\/#\/schema\/logo\/image\/\",\"url\":\"https:\/\/www.edifica.com.bo\/wp-content\/uploads\/2022\/04\/LOGO-EDIFICAPRESS2022.jpg\",\"contentUrl\":\"https:\/\/www.edifica.com.bo\/wp-content\/uploads\/2022\/04\/LOGO-EDIFICAPRESS2022.jpg\",\"width\":1200,\"height\":200,\"caption\":\"Edifica Press\"},\"image\":{\"@id\":\"https:\/\/www.edifica.com.bo\/#\/schema\/logo\/image\/\"},\"sameAs\":[\"https:\/\/www.facebook.com\/NegociosPressBolivia\"]},{\"@type\":\"Person\",\"@id\":\"https:\/\/www.edifica.com.bo\/#\/schema\/person\/115d63d49a533166b9aed20f704f4c6c\",\"name\":\"Yandira Toledo\",\"image\":{\"@type\":\"ImageObject\",\"inLanguage\":\"es\",\"@id\":\"https:\/\/www.edifica.com.bo\/#\/schema\/person\/image\/\",\"url\":\"https:\/\/secure.gravatar.com\/avatar\/ea966cd6bbbe46cf393468ac8bc1bdcc?s=96&d=mm&r=g\",\"contentUrl\":\"https:\/\/secure.gravatar.com\/avatar\/ea966cd6bbbe46cf393468ac8bc1bdcc?s=96&d=mm&r=g\",\"caption\":\"Yandira Toledo\"},\"sameAs\":[\"http:\/\/www.edifica.com.bo\"],\"url\":\"https:\/\/www.edifica.com.bo\/?author=3\"}]}<\/script>\n<!-- \/ Yoast SEO plugin. -->","yoast_head_json":{"title":"Mobiliario y decoraci\u00f3n,un sector que se levanta - Edifica Press","robots":{"index":"index","follow":"follow","max-snippet":"max-snippet:-1","max-image-preview":"max-image-preview:large","max-video-preview":"max-video-preview:-1"},"canonical":"https:\/\/www.edifica.com.bo\/?p=782","og_locale":"es_ES","og_type":"article","og_title":"Mobiliario y decoraci\u00f3n,un sector que se levanta - Edifica Press","og_description":"La cuarentena modific\u00f3 los h\u00e1bitos de convivencia de las personas. Las actividades cotidianas y laborales se volcaron al hogar, fue momento de adaptar cada rinc\u00f3n. Las empresas del rubro pusieron especial atenci\u00f3n en la llegada a los clientes y con alternativas para lograr sus objetivos comerciales. El aislamiento obligatorio trajo consigo muchos desaf\u00edos, uno de &hellip;","og_url":"https:\/\/www.edifica.com.bo\/?p=782","og_site_name":"Edifica Press","article_publisher":"https:\/\/www.facebook.com\/NegociosPressBolivia","article_published_time":"2021-01-06T21:33:38+00:00","article_modified_time":"2021-01-06T21:33:44+00:00","og_image":[{"width":600,"height":400,"url":"https:\/\/www.edifica.com.bo\/wp-content\/uploads\/2021\/01\/Mobiliario.jpg","type":"image\/jpeg"}],"author":"Yandira Toledo","twitter_card":"summary_large_image","twitter_misc":{"Escrito por":"Yandira Toledo","Tiempo de lectura":"3 minutos"},"schema":{"@context":"https:\/\/schema.org","@graph":[{"@type":"Article","@id":"https:\/\/www.edifica.com.bo\/?p=782#article","isPartOf":{"@id":"https:\/\/www.edifica.com.bo\/?p=782"},"author":{"name":"Yandira Toledo","@id":"https:\/\/www.edifica.com.bo\/#\/schema\/person\/115d63d49a533166b9aed20f704f4c6c"},"headline":"Mobiliario y decoraci\u00f3n,un sector que se levanta","datePublished":"2021-01-06T21:33:38+00:00","dateModified":"2021-01-06T21:33:44+00:00","mainEntityOfPage":{"@id":"https:\/\/www.edifica.com.bo\/?p=782"},"wordCount":598,"commentCount":0,"publisher":{"@id":"https:\/\/www.edifica.com.bo\/#organization"},"articleSection":["DECORACI\u00d3N"],"inLanguage":"es","potentialAction":[{"@type":"CommentAction","name":"Comment","target":["https:\/\/www.edifica.com.bo\/?p=782#respond"]}]},{"@type":"WebPage","@id":"https:\/\/www.edifica.com.bo\/?p=782","url":"https:\/\/www.edifica.com.bo\/?p=782","name":"Mobiliario y decoraci\u00f3n,un sector que se levanta - Edifica Press","isPartOf":{"@id":"https:\/\/www.edifica.com.bo\/#website"},"datePublished":"2021-01-06T21:33:38+00:00","dateModified":"2021-01-06T21:33:44+00:00","breadcrumb":{"@id":"https:\/\/www.edifica.com.bo\/?p=782#breadcrumb"},"inLanguage":"es","potentialAction":[{"@type":"ReadAction","target":["https:\/\/www.edifica.com.bo\/?p=782"]}]},{"@type":"BreadcrumbList","@id":"https:\/\/www.edifica.com.bo\/?p=782#breadcrumb","itemListElement":[{"@type":"ListItem","position":1,"name":"Portada","item":"https:\/\/www.edifica.com.bo\/"},{"@type":"ListItem","position":2,"name":"Mobiliario y decoraci\u00f3n,un sector que se levanta"}]},{"@type":"WebSite","@id":"https:\/\/www.edifica.com.bo\/#website","url":"https:\/\/www.edifica.com.bo\/","name":"Edifica Press","description":"Revista Periodistica","publisher":{"@id":"https:\/\/www.edifica.com.bo\/#organization"},"potentialAction":[{"@type":"SearchAction","target":{"@type":"EntryPoint","urlTemplate":"https:\/\/www.edifica.com.bo\/?s={search_term_string}"},"query-input":"required name=search_term_string"}],"inLanguage":"es"},{"@type":"Organization","@id":"https:\/\/www.edifica.com.bo\/#organization","name":"Edifica Press","url":"https:\/\/www.edifica.com.bo\/","logo":{"@type":"ImageObject","inLanguage":"es","@id":"https:\/\/www.edifica.com.bo\/#\/schema\/logo\/image\/","url":"https:\/\/www.edifica.com.bo\/wp-content\/uploads\/2022\/04\/LOGO-EDIFICAPRESS2022.jpg","contentUrl":"https:\/\/www.edifica.com.bo\/wp-content\/uploads\/2022\/04\/LOGO-EDIFICAPRESS2022.jpg","width":1200,"height":200,"caption":"Edifica Press"},"image":{"@id":"https:\/\/www.edifica.com.bo\/#\/schema\/logo\/image\/"},"sameAs":["https:\/\/www.facebook.com\/NegociosPressBolivia"]},{"@type":"Person","@id":"https:\/\/www.edifica.com.bo\/#\/schema\/person\/115d63d49a533166b9aed20f704f4c6c","name":"Yandira Toledo","image":{"@type":"ImageObject","inLanguage":"es","@id":"https:\/\/www.edifica.com.bo\/#\/schema\/person\/image\/","url":"https:\/\/secure.gravatar.com\/avatar\/ea966cd6bbbe46cf393468ac8bc1bdcc?s=96&d=mm&r=g","contentUrl":"https:\/\/secure.gravatar.com\/avatar\/ea966cd6bbbe46cf393468ac8bc1bdcc?s=96&d=mm&r=g","caption":"Yandira Toledo"},"sameAs":["http:\/\/www.edifica.com.bo"],"url":"https:\/\/www.edifica.com.bo\/?author=3"}]}},"_links":{"self":[{"href":"https:\/\/www.edifica.com.bo\/index.php?rest_route=\/wp\/v2\/posts\/782"}],"collection":[{"href":"https:\/\/www.edifica.com.bo\/index.php?rest_route=\/wp\/v2\/posts"}],"about":[{"href":"https:\/\/www.edifica.com.bo\/index.php?rest_route=\/wp\/v2\/types\/post"}],"author":[{"embeddable":true,"href":"https:\/\/www.edifica.com.bo\/index.php?rest_route=\/wp\/v2\/users\/3"}],"replies":[{"embeddable":true,"href":"https:\/\/www.edifica.com.bo\/index.php?rest_route=%2Fwp%2Fv2%2Fcomments&post=782"}],"version-history":[{"count":2,"href":"https:\/\/www.edifica.com.bo\/index.php?rest_route=\/wp\/v2\/posts\/782\/revisions"}],"predecessor-version":[{"id":786,"href":"https:\/\/www.edifica.com.bo\/index.php?rest_route=\/wp\/v2\/posts\/782\/revisions\/786"}],"wp:featuredmedia":[{"embeddable":true,"href":"https:\/\/www.edifica.com.bo\/index.php?rest_route=\/wp\/v2\/media\/784"}],"wp:attachment":[{"href":"https:\/\/www.edifica.com.bo\/index.php?rest_route=%2Fwp%2Fv2%2Fmedia&parent=782"}],"wp:term":[{"taxonomy":"category","embeddable":true,"href":"https:\/\/www.edifica.com.bo\/index.php?rest_route=%2Fwp%2Fv2%2Fcategories&post=782"},{"taxonomy":"post_tag","embeddable":true,"href":"https:\/\/www.edifica.com.bo\/index.php?rest_route=%2Fwp%2Fv2%2Ftags&post=782"}],"curies":[{"name":"wp","href":"https:\/\/api.w.org\/{rel}","templated":true}]}}