{"id":787,"date":"2021-01-06T21:47:29","date_gmt":"2021-01-06T21:47:29","guid":{"rendered":"https:\/\/www.edifica.com.bo\/?p=787"},"modified":"2021-01-06T21:47:33","modified_gmt":"2021-01-06T21:47:33","slug":"jose-luis-duran-es-momento-de-pensar-en-proyectos-metropolitanos","status":"publish","type":"post","link":"https:\/\/www.edifica.com.bo\/?p=787","title":{"rendered":"Jos\u00e9 Luis Dur\u00e1n: \u201cEs momento de pensar en proyectos metropolitanos\u201d"},"content":{"rendered":"\n<h2 class=\"wp-block-heading\">Despu\u00e9s de desempe\u00f1arse como presidente del Colegio de Arquitectos de Santa Cruz en la gesti\u00f3n 2018-2020, Jos\u00e9 Luis Dur\u00e1n fue reelecto en el cargo. En una entrevista con Edifica Press, hizo un an\u00e1lisis de la realidad que el sector de la construcci\u00f3n ha vivido en este 2020 destacando que, para un crecimiento global, es necesario tener una visi\u00f3n metropolitana.<\/h2>\n\n\n\n<p><strong>\u00bfC\u00f3mo ve la situaci\u00f3n actual del sector de la construcci\u00f3n?<\/strong><br>Si sacamos una fotograf\u00eda a diciembre de 2020, vemos que el pa\u00eds todav\u00eda est\u00e1 viviendo el shock. Por un lado, las repercusiones de la pandemia que paraliz\u00f3 al mundo entero y lo relacionado a las elecciones generales. A pesar de ello, en el Colegio de Arquitectos hemos podido notar, en la tramitaci\u00f3n de documentos, tanto de aprobaci\u00f3n como de legalizaci\u00f3n, que el ritmo no se detuvo tanto. Nos sorprendi\u00f3 ver la cantidad de obras que siguieron adelante, eso en cuanto a los tr\u00e1mites, ya que se registran todos los proyectos legales de construcci\u00f3n en la ciudad. Pero tambi\u00e9n, est\u00e1n aquellas que son ilegales, no pasan por el Municipio ni por nuestra instituci\u00f3n, no son dirigidas por profesionales, ni cumplen con las normas, esta es la asignatura pendiente que se debe regular.<br>Sin embargo, el sector tom\u00f3 impulso, principalmente los proyectos que ya ten\u00edan alg\u00fan compromiso contractual por cumplir, como sucedi\u00f3 con las personas que compraron un inmueble y que no lo hab\u00edan recibido, es ah\u00ed que las empresas se han dado maneras de concluir. Lo sorprendente es que hay nuevos proyectos que ser\u00e1n encarados el pr\u00f3ximo a\u00f1o, nos damos cuenta que la gente cree en Santa Cruz, conf\u00eda en su din\u00e1mica econ\u00f3mica porque es una ciudad que est\u00e1 en v\u00edas a convertirse en una de las m\u00e1s importantes de Latinoam\u00e9rica. Expertos internacionales hicieron estudios relacionados al crecimiento de Santa Cruz de la Sierra, desde la \u00f3ptica urban\u00edstica, vieron que la metr\u00f3polis ya est\u00e1 formada y ofrece muchas oportunidades. Creo que con un trabajo en conjunto se podr\u00e1 lograr un desarrollo din\u00e1mico.<br><strong>\u00bfConsidera que habr\u00e1 un repunte del sector para el 2021?<\/strong><br>Conf\u00edo que s\u00ed. La construcci\u00f3n tiene dos piernas que no pueden funcionar una sin la otra, es decir, si no hay inversi\u00f3n p\u00fablica, la privada tambi\u00e9n se siente disminuida y no hablo solamente de la construcci\u00f3n, sino de toda actividad. Si el Gobierno no hace carreteras no hay desarrollo agropecuario, si no hay ampliaciones en tema energ\u00e9tico, tampoco surge. En ese sentido, el Gobierno ha prometido un volumen de inversi\u00f3n p\u00fablica importante para el pa\u00eds. No dudo que Santa Cruz, no solamente, est\u00e1 preparada sino que va a exigir que esto sea una realidad para que el sector privado tambi\u00e9n avance.<br><strong>\u00bfConoce algunas de las obras p\u00fablicas o proyectos privados que hayan sufrido alg\u00fan retraso, dada la coyuntura pand\u00e9mica?<\/strong><br>Proyectos tenemos, lo preocupante fue haber estado cuatro meses parados, fue un golpe bastante fuerte, no solo para el sector sino en general. Uno de los par\u00e1metros m\u00e1s importantes en el desarrollo econ\u00f3mico es la construcci\u00f3n. Por un lado, cuando hay crisis es la primera actividad que se detiene y, cuando se empieza a producir excedente econ\u00f3mico, tambi\u00e9n es la primera en reaccionar por su f\u00e1cil organizaci\u00f3n. Ha habido obras que se han frenado, especialmente las relacionadas con obras p\u00fablicas, la integraci\u00f3n caminera con el occidente, en lo municipal algunas obras tambi\u00e9n se paralizaron. Pero lo que m\u00e1s se fren\u00f3 fue lo econ\u00f3mico, es decir, las empresas constructoras est\u00e1n con una cuenta impaga bastante grande, considero que este ser\u00e1 un aspecto que el Gobierno va a tener que tomarlo con mucha seriedad en el nivel nacional con los caminos; en el departamental con las gobernaciones y el municipal, no olvidemos que este \u00faltimo, tiene que ver con el rango de actividad diaria, engloba la salud, educaci\u00f3n, producci\u00f3n, un sinn\u00famero de cosas.<br><strong>\u00bfCu\u00e1l es la incidencia en las constructoras, especialmente aquellas que est\u00e1n trabajando en obras p\u00fablicas?<\/strong><br>Muchos arquitectos que son parte del colegio indican que hay un rezago en el pago de las obras, esto pone en riesgo a las empresas constructoras, no olvidemos que estas, en su mayor\u00eda, tienen que financiar la mano de obra, los avances y, si no hay un pago oportuno se corren muchos riesgos, pero como se dice en la cultura popular \u201cno hay deuda que no se pague, ni plazo que no se cumpla\u201d, esperamos que se retomen los pagos, porque es una inyecci\u00f3n a la base de la econom\u00eda. Un maestro alba\u00f1il, un t\u00e9cnico, cobran un salario semanal, quincenal o mensual, eso va directamente a mover la econom\u00eda, compran alimentos, pagan la educaci\u00f3n, eso hace que se entre en una din\u00e1mica que nos va a llevar a su recuperaci\u00f3n.<br><strong>Basado en su experiencia \u00bfC\u00f3mo se podr\u00eda resolver esta situaci\u00f3n, con acciones desde el mismo sector o con las pol\u00edticas de gobierno?<\/strong><br>Como dec\u00eda anteriormente, creo que hay que fomentar la inyecci\u00f3n econ\u00f3mica en la base, que el dinero llegue al pueblo, a la gente que trabaja, porque ellos lo har\u00e1n circular, van a comprar fideo, ropa, carne, entonces ese dinero va a entrar a calentar la econom\u00eda, eso se consigue generando trabajo haciendo que, a trav\u00e9s de la inversi\u00f3n p\u00fablica, se tenga un impacto directo en la actividad. Tambi\u00e9n, fomentar desde el punto de vista del Estado y, a trav\u00e9s de la banca, el desarrollo privado. Si la econom\u00eda no se moviliza con dinero en la base de la sociedad, va a ser muy dif\u00edcil salir de este problema.<br><strong>\u00bfMencione algunas grandes obras que se est\u00e9n perfilando para la gesti\u00f3n 2021-2022?<\/strong><br>Yo creo que existe un compromiso muy grande, especialmente de parte del Municipio, en dar condiciones, saneamiento y desarrollo a una serie de obras que est\u00e1n a lo largo de la trama urbana, lo cual es importante. Por ello, considero que una de las propuestas pol\u00edticas que deben tomar en cuenta los candidatos al Municipio es crear una ciudad con oportunidades de empleo, que no solo demande servicios, sino que pueda atraer inversi\u00f3n, actividad, no olvidemos que Santa Cruz es una ciudad muy atractiva para varios paises Latinoamericanos y existen quienes quieren venir a invertir por su potencialidad. Muchas de las metr\u00f3polis siempre son grandes impulsores de sus pa\u00edses, como es el caso de Buenos Aires, cuyo producto interno es el 70% de Argentina; lo mismo pasa con Santiago de Chile, Lima, San Pablo, por ello creo que Santa Cruz est\u00e1 con las alas desplegadas como para llevarse por delante el futuro, en este sentido.<br><strong>\u00bfPodr\u00eda mencionar cu\u00e1les son las obras ic\u00f3nicas para Santa Cruz en este momento?<\/strong><br>Tengo una visi\u00f3n muy particular respecto a una obra que es de vital importancia. Creo que en Santa Cruz hace falta que se construya la avenida Costanera, considero que ser\u00eda una de las grandes soluciones a nivel de colectividad, ser\u00eda un cintur\u00f3n para defender a la ciudad del r\u00edo y servir\u00eda de ruta perif\u00e9rica para distribuir mejor el tr\u00e1fico vehicular, sobre todo el que viene desde el sur, desde Argentina o los valles, que no necesariamente bajan en Santa Cruz, sino que tienen que pasar hacia el norte creando conflicto, principalmente, en el cuarto anillo. Creo que es momento de pensar en obras que superen la gesti\u00f3n Municipal y se tornen en proyectos metropolitanos. La avenida Costanera abarcar\u00eda desde La Guardia, pasando por Santa Cruz, Warnes, Porongo, resolver\u00eda el conflicto que se tiene con el tr\u00e1fico vehicular y tambi\u00e9n se pondr\u00eda atenci\u00f3n al cuidado del cord\u00f3n ecol\u00f3gico, pues mucha gente est\u00e1 talando los \u00e1rboles provocando muchos desarreglos.<br>Es probable que, como Colegio de Arquitectos, saquemos el tema a la palestra. Para el pr\u00f3ximo a\u00f1o se tiene previsto realizar un conversatorio, invitar arquitectos europeos, espa\u00f1oles, argentinos y colombianos, quienes tienen amplia experiencia en movilidad urbana, para aportar informaci\u00f3n y conocer todo respecto a la metropolizaci\u00f3n. Si bien, la Gobernaci\u00f3n es la responsable de llevar adelante este proceso, nosotros como instituci\u00f3n, con responsabilidad profesional y t\u00e9cnica, vamos a aportar en este sentido para poner las cosas m\u00e1s claras.<\/p>\n","protected":false},"excerpt":{"rendered":"<p>Despu\u00e9s de desempe\u00f1arse como presidente del Colegio de Arquitectos de Santa Cruz en la gesti\u00f3n 2018-2020, Jos\u00e9 Luis Dur\u00e1n fue reelecto en el cargo. En una entrevista con Edifica Press, hizo un an\u00e1lisis de la realidad que el sector de la construcci\u00f3n ha vivido en este 2020 destacando que, para un crecimiento global, es necesario &hellip;<\/p>\n","protected":false},"author":3,"featured_media":788,"comment_status":"open","ping_status":"open","sticky":false,"template":"","format":"standard","meta":{"footnotes":""},"categories":[5],"tags":[],"yoast_head":"<!-- This site is optimized with the Yoast SEO plugin v21.9.1 - https:\/\/yoast.com\/wordpress\/plugins\/seo\/ -->\n<title>Jos\u00e9 Luis Dur\u00e1n: \u201cEs momento de pensar en proyectos metropolitanos\u201d - Edifica Press<\/title>\n<meta name=\"robots\" content=\"index, follow, max-snippet:-1, max-image-preview:large, max-video-preview:-1\" \/>\n<link rel=\"canonical\" href=\"https:\/\/www.edifica.com.bo\/?p=787\" \/>\n<meta property=\"og:locale\" content=\"es_ES\" \/>\n<meta property=\"og:type\" content=\"article\" \/>\n<meta property=\"og:title\" content=\"Jos\u00e9 Luis Dur\u00e1n: \u201cEs momento de pensar en proyectos metropolitanos\u201d - Edifica Press\" \/>\n<meta property=\"og:description\" content=\"Despu\u00e9s de desempe\u00f1arse como presidente del Colegio de Arquitectos de Santa Cruz en la gesti\u00f3n 2018-2020, Jos\u00e9 Luis Dur\u00e1n fue reelecto en el cargo. En una entrevista con Edifica Press, hizo un an\u00e1lisis de la realidad que el sector de la construcci\u00f3n ha vivido en este 2020 destacando que, para un crecimiento global, es necesario &hellip;\" \/>\n<meta property=\"og:url\" content=\"https:\/\/www.edifica.com.bo\/?p=787\" \/>\n<meta property=\"og:site_name\" content=\"Edifica Press\" \/>\n<meta property=\"article:publisher\" content=\"https:\/\/www.facebook.com\/NegociosPressBolivia\" \/>\n<meta property=\"article:published_time\" content=\"2021-01-06T21:47:29+00:00\" \/>\n<meta property=\"article:modified_time\" content=\"2021-01-06T21:47:33+00:00\" \/>\n<meta property=\"og:image\" content=\"https:\/\/www.edifica.com.bo\/wp-content\/uploads\/2021\/01\/Jose-Luis-Duran.jpg\" \/>\n\t<meta property=\"og:image:width\" content=\"338\" \/>\n\t<meta property=\"og:image:height\" content=\"450\" \/>\n\t<meta property=\"og:image:type\" content=\"image\/jpeg\" \/>\n<meta name=\"author\" content=\"Yandira Toledo\" \/>\n<meta name=\"twitter:card\" content=\"summary_large_image\" \/>\n<meta name=\"twitter:label1\" content=\"Escrito por\" \/>\n\t<meta name=\"twitter:data1\" content=\"Yandira Toledo\" \/>\n\t<meta name=\"twitter:label2\" content=\"Tiempo de lectura\" \/>\n\t<meta name=\"twitter:data2\" content=\"7 minutos\" \/>\n<script type=\"application\/ld+json\" class=\"yoast-schema-graph\">{\"@context\":\"https:\/\/schema.org\",\"@graph\":[{\"@type\":\"Article\",\"@id\":\"https:\/\/www.edifica.com.bo\/?p=787#article\",\"isPartOf\":{\"@id\":\"https:\/\/www.edifica.com.bo\/?p=787\"},\"author\":{\"name\":\"Yandira Toledo\",\"@id\":\"https:\/\/www.edifica.com.bo\/#\/schema\/person\/115d63d49a533166b9aed20f704f4c6c\"},\"headline\":\"Jos\u00e9 Luis Dur\u00e1n: \u201cEs momento de pensar en proyectos metropolitanos\u201d\",\"datePublished\":\"2021-01-06T21:47:29+00:00\",\"dateModified\":\"2021-01-06T21:47:33+00:00\",\"mainEntityOfPage\":{\"@id\":\"https:\/\/www.edifica.com.bo\/?p=787\"},\"wordCount\":1459,\"commentCount\":0,\"publisher\":{\"@id\":\"https:\/\/www.edifica.com.bo\/#organization\"},\"articleSection\":[\"ARQUITECTURA\"],\"inLanguage\":\"es\",\"potentialAction\":[{\"@type\":\"CommentAction\",\"name\":\"Comment\",\"target\":[\"https:\/\/www.edifica.com.bo\/?p=787#respond\"]}]},{\"@type\":\"WebPage\",\"@id\":\"https:\/\/www.edifica.com.bo\/?p=787\",\"url\":\"https:\/\/www.edifica.com.bo\/?p=787\",\"name\":\"Jos\u00e9 Luis Dur\u00e1n: \u201cEs momento de pensar en proyectos metropolitanos\u201d - Edifica Press\",\"isPartOf\":{\"@id\":\"https:\/\/www.edifica.com.bo\/#website\"},\"datePublished\":\"2021-01-06T21:47:29+00:00\",\"dateModified\":\"2021-01-06T21:47:33+00:00\",\"breadcrumb\":{\"@id\":\"https:\/\/www.edifica.com.bo\/?p=787#breadcrumb\"},\"inLanguage\":\"es\",\"potentialAction\":[{\"@type\":\"ReadAction\",\"target\":[\"https:\/\/www.edifica.com.bo\/?p=787\"]}]},{\"@type\":\"BreadcrumbList\",\"@id\":\"https:\/\/www.edifica.com.bo\/?p=787#breadcrumb\",\"itemListElement\":[{\"@type\":\"ListItem\",\"position\":1,\"name\":\"Portada\",\"item\":\"https:\/\/www.edifica.com.bo\/\"},{\"@type\":\"ListItem\",\"position\":2,\"name\":\"Jos\u00e9 Luis Dur\u00e1n: \u201cEs momento de pensar en proyectos metropolitanos\u201d\"}]},{\"@type\":\"WebSite\",\"@id\":\"https:\/\/www.edifica.com.bo\/#website\",\"url\":\"https:\/\/www.edifica.com.bo\/\",\"name\":\"Edifica Press\",\"description\":\"Revista Periodistica\",\"publisher\":{\"@id\":\"https:\/\/www.edifica.com.bo\/#organization\"},\"potentialAction\":[{\"@type\":\"SearchAction\",\"target\":{\"@type\":\"EntryPoint\",\"urlTemplate\":\"https:\/\/www.edifica.com.bo\/?s={search_term_string}\"},\"query-input\":\"required name=search_term_string\"}],\"inLanguage\":\"es\"},{\"@type\":\"Organization\",\"@id\":\"https:\/\/www.edifica.com.bo\/#organization\",\"name\":\"Edifica Press\",\"url\":\"https:\/\/www.edifica.com.bo\/\",\"logo\":{\"@type\":\"ImageObject\",\"inLanguage\":\"es\",\"@id\":\"https:\/\/www.edifica.com.bo\/#\/schema\/logo\/image\/\",\"url\":\"https:\/\/www.edifica.com.bo\/wp-content\/uploads\/2022\/04\/LOGO-EDIFICAPRESS2022.jpg\",\"contentUrl\":\"https:\/\/www.edifica.com.bo\/wp-content\/uploads\/2022\/04\/LOGO-EDIFICAPRESS2022.jpg\",\"width\":1200,\"height\":200,\"caption\":\"Edifica Press\"},\"image\":{\"@id\":\"https:\/\/www.edifica.com.bo\/#\/schema\/logo\/image\/\"},\"sameAs\":[\"https:\/\/www.facebook.com\/NegociosPressBolivia\"]},{\"@type\":\"Person\",\"@id\":\"https:\/\/www.edifica.com.bo\/#\/schema\/person\/115d63d49a533166b9aed20f704f4c6c\",\"name\":\"Yandira Toledo\",\"image\":{\"@type\":\"ImageObject\",\"inLanguage\":\"es\",\"@id\":\"https:\/\/www.edifica.com.bo\/#\/schema\/person\/image\/\",\"url\":\"https:\/\/secure.gravatar.com\/avatar\/ea966cd6bbbe46cf393468ac8bc1bdcc?s=96&d=mm&r=g\",\"contentUrl\":\"https:\/\/secure.gravatar.com\/avatar\/ea966cd6bbbe46cf393468ac8bc1bdcc?s=96&d=mm&r=g\",\"caption\":\"Yandira Toledo\"},\"sameAs\":[\"http:\/\/www.edifica.com.bo\"],\"url\":\"https:\/\/www.edifica.com.bo\/?author=3\"}]}<\/script>\n<!-- \/ Yoast SEO plugin. -->","yoast_head_json":{"title":"Jos\u00e9 Luis Dur\u00e1n: \u201cEs momento de pensar en proyectos metropolitanos\u201d - Edifica Press","robots":{"index":"index","follow":"follow","max-snippet":"max-snippet:-1","max-image-preview":"max-image-preview:large","max-video-preview":"max-video-preview:-1"},"canonical":"https:\/\/www.edifica.com.bo\/?p=787","og_locale":"es_ES","og_type":"article","og_title":"Jos\u00e9 Luis Dur\u00e1n: \u201cEs momento de pensar en proyectos metropolitanos\u201d - Edifica Press","og_description":"Despu\u00e9s de desempe\u00f1arse como presidente del Colegio de Arquitectos de Santa Cruz en la gesti\u00f3n 2018-2020, Jos\u00e9 Luis Dur\u00e1n fue reelecto en el cargo. En una entrevista con Edifica Press, hizo un an\u00e1lisis de la realidad que el sector de la construcci\u00f3n ha vivido en este 2020 destacando que, para un crecimiento global, es necesario &hellip;","og_url":"https:\/\/www.edifica.com.bo\/?p=787","og_site_name":"Edifica Press","article_publisher":"https:\/\/www.facebook.com\/NegociosPressBolivia","article_published_time":"2021-01-06T21:47:29+00:00","article_modified_time":"2021-01-06T21:47:33+00:00","og_image":[{"width":338,"height":450,"url":"https:\/\/www.edifica.com.bo\/wp-content\/uploads\/2021\/01\/Jose-Luis-Duran.jpg","type":"image\/jpeg"}],"author":"Yandira Toledo","twitter_card":"summary_large_image","twitter_misc":{"Escrito por":"Yandira Toledo","Tiempo de lectura":"7 minutos"},"schema":{"@context":"https:\/\/schema.org","@graph":[{"@type":"Article","@id":"https:\/\/www.edifica.com.bo\/?p=787#article","isPartOf":{"@id":"https:\/\/www.edifica.com.bo\/?p=787"},"author":{"name":"Yandira Toledo","@id":"https:\/\/www.edifica.com.bo\/#\/schema\/person\/115d63d49a533166b9aed20f704f4c6c"},"headline":"Jos\u00e9 Luis Dur\u00e1n: \u201cEs momento de pensar en proyectos metropolitanos\u201d","datePublished":"2021-01-06T21:47:29+00:00","dateModified":"2021-01-06T21:47:33+00:00","mainEntityOfPage":{"@id":"https:\/\/www.edifica.com.bo\/?p=787"},"wordCount":1459,"commentCount":0,"publisher":{"@id":"https:\/\/www.edifica.com.bo\/#organization"},"articleSection":["ARQUITECTURA"],"inLanguage":"es","potentialAction":[{"@type":"CommentAction","name":"Comment","target":["https:\/\/www.edifica.com.bo\/?p=787#respond"]}]},{"@type":"WebPage","@id":"https:\/\/www.edifica.com.bo\/?p=787","url":"https:\/\/www.edifica.com.bo\/?p=787","name":"Jos\u00e9 Luis Dur\u00e1n: \u201cEs momento de pensar en proyectos metropolitanos\u201d - Edifica Press","isPartOf":{"@id":"https:\/\/www.edifica.com.bo\/#website"},"datePublished":"2021-01-06T21:47:29+00:00","dateModified":"2021-01-06T21:47:33+00:00","breadcrumb":{"@id":"https:\/\/www.edifica.com.bo\/?p=787#breadcrumb"},"inLanguage":"es","potentialAction":[{"@type":"ReadAction","target":["https:\/\/www.edifica.com.bo\/?p=787"]}]},{"@type":"BreadcrumbList","@id":"https:\/\/www.edifica.com.bo\/?p=787#breadcrumb","itemListElement":[{"@type":"ListItem","position":1,"name":"Portada","item":"https:\/\/www.edifica.com.bo\/"},{"@type":"ListItem","position":2,"name":"Jos\u00e9 Luis Dur\u00e1n: \u201cEs momento de pensar en proyectos metropolitanos\u201d"}]},{"@type":"WebSite","@id":"https:\/\/www.edifica.com.bo\/#website","url":"https:\/\/www.edifica.com.bo\/","name":"Edifica Press","description":"Revista Periodistica","publisher":{"@id":"https:\/\/www.edifica.com.bo\/#organization"},"potentialAction":[{"@type":"SearchAction","target":{"@type":"EntryPoint","urlTemplate":"https:\/\/www.edifica.com.bo\/?s={search_term_string}"},"query-input":"required name=search_term_string"}],"inLanguage":"es"},{"@type":"Organization","@id":"https:\/\/www.edifica.com.bo\/#organization","name":"Edifica Press","url":"https:\/\/www.edifica.com.bo\/","logo":{"@type":"ImageObject","inLanguage":"es","@id":"https:\/\/www.edifica.com.bo\/#\/schema\/logo\/image\/","url":"https:\/\/www.edifica.com.bo\/wp-content\/uploads\/2022\/04\/LOGO-EDIFICAPRESS2022.jpg","contentUrl":"https:\/\/www.edifica.com.bo\/wp-content\/uploads\/2022\/04\/LOGO-EDIFICAPRESS2022.jpg","width":1200,"height":200,"caption":"Edifica Press"},"image":{"@id":"https:\/\/www.edifica.com.bo\/#\/schema\/logo\/image\/"},"sameAs":["https:\/\/www.facebook.com\/NegociosPressBolivia"]},{"@type":"Person","@id":"https:\/\/www.edifica.com.bo\/#\/schema\/person\/115d63d49a533166b9aed20f704f4c6c","name":"Yandira Toledo","image":{"@type":"ImageObject","inLanguage":"es","@id":"https:\/\/www.edifica.com.bo\/#\/schema\/person\/image\/","url":"https:\/\/secure.gravatar.com\/avatar\/ea966cd6bbbe46cf393468ac8bc1bdcc?s=96&d=mm&r=g","contentUrl":"https:\/\/secure.gravatar.com\/avatar\/ea966cd6bbbe46cf393468ac8bc1bdcc?s=96&d=mm&r=g","caption":"Yandira Toledo"},"sameAs":["http:\/\/www.edifica.com.bo"],"url":"https:\/\/www.edifica.com.bo\/?author=3"}]}},"_links":{"self":[{"href":"https:\/\/www.edifica.com.bo\/index.php?rest_route=\/wp\/v2\/posts\/787"}],"collection":[{"href":"https:\/\/www.edifica.com.bo\/index.php?rest_route=\/wp\/v2\/posts"}],"about":[{"href":"https:\/\/www.edifica.com.bo\/index.php?rest_route=\/wp\/v2\/types\/post"}],"author":[{"embeddable":true,"href":"https:\/\/www.edifica.com.bo\/index.php?rest_route=\/wp\/v2\/users\/3"}],"replies":[{"embeddable":true,"href":"https:\/\/www.edifica.com.bo\/index.php?rest_route=%2Fwp%2Fv2%2Fcomments&post=787"}],"version-history":[{"count":1,"href":"https:\/\/www.edifica.com.bo\/index.php?rest_route=\/wp\/v2\/posts\/787\/revisions"}],"predecessor-version":[{"id":789,"href":"https:\/\/www.edifica.com.bo\/index.php?rest_route=\/wp\/v2\/posts\/787\/revisions\/789"}],"wp:featuredmedia":[{"embeddable":true,"href":"https:\/\/www.edifica.com.bo\/index.php?rest_route=\/wp\/v2\/media\/788"}],"wp:attachment":[{"href":"https:\/\/www.edifica.com.bo\/index.php?rest_route=%2Fwp%2Fv2%2Fmedia&parent=787"}],"wp:term":[{"taxonomy":"category","embeddable":true,"href":"https:\/\/www.edifica.com.bo\/index.php?rest_route=%2Fwp%2Fv2%2Fcategories&post=787"},{"taxonomy":"post_tag","embeddable":true,"href":"https:\/\/www.edifica.com.bo\/index.php?rest_route=%2Fwp%2Fv2%2Ftags&post=787"}],"curies":[{"name":"wp","href":"https:\/\/api.w.org\/{rel}","templated":true}]}}