{"id":791,"date":"2021-01-25T16:24:58","date_gmt":"2021-01-25T16:24:58","guid":{"rendered":"https:\/\/www.edifica.com.bo\/?p=791"},"modified":"2021-01-25T16:25:05","modified_gmt":"2021-01-25T16:25:05","slug":"balance-la-pandemia-dio-golpe-bajo-a-la-construccion","status":"publish","type":"post","link":"https:\/\/www.edifica.com.bo\/?p=791","title":{"rendered":"Balance: La pandemia dio golpe bajo a la construcci\u00f3n"},"content":{"rendered":"\n<h2 class=\"wp-block-heading\">La paralizaci\u00f3n total de actividades, la deuda por el pago de planillas de avance por parte de las administraciones p\u00fablicas provoc\u00f3 una iliquidez alarmante en las empresas.<\/h2>\n\n\n\n<p>Adem\u00e1s de la cuarentena estricta, las constructoras atravesaron otro problema, la deuda que todav\u00eda tienen las diferentes entidades p\u00fablicas (Gobierno Nacional, Gobernaciones y Municipios) por el pago de planillas de avance. Seg\u00fan datos emitidos por la C\u00e1mara de la Construcci\u00f3n de Santa Cruz (Cadecocruz), hasta julio de este 2020, la cifra ascend\u00eda a los 2.500 millones de bolivianos.<br>En septiembre, la C\u00e1mara Boliviana de la construcci\u00f3n (Caboco), emiti\u00f3 un comunicado oficial en el que inform\u00f3 que, de abril a julio, la poblaci\u00f3n desempleada llegaba los 200 mil trabajadores de la construcci\u00f3n afectando no solamente al desempe\u00f1o de proyectos, sino a las familias que dependen de estos ingresos. Una realidad que era muy diferente hace cuatro a\u00f1os, cuando el sector era una gran fuente de empleos.<br>\u201cLa cuarentena r\u00edgida establecida entre el 22 de marzo y el 11 de mayo, trajo como consecuencia empresas cerradas, quebradas y p\u00e9rdida de trabajo. De acuerdo a los \u00faltimos datos del Instituto Nacional de Estad\u00edstica (INE), hasta el segundo trimestre del a\u00f1o 2020, el sector present\u00f3 una ca\u00edda del Producto Interno Bruto (PIB) de -50,95%, perdi\u00f3 la mitad del valor que gener\u00f3 el 2019 en ese mismo lapso de tiempo\u201d, dijo Javier Arze Justiniano, gerente general de Cadecocruz.<br>Por su parte, Jos\u00e9 Carlos Cuellar, presidente del Colegio de Ingenieros Civiles de Santa Cruz (CIC), se\u00f1al\u00f3 que la presente gesti\u00f3n cierra con n\u00fameros negativos para el sector, \u201cel d\u00e9ficit que se viene arrastrando desde hace cuatro a\u00f1os es por la falta de inversiones, sobre todo externas, tanto en el departamento como en el pa\u00eds\u201d.<br>Seg\u00fan el \u00cdndice Global de la Actividad Econ\u00f3mica (IGAE), a octubre de 2020, muchos sectores contin\u00faan con tasas de crecimiento negativas, entre ellas la construcci\u00f3n con un &#8211; 32,06%.<\/p>\n\n\n\n<figure class=\"wp-block-image size-large\"><img loading=\"lazy\" decoding=\"async\" width=\"738\" height=\"376\" src=\"https:\/\/www.edifica.com.bo\/wp-content\/uploads\/2021\/01\/Edifica.jpg\" alt=\"\" class=\"wp-image-792\" srcset=\"https:\/\/www.edifica.com.bo\/wp-content\/uploads\/2021\/01\/Edifica.jpg 738w, https:\/\/www.edifica.com.bo\/wp-content\/uploads\/2021\/01\/Edifica-300x153.jpg 300w\" sizes=\"(max-width: 738px) 100vw, 738px\" \/><\/figure>\n\n\n\n<p>Tambi\u00e9n reflej\u00f3 que el sector se vio afectado por la reducci\u00f3n de la inversi\u00f3n p\u00fablica que, a octubre de este a\u00f1o, cay\u00f3 en 66%.Por otro lado, el crecimiento de la econom\u00eda se vio afectado principalmente por el desempe\u00f1o adverso del sector minero (-1,54 puntos porcentuales), construcci\u00f3n (-1,13 p.p.) y la industria manufacturera (-1,92 p.p.).<\/p>\n\n\n\n<p><strong>Los efectos de la pandemia<\/strong><br>Seg\u00fan datos de la Encuesta Continua de Empleo (ECE) del INE, hasta el 30 de junio de 2020, se hab\u00edan perdido el 17,2% de empleos del sector, en las \u00e1reas urbanas del pa\u00eds, porcentaje que representa a 60.000 trabajadores que quedaron cesantes.<br>Para Cadecocruz, las secuelas de la emergencia sanitara fueron la paralizaci\u00f3n total de actividades que detuvo el desarrollo del avance de obras y proyectos. La ca\u00edda de las recaudaciones de ingresos fiscales, que dio como resultado una recesi\u00f3n econ\u00f3mica que debilit\u00f3 la ejecuci\u00f3n de la inversi\u00f3n p\u00fablica, que gener\u00f3 una deuda con las empresas constructoras por planillas de avance de obra impaga.<\/p>\n\n\n\n<figure class=\"wp-block-image size-large\"><img loading=\"lazy\" decoding=\"async\" width=\"885\" height=\"427\" src=\"https:\/\/www.edifica.com.bo\/wp-content\/uploads\/2021\/01\/Edifica-2.jpg\" alt=\"\" class=\"wp-image-793\" srcset=\"https:\/\/www.edifica.com.bo\/wp-content\/uploads\/2021\/01\/Edifica-2.jpg 885w, https:\/\/www.edifica.com.bo\/wp-content\/uploads\/2021\/01\/Edifica-2-300x145.jpg 300w, https:\/\/www.edifica.com.bo\/wp-content\/uploads\/2021\/01\/Edifica-2-768x371.jpg 768w\" sizes=\"(max-width: 885px) 100vw, 885px\" \/><\/figure>\n\n\n\n<p>\u201cDe acuerdo a la \u00faltima informaci\u00f3n disponible, la deuda bordea los Bs. 2.000 millones, lo que provoc\u00f3 (hasta el 30 de junio de 2020) una ca\u00edda de la actividad a la mitad de lo que se hab\u00eda hecho en el a\u00f1o 2019\u201d, dijo Arze.<br>Cuellar indic\u00f3 que posterior al confinamiento, el proceso de reactivaci\u00f3n de las actividades se dio de manera progresiva y agreg\u00f3 que \u201cen este a\u00f1o, los municipios han otorgado permisos de construcci\u00f3n por debajo del 50% en relaci\u00f3n con otras gestiones. Asimismo, el consumo del cemento en este 2020 ha sido el m\u00e1s bajo registrado, tal vez en los \u00faltimos diez a\u00f1os\u201d.<br>Pero todav\u00eda no se han resuelto los problemas por los que atraviesa el sector. Persiste un d\u00e9ficit en la estabilidad financiera de varias empresas, porque las instituciones p\u00fablicas no han cancelado todas las deudas con las empresas constructoras.<\/p>\n\n\n\n<p>La reactivaci\u00f3n<br>Mediante un comunicado oficial publicado en su sitio web, la Caboco propuso al Gobierno algunas soluciones relacionadas con el cumplimiento de obligaciones tanto con el Sistema Financiero como Tributario, la suspensi\u00f3n temporal de las demandas del proceso coactivo social por parte de las AFP\u00b4s y cajas de salud.<br>De igual manera, solicitaron que los empresarios puedan sustituir garant\u00edas, se agilicen los procedimientos para acceder a cr\u00e9ditos y eviten las acciones de cobranza judicial por parte de la Entidad de Intermediaci\u00f3n Financiera. Adem\u00e1s de establecer una Ley de Regularizaci\u00f3n Tributaria que prevea la condonaci\u00f3n total de las deudas tributarias y multas existentes.<br>Por su parte, Arze explic\u00f3 que Cadecocruz plante\u00f3 ciertos puntos que ayudar\u00e1n al repunte constructor. Se\u00f1al\u00f3 que es importante que la inversi\u00f3n p\u00fablica inicie nuevos proyectos y obras, para reactivar la actividad y generar empleos. Se debe garantizar la salud financiera del sector, lo cual ser\u00e1 posible con la cancelaci\u00f3n de las deudas de las instituciones p\u00fablicas por concepto de planillas de avance de obra impagas, de este modo habr\u00e1 mayor liquidez y convertir la planilla de avance de obra en t\u00edtulo valor, que sea transable en el sistema financiero nacional.<br>Cuellar afirm\u00f3 que a\u00fan existe un d\u00e9ficit en la estabilidad financiera de varias empresas, por ello se deben poner en marcha programas nacionales para incentivar la inversi\u00f3n productiva y crear nuevas fuentes de trabajo. Asimismo se debe propiciar la llegada de inversiones externas, esto ser\u00e1 posible si el Estado genera garant\u00edas constitucionales.<br>\u201cNecesitamos programas de Inversi\u00f3n P\u00fablica que coadyuven a la reactivaci\u00f3n de nuevas obras generando empleos y ayudar a quienes fueron afectados por los despidos debido al ajuste de planilla pr\u00e1cticamente obligatorio que sucedi\u00f3 empresas privadas\u201d, puntualiz\u00f3 el titular del CIC.<\/p>\n\n\n\n<p>Para el 2021<br>El pr\u00f3ximo a\u00f1o a\u00fan se muestra incierto pero se espera el cumplimiento de las previsiones del Presupuesto General del Estado (PGE), planteado por el Ministerio de Econom\u00eda y Finanzas P\u00fablicas, de este modo el PIB nacional crecer\u00eda en 4,8% y la inversi\u00f3n p\u00fablica ejecutada llegar\u00eda a 3.953 millones de d\u00f3lares, con este panorama, Arze finaliz\u00f3 con una cifra muy baja, ya que indic\u00f3 que la construcci\u00f3n podr\u00eda crecer solo 1,62%.<\/p>\n","protected":false},"excerpt":{"rendered":"<p>La paralizaci\u00f3n total de actividades, la deuda por el pago de planillas de avance por parte de las administraciones p\u00fablicas provoc\u00f3 una iliquidez alarmante en las empresas. Adem\u00e1s de la cuarentena estricta, las constructoras atravesaron otro problema, la deuda que todav\u00eda tienen las diferentes entidades p\u00fablicas (Gobierno Nacional, Gobernaciones y Municipios) por el pago de &hellip;<\/p>\n","protected":false},"author":3,"featured_media":474,"comment_status":"open","ping_status":"open","sticky":false,"template":"","format":"standard","meta":{"footnotes":""},"categories":[3],"tags":[],"yoast_head":"<!-- This site is optimized with the Yoast SEO plugin v21.9.1 - https:\/\/yoast.com\/wordpress\/plugins\/seo\/ -->\n<title>Balance: La pandemia dio golpe bajo a la construcci\u00f3n - Edifica Press<\/title>\n<meta name=\"robots\" content=\"index, follow, max-snippet:-1, max-image-preview:large, max-video-preview:-1\" \/>\n<link rel=\"canonical\" href=\"https:\/\/www.edifica.com.bo\/?p=791\" \/>\n<meta property=\"og:locale\" content=\"es_ES\" \/>\n<meta property=\"og:type\" content=\"article\" \/>\n<meta property=\"og:title\" content=\"Balance: La pandemia dio golpe bajo a la construcci\u00f3n - Edifica Press\" \/>\n<meta property=\"og:description\" content=\"La paralizaci\u00f3n total de actividades, la deuda por el pago de planillas de avance por parte de las administraciones p\u00fablicas provoc\u00f3 una iliquidez alarmante en las empresas. Adem\u00e1s de la cuarentena estricta, las constructoras atravesaron otro problema, la deuda que todav\u00eda tienen las diferentes entidades p\u00fablicas (Gobierno Nacional, Gobernaciones y Municipios) por el pago de &hellip;\" \/>\n<meta property=\"og:url\" content=\"https:\/\/www.edifica.com.bo\/?p=791\" \/>\n<meta property=\"og:site_name\" content=\"Edifica Press\" \/>\n<meta property=\"article:publisher\" content=\"https:\/\/www.facebook.com\/NegociosPressBolivia\" \/>\n<meta property=\"article:published_time\" content=\"2021-01-25T16:24:58+00:00\" \/>\n<meta property=\"article:modified_time\" content=\"2021-01-25T16:25:05+00:00\" \/>\n<meta property=\"og:image\" content=\"https:\/\/www.edifica.com.bo\/wp-content\/uploads\/2019\/03\/yucumo.jpg\" \/>\n\t<meta property=\"og:image:width\" content=\"300\" \/>\n\t<meta property=\"og:image:height\" content=\"247\" \/>\n\t<meta property=\"og:image:type\" content=\"image\/jpeg\" \/>\n<meta name=\"author\" content=\"Yandira Toledo\" \/>\n<meta name=\"twitter:card\" content=\"summary_large_image\" \/>\n<meta name=\"twitter:label1\" content=\"Escrito por\" \/>\n\t<meta name=\"twitter:data1\" content=\"Yandira Toledo\" \/>\n\t<meta name=\"twitter:label2\" content=\"Tiempo de lectura\" \/>\n\t<meta name=\"twitter:data2\" content=\"5 minutos\" \/>\n<script type=\"application\/ld+json\" class=\"yoast-schema-graph\">{\"@context\":\"https:\/\/schema.org\",\"@graph\":[{\"@type\":\"Article\",\"@id\":\"https:\/\/www.edifica.com.bo\/?p=791#article\",\"isPartOf\":{\"@id\":\"https:\/\/www.edifica.com.bo\/?p=791\"},\"author\":{\"name\":\"Yandira Toledo\",\"@id\":\"https:\/\/www.edifica.com.bo\/#\/schema\/person\/115d63d49a533166b9aed20f704f4c6c\"},\"headline\":\"Balance: La pandemia dio golpe bajo a la construcci\u00f3n\",\"datePublished\":\"2021-01-25T16:24:58+00:00\",\"dateModified\":\"2021-01-25T16:25:05+00:00\",\"mainEntityOfPage\":{\"@id\":\"https:\/\/www.edifica.com.bo\/?p=791\"},\"wordCount\":1064,\"commentCount\":0,\"publisher\":{\"@id\":\"https:\/\/www.edifica.com.bo\/#organization\"},\"articleSection\":[\"CONSTRUCCI\u00d3N\"],\"inLanguage\":\"es\",\"potentialAction\":[{\"@type\":\"CommentAction\",\"name\":\"Comment\",\"target\":[\"https:\/\/www.edifica.com.bo\/?p=791#respond\"]}]},{\"@type\":\"WebPage\",\"@id\":\"https:\/\/www.edifica.com.bo\/?p=791\",\"url\":\"https:\/\/www.edifica.com.bo\/?p=791\",\"name\":\"Balance: La pandemia dio golpe bajo a la construcci\u00f3n - Edifica Press\",\"isPartOf\":{\"@id\":\"https:\/\/www.edifica.com.bo\/#website\"},\"datePublished\":\"2021-01-25T16:24:58+00:00\",\"dateModified\":\"2021-01-25T16:25:05+00:00\",\"breadcrumb\":{\"@id\":\"https:\/\/www.edifica.com.bo\/?p=791#breadcrumb\"},\"inLanguage\":\"es\",\"potentialAction\":[{\"@type\":\"ReadAction\",\"target\":[\"https:\/\/www.edifica.com.bo\/?p=791\"]}]},{\"@type\":\"BreadcrumbList\",\"@id\":\"https:\/\/www.edifica.com.bo\/?p=791#breadcrumb\",\"itemListElement\":[{\"@type\":\"ListItem\",\"position\":1,\"name\":\"Portada\",\"item\":\"https:\/\/www.edifica.com.bo\/\"},{\"@type\":\"ListItem\",\"position\":2,\"name\":\"Balance: La pandemia dio golpe bajo a la construcci\u00f3n\"}]},{\"@type\":\"WebSite\",\"@id\":\"https:\/\/www.edifica.com.bo\/#website\",\"url\":\"https:\/\/www.edifica.com.bo\/\",\"name\":\"Edifica Press\",\"description\":\"Revista Periodistica\",\"publisher\":{\"@id\":\"https:\/\/www.edifica.com.bo\/#organization\"},\"potentialAction\":[{\"@type\":\"SearchAction\",\"target\":{\"@type\":\"EntryPoint\",\"urlTemplate\":\"https:\/\/www.edifica.com.bo\/?s={search_term_string}\"},\"query-input\":\"required name=search_term_string\"}],\"inLanguage\":\"es\"},{\"@type\":\"Organization\",\"@id\":\"https:\/\/www.edifica.com.bo\/#organization\",\"name\":\"Edifica Press\",\"url\":\"https:\/\/www.edifica.com.bo\/\",\"logo\":{\"@type\":\"ImageObject\",\"inLanguage\":\"es\",\"@id\":\"https:\/\/www.edifica.com.bo\/#\/schema\/logo\/image\/\",\"url\":\"https:\/\/www.edifica.com.bo\/wp-content\/uploads\/2022\/04\/LOGO-EDIFICAPRESS2022.jpg\",\"contentUrl\":\"https:\/\/www.edifica.com.bo\/wp-content\/uploads\/2022\/04\/LOGO-EDIFICAPRESS2022.jpg\",\"width\":1200,\"height\":200,\"caption\":\"Edifica Press\"},\"image\":{\"@id\":\"https:\/\/www.edifica.com.bo\/#\/schema\/logo\/image\/\"},\"sameAs\":[\"https:\/\/www.facebook.com\/NegociosPressBolivia\"]},{\"@type\":\"Person\",\"@id\":\"https:\/\/www.edifica.com.bo\/#\/schema\/person\/115d63d49a533166b9aed20f704f4c6c\",\"name\":\"Yandira Toledo\",\"image\":{\"@type\":\"ImageObject\",\"inLanguage\":\"es\",\"@id\":\"https:\/\/www.edifica.com.bo\/#\/schema\/person\/image\/\",\"url\":\"https:\/\/secure.gravatar.com\/avatar\/ea966cd6bbbe46cf393468ac8bc1bdcc?s=96&d=mm&r=g\",\"contentUrl\":\"https:\/\/secure.gravatar.com\/avatar\/ea966cd6bbbe46cf393468ac8bc1bdcc?s=96&d=mm&r=g\",\"caption\":\"Yandira Toledo\"},\"sameAs\":[\"http:\/\/www.edifica.com.bo\"],\"url\":\"https:\/\/www.edifica.com.bo\/?author=3\"}]}<\/script>\n<!-- \/ Yoast SEO plugin. -->","yoast_head_json":{"title":"Balance: La pandemia dio golpe bajo a la construcci\u00f3n - Edifica Press","robots":{"index":"index","follow":"follow","max-snippet":"max-snippet:-1","max-image-preview":"max-image-preview:large","max-video-preview":"max-video-preview:-1"},"canonical":"https:\/\/www.edifica.com.bo\/?p=791","og_locale":"es_ES","og_type":"article","og_title":"Balance: La pandemia dio golpe bajo a la construcci\u00f3n - Edifica Press","og_description":"La paralizaci\u00f3n total de actividades, la deuda por el pago de planillas de avance por parte de las administraciones p\u00fablicas provoc\u00f3 una iliquidez alarmante en las empresas. Adem\u00e1s de la cuarentena estricta, las constructoras atravesaron otro problema, la deuda que todav\u00eda tienen las diferentes entidades p\u00fablicas (Gobierno Nacional, Gobernaciones y Municipios) por el pago de &hellip;","og_url":"https:\/\/www.edifica.com.bo\/?p=791","og_site_name":"Edifica Press","article_publisher":"https:\/\/www.facebook.com\/NegociosPressBolivia","article_published_time":"2021-01-25T16:24:58+00:00","article_modified_time":"2021-01-25T16:25:05+00:00","og_image":[{"width":300,"height":247,"url":"https:\/\/www.edifica.com.bo\/wp-content\/uploads\/2019\/03\/yucumo.jpg","type":"image\/jpeg"}],"author":"Yandira Toledo","twitter_card":"summary_large_image","twitter_misc":{"Escrito por":"Yandira Toledo","Tiempo de lectura":"5 minutos"},"schema":{"@context":"https:\/\/schema.org","@graph":[{"@type":"Article","@id":"https:\/\/www.edifica.com.bo\/?p=791#article","isPartOf":{"@id":"https:\/\/www.edifica.com.bo\/?p=791"},"author":{"name":"Yandira Toledo","@id":"https:\/\/www.edifica.com.bo\/#\/schema\/person\/115d63d49a533166b9aed20f704f4c6c"},"headline":"Balance: La pandemia dio golpe bajo a la construcci\u00f3n","datePublished":"2021-01-25T16:24:58+00:00","dateModified":"2021-01-25T16:25:05+00:00","mainEntityOfPage":{"@id":"https:\/\/www.edifica.com.bo\/?p=791"},"wordCount":1064,"commentCount":0,"publisher":{"@id":"https:\/\/www.edifica.com.bo\/#organization"},"articleSection":["CONSTRUCCI\u00d3N"],"inLanguage":"es","potentialAction":[{"@type":"CommentAction","name":"Comment","target":["https:\/\/www.edifica.com.bo\/?p=791#respond"]}]},{"@type":"WebPage","@id":"https:\/\/www.edifica.com.bo\/?p=791","url":"https:\/\/www.edifica.com.bo\/?p=791","name":"Balance: La pandemia dio golpe bajo a la construcci\u00f3n - Edifica Press","isPartOf":{"@id":"https:\/\/www.edifica.com.bo\/#website"},"datePublished":"2021-01-25T16:24:58+00:00","dateModified":"2021-01-25T16:25:05+00:00","breadcrumb":{"@id":"https:\/\/www.edifica.com.bo\/?p=791#breadcrumb"},"inLanguage":"es","potentialAction":[{"@type":"ReadAction","target":["https:\/\/www.edifica.com.bo\/?p=791"]}]},{"@type":"BreadcrumbList","@id":"https:\/\/www.edifica.com.bo\/?p=791#breadcrumb","itemListElement":[{"@type":"ListItem","position":1,"name":"Portada","item":"https:\/\/www.edifica.com.bo\/"},{"@type":"ListItem","position":2,"name":"Balance: La pandemia dio golpe bajo a la construcci\u00f3n"}]},{"@type":"WebSite","@id":"https:\/\/www.edifica.com.bo\/#website","url":"https:\/\/www.edifica.com.bo\/","name":"Edifica Press","description":"Revista Periodistica","publisher":{"@id":"https:\/\/www.edifica.com.bo\/#organization"},"potentialAction":[{"@type":"SearchAction","target":{"@type":"EntryPoint","urlTemplate":"https:\/\/www.edifica.com.bo\/?s={search_term_string}"},"query-input":"required name=search_term_string"}],"inLanguage":"es"},{"@type":"Organization","@id":"https:\/\/www.edifica.com.bo\/#organization","name":"Edifica Press","url":"https:\/\/www.edifica.com.bo\/","logo":{"@type":"ImageObject","inLanguage":"es","@id":"https:\/\/www.edifica.com.bo\/#\/schema\/logo\/image\/","url":"https:\/\/www.edifica.com.bo\/wp-content\/uploads\/2022\/04\/LOGO-EDIFICAPRESS2022.jpg","contentUrl":"https:\/\/www.edifica.com.bo\/wp-content\/uploads\/2022\/04\/LOGO-EDIFICAPRESS2022.jpg","width":1200,"height":200,"caption":"Edifica Press"},"image":{"@id":"https:\/\/www.edifica.com.bo\/#\/schema\/logo\/image\/"},"sameAs":["https:\/\/www.facebook.com\/NegociosPressBolivia"]},{"@type":"Person","@id":"https:\/\/www.edifica.com.bo\/#\/schema\/person\/115d63d49a533166b9aed20f704f4c6c","name":"Yandira Toledo","image":{"@type":"ImageObject","inLanguage":"es","@id":"https:\/\/www.edifica.com.bo\/#\/schema\/person\/image\/","url":"https:\/\/secure.gravatar.com\/avatar\/ea966cd6bbbe46cf393468ac8bc1bdcc?s=96&d=mm&r=g","contentUrl":"https:\/\/secure.gravatar.com\/avatar\/ea966cd6bbbe46cf393468ac8bc1bdcc?s=96&d=mm&r=g","caption":"Yandira Toledo"},"sameAs":["http:\/\/www.edifica.com.bo"],"url":"https:\/\/www.edifica.com.bo\/?author=3"}]}},"_links":{"self":[{"href":"https:\/\/www.edifica.com.bo\/index.php?rest_route=\/wp\/v2\/posts\/791"}],"collection":[{"href":"https:\/\/www.edifica.com.bo\/index.php?rest_route=\/wp\/v2\/posts"}],"about":[{"href":"https:\/\/www.edifica.com.bo\/index.php?rest_route=\/wp\/v2\/types\/post"}],"author":[{"embeddable":true,"href":"https:\/\/www.edifica.com.bo\/index.php?rest_route=\/wp\/v2\/users\/3"}],"replies":[{"embeddable":true,"href":"https:\/\/www.edifica.com.bo\/index.php?rest_route=%2Fwp%2Fv2%2Fcomments&post=791"}],"version-history":[{"count":1,"href":"https:\/\/www.edifica.com.bo\/index.php?rest_route=\/wp\/v2\/posts\/791\/revisions"}],"predecessor-version":[{"id":795,"href":"https:\/\/www.edifica.com.bo\/index.php?rest_route=\/wp\/v2\/posts\/791\/revisions\/795"}],"wp:featuredmedia":[{"embeddable":true,"href":"https:\/\/www.edifica.com.bo\/index.php?rest_route=\/wp\/v2\/media\/474"}],"wp:attachment":[{"href":"https:\/\/www.edifica.com.bo\/index.php?rest_route=%2Fwp%2Fv2%2Fmedia&parent=791"}],"wp:term":[{"taxonomy":"category","embeddable":true,"href":"https:\/\/www.edifica.com.bo\/index.php?rest_route=%2Fwp%2Fv2%2Fcategories&post=791"},{"taxonomy":"post_tag","embeddable":true,"href":"https:\/\/www.edifica.com.bo\/index.php?rest_route=%2Fwp%2Fv2%2Ftags&post=791"}],"curies":[{"name":"wp","href":"https:\/\/api.w.org\/{rel}","templated":true}]}}